{"id":5770,"date":"2018-06-26T16:27:58","date_gmt":"2018-06-26T19:27:58","guid":{"rendered":"http:\/\/newsinfoco.com.br\/?p=5770"},"modified":"2018-06-26T16:27:58","modified_gmt":"2018-06-26T19:27:58","slug":"corrida-2-de-julho-em-data-comemorativa-de-emancipacao-da-cidade-prefeitura-promove-evento-esportivo-tradicional-em-alagoinhas","status":"publish","type":"post","link":"https:\/\/newsinfoco.com.br\/inicio\/corrida-2-de-julho-em-data-comemorativa-de-emancipacao-da-cidade-prefeitura-promove-evento-esportivo-tradicional-em-alagoinhas\/","title":{"rendered":"Corrida 2 de Julho: em data comemorativa de emancipa\u00e7\u00e3o da cidade, Prefeitura promove evento esportivo tradicional em Alagoinhas"},"content":{"rendered":"<p style=\"text-align: justify;\"><span style=\"color: #000000;\">Em comemora\u00e7\u00e3o ao anivers\u00e1rio da cidade, a Prefeitura de Alagoinhas, atrav\u00e9s da Secretaria Municipal de Cultura, Esporte e Turismo (SECET), promove, no dia 2 de julho, uma corrida r\u00fastica no munic\u00edpio.<\/span><\/p>\n<p style=\"text-align: justify;\"><span style=\"color: #000000;\">A largada est\u00e1 prevista para Alagoinhas Velha, ponto hist\u00f3rico de onde se originou a cidade, na localidade um dia chamada Vila de Santo Ant\u00f4nio d\u00b4Alagoinhas, e tem como objetivo n\u00e3o apenas fomentar atividades esportivas, mas reativar um dos eventos esportivos tradicionais da cidade.<\/span><\/p><div class=\"newsi-conteudo_19\" id=\"newsi-2414408272\"><a href=\"https:\/\/www.instagram.com\/prefeituraalagoinhas?igsh=YzgzdDJ1bWR3aWI4\" aria-label=\"SAVE_20251006_221555\"><img loading=\"lazy\" decoding=\"async\" src=\"https:\/\/newsinfoco.com.br\/inicio\/wp-content\/uploads\/2025\/10\/SAVE_20251006_221555-rotated.jpg\" alt=\"\"  srcset=\"https:\/\/newsinfoco.com.br\/inicio\/wp-content\/uploads\/2025\/10\/SAVE_20251006_221555-rotated.jpg 1140w, https:\/\/newsinfoco.com.br\/inicio\/wp-content\/uploads\/2025\/10\/SAVE_20251006_221555-300x52.jpg 300w, https:\/\/newsinfoco.com.br\/inicio\/wp-content\/uploads\/2025\/10\/SAVE_20251006_221555-1024x177.jpg 1024w, https:\/\/newsinfoco.com.br\/inicio\/wp-content\/uploads\/2025\/10\/SAVE_20251006_221555-768x133.jpg 768w, https:\/\/newsinfoco.com.br\/inicio\/wp-content\/uploads\/2025\/10\/SAVE_20251006_221555-600x104.jpg 600w, https:\/\/newsinfoco.com.br\/inicio\/wp-content\/uploads\/2025\/10\/SAVE_20251006_221555-696x120.jpg 696w, https:\/\/newsinfoco.com.br\/inicio\/wp-content\/uploads\/2025\/10\/SAVE_20251006_221555-1068x185.jpg 1068w\" sizes=\"(max-width: 1140px) 100vw, 1140px\" width=\"1140\" height=\"197\"   \/><\/a><\/div>\n<p style=\"text-align: justify;\"><span style=\"color: #000000;\">\u201cA Corrida 2 de Julho ser\u00e1 uma prova de corrida de rua e a Prefeitura ter\u00e1 a oportunidade de resgatar uma tradi\u00e7\u00e3o que permanecia esquecida pelas gest\u00f5es anteriores. O percurso ser\u00e1 realizado pelos principais pontos tur\u00edsticos e hist\u00f3ricos da cidade justamente em sua data comemorativa de emancipa\u00e7\u00e3o pol\u00edtica municipal. Com uma organiza\u00e7\u00e3o profissional comprometida, a SECET retoma essa competi\u00e7\u00e3o que estar\u00e1 \u00e0 altura da grandiosidade e import\u00e2ncia do munic\u00edpio nos segmentos de esporte e lazer\u201d, pontuou o diretor de esportes da secretaria, Luiz Carlos Ornelas, o \u201cBar\u00e3o\u201d.<\/span><\/p>\n<p style=\"text-align: justify;\"><span style=\"color: #000000;\">No total, ser\u00e3o 2 percursos: de 5km e de 9,5km, e os interessados devem fazer a inscri\u00e7\u00e3o at\u00e9 quinta-feira (28) pelo site\u00a0<a style=\"color: #000000;\" href=\"http:\/\/secet.alagoinhas.ba.gov.br\/\">http:\/\/secet.alagoinhas.ba.gov.br<\/a>.<\/span><\/p>\n<p style=\"text-align: justify;\"><span style=\"color: #000000;\">Para efetivar a inscri\u00e7\u00e3o, \u00e9 necess\u00e1rio realizar a entrega de 2kg de alimentos n\u00e3o-perec\u00edveis na sede da Secretaria de Cultura, Esporte e Turismo, que fica na Pra\u00e7a Ruy Barbosa, centro da cidade. O evento ser\u00e1 realizado na segunda-feira (2), das 7h \u00e0s 11h.<\/span><\/p>\n<p style=\"text-align: justify;\"><span style=\"color: #000000;\"><strong>Servi\u00e7o<\/strong><\/span><br \/>\n<span style=\"color: #000000;\">Corrida 2 de Julho<\/span><br \/>\n<span style=\"color: #000000;\">Contato para informa\u00e7\u00f5es:<\/span><br \/>\n<span style=\"color: #000000;\">(75) 99987-9707 ou (75) 99861-5700<\/span><\/p>\n<h6 style=\"text-align: right;\"><span style=\"color: #999999;\">Fonte: SECOM SECET Prefeitura<\/span><\/h6>\n<div class='share-to-whatsapp-wrapper'><div class='share-on-whsp'>Share on: <\/div><a data-text='Corrida 2 de Julho: em data comemorativa de emancipa\u00e7\u00e3o da cidade, Prefeitura promove evento esportivo tradicional em Alagoinhas' data-link='https:\/\/newsinfoco.com.br\/inicio\/corrida-2-de-julho-em-data-comemorativa-de-emancipacao-da-cidade-prefeitura-promove-evento-esportivo-tradicional-em-alagoinhas\/' class='whatsapp-button whatsapp-share'>WhatsApp<\/a><div class='clear '><\/div><\/div>","protected":false},"excerpt":{"rendered":"<p>Em comemora\u00e7\u00e3o ao anivers\u00e1rio da cidade, a Prefeitura de Alagoinhas, atrav\u00e9s da Secretaria Municipal de Cultura, Esporte e Turismo (SECET), promove, no dia 2 de julho, uma corrida r\u00fastica no munic\u00edpio. A largada est\u00e1 prevista para Alagoinhas Velha, ponto hist\u00f3rico de onde se originou a cidade, na localidade um dia chamada Vila de Santo Ant\u00f4nio [&hellip;]<\/p>\n","protected":false},"author":1,"featured_media":5771,"comment_status":"open","ping_status":"open","sticky":false,"template":"","format":"standard","meta":{"om_disable_all_campaigns":false,"_exactmetrics_skip_tracking":false,"_exactmetrics_sitenote_active":false,"_exactmetrics_sitenote_note":"","_exactmetrics_sitenote_category":0,"footnotes":""},"categories":[38,30],"tags":[53,54,121],"class_list":["post-5770","post","type-post","status-publish","format-standard","has-post-thumbnail","hentry","category-alagoinhas-e-regiao","category-destaque","tag-alagoinhas","tag-prefeitura","tag-secom-secet"],"aioseo_notices":[],"_links":{"self":[{"href":"https:\/\/newsinfoco.com.br\/inicio\/wp-json\/wp\/v2\/posts\/5770","targetHints":{"allow":["GET"]}}],"collection":[{"href":"https:\/\/newsinfoco.com.br\/inicio\/wp-json\/wp\/v2\/posts"}],"about":[{"href":"https:\/\/newsinfoco.com.br\/inicio\/wp-json\/wp\/v2\/types\/post"}],"author":[{"embeddable":true,"href":"https:\/\/newsinfoco.com.br\/inicio\/wp-json\/wp\/v2\/users\/1"}],"replies":[{"embeddable":true,"href":"https:\/\/newsinfoco.com.br\/inicio\/wp-json\/wp\/v2\/comments?post=5770"}],"version-history":[{"count":0,"href":"https:\/\/newsinfoco.com.br\/inicio\/wp-json\/wp\/v2\/posts\/5770\/revisions"}],"wp:featuredmedia":[{"embeddable":true,"href":"https:\/\/newsinfoco.com.br\/inicio\/wp-json\/wp\/v2\/media\/5771"}],"wp:attachment":[{"href":"https:\/\/newsinfoco.com.br\/inicio\/wp-json\/wp\/v2\/media?parent=5770"}],"wp:term":[{"taxonomy":"category","embeddable":true,"href":"https:\/\/newsinfoco.com.br\/inicio\/wp-json\/wp\/v2\/categories?post=5770"},{"taxonomy":"post_tag","embeddable":true,"href":"https:\/\/newsinfoco.com.br\/inicio\/wp-json\/wp\/v2\/tags?post=5770"}],"curies":[{"name":"wp","href":"https:\/\/api.w.org\/{rel}","templated":true}]}}