{"id":5773,"date":"2018-06-26T16:33:09","date_gmt":"2018-06-26T19:33:09","guid":{"rendered":"http:\/\/newsinfoco.com.br\/?p=5773"},"modified":"2018-06-26T16:33:09","modified_gmt":"2018-06-26T19:33:09","slug":"cobertura-ao-vivo-do-sao-joao-de-alagoinhas-nas-redes-sociais-atinge-quase-200-mil-pessoas","status":"publish","type":"post","link":"https:\/\/newsinfoco.com.br\/inicio\/cobertura-ao-vivo-do-sao-joao-de-alagoinhas-nas-redes-sociais-atinge-quase-200-mil-pessoas\/","title":{"rendered":"Cobertura ao vivo do S\u00e3o Jo\u00e3o de Alagoinhas nas redes sociais atinge quase 200 mil pessoas"},"content":{"rendered":"<p style=\"text-align: justify;\"><span style=\"color: #000000;\">O S\u00e3o Jo\u00e3o de Alagoinhas foi sucesso de p\u00fablico na Avenida Joseph Wagner e tamb\u00e9m na internet. Os tr\u00eas dias de festa foram transmitidos ao vivo no Facebook da Prefeitura de Alagoinhas, com shows completos de todos os artistas e flashs nos bastidores com entrevistas. A inova\u00e7\u00e3o na cobertura deste ano, realizada pela equipe da Secretaria Municipal de Comunica\u00e7\u00e3o (SECOM), possibilitou levar a mais nova tradi\u00e7\u00e3o da Bahia para os smartphones e computadores alcan\u00e7ando 192.049 mil visualiza\u00e7\u00f5es, no total.<\/span><\/p>\n<p style=\"text-align: justify;\"><span style=\"color: #000000;\">Foram mais de 24 horas ao vivo, entre transmiss\u00e3o das apresenta\u00e7\u00f5es no palco e bastidores com os cantores. A estrutura foi montada em parceria com a Secretaria Municipal de Administra\u00e7\u00e3o, por meio da Diretoria de Tecnologia e Inform\u00e1tica (DTI), que viabilizou conex\u00e3o de qualidade com 50 megas para garantir que as pessoas que aproveitaram a festa em casa pudessem acompanhar tudo sem interrup\u00e7\u00f5es.<\/span><\/p><div class=\"newsi-conteudo_19\" id=\"newsi-2035366879\"><a href=\"https:\/\/www.instagram.com\/prefeituraalagoinhas?igsh=YzgzdDJ1bWR3aWI4\" aria-label=\"SAVE_20251006_221555\"><img loading=\"lazy\" decoding=\"async\" src=\"https:\/\/newsinfoco.com.br\/inicio\/wp-content\/uploads\/2025\/10\/SAVE_20251006_221555-rotated.jpg\" alt=\"\"  srcset=\"https:\/\/newsinfoco.com.br\/inicio\/wp-content\/uploads\/2025\/10\/SAVE_20251006_221555-rotated.jpg 1140w, https:\/\/newsinfoco.com.br\/inicio\/wp-content\/uploads\/2025\/10\/SAVE_20251006_221555-300x52.jpg 300w, https:\/\/newsinfoco.com.br\/inicio\/wp-content\/uploads\/2025\/10\/SAVE_20251006_221555-1024x177.jpg 1024w, https:\/\/newsinfoco.com.br\/inicio\/wp-content\/uploads\/2025\/10\/SAVE_20251006_221555-768x133.jpg 768w, https:\/\/newsinfoco.com.br\/inicio\/wp-content\/uploads\/2025\/10\/SAVE_20251006_221555-600x104.jpg 600w, https:\/\/newsinfoco.com.br\/inicio\/wp-content\/uploads\/2025\/10\/SAVE_20251006_221555-696x120.jpg 696w, https:\/\/newsinfoco.com.br\/inicio\/wp-content\/uploads\/2025\/10\/SAVE_20251006_221555-1068x185.jpg 1068w\" sizes=\"(max-width: 1140px) 100vw, 1140px\" width=\"1140\" height=\"197\"   \/><\/a><\/div>\n<p style=\"text-align: justify;\"><span style=\"color: #000000;\">Duas c\u00e2meras garantiram as imagens transmitidas em alta defini\u00e7\u00e3o (HD) e, al\u00e9m disso, os f\u00e3s das atra\u00e7\u00f5es que se apresentaram tiveram a oportunidade ver o artista e saber um pouco mais sobre ele, por meio das entrevistas realizadas minutos antes dos cantores subirem ao palco.<\/span><\/p>\n<p style=\"text-align: justify;\"><span style=\"color: #000000;\">A equipe oficial da SECOM formada por tr\u00eas jornalistas e um fot\u00f3grafo ficou encarregada de levar ao p\u00fablico de casa a energia da festa e, claro, a vontade de vibrar junto com aqueles que compareceram nos dias de evento, n\u00e3o s\u00f3 por meio das transmiss\u00f5es, mas tamb\u00e9m com conte\u00fados jornal\u00edsticos produzidos em formato de texto. Foram mais de 60 mil pessoas dan\u00e7ando o aut\u00eantico forr\u00f3 e contribuindo para manuten\u00e7\u00e3o da cultura e tradi\u00e7\u00e3o nordestina.<\/span><\/p>\n<p style=\"text-align: justify;\">\n<p style=\"text-align: justify;\"><span style=\"color: #000000;\"><strong>ACOMPANHE A PREFEITURA DE ALAGOINHAS NAS REDES SOCIAIS:<\/strong><\/span><\/p>\n<p style=\"text-align: justify;\"><span style=\"color: #000000;\"><strong>Facebook:<\/strong>\u00a0<a style=\"color: #000000;\" href=\"http:\/\/www.facebook.com\/prefeituradealagoinhas\">www.facebook.com\/prefeituradealagoinhas<\/a><\/span><\/p>\n<p style=\"text-align: justify;\"><span style=\"color: #000000;\"><strong>Instagram:<\/strong>\u00a0@prefeitura.alagoinhas<\/span><\/p>\n<p style=\"text-align: justify;\"><span style=\"color: #000000;\"><strong>Flickr:<\/strong>\u00a0<a style=\"color: #000000;\" href=\"http:\/\/www.flickr.com\/photos\/secomalagoinhas\/albums\">www.flickr.com\/photos\/secomalagoinhas\/albums<\/a><\/span><\/p>\n<h6 style=\"text-align: right;\"><span style=\"color: #999999;\">Fonte: SECOM Prefeitura<\/span><\/h6>\n<div class='share-to-whatsapp-wrapper'><div class='share-on-whsp'>Share on: <\/div><a data-text='Cobertura ao vivo do S\u00e3o Jo\u00e3o de Alagoinhas nas redes sociais atinge quase 200 mil pessoas' data-link='https:\/\/newsinfoco.com.br\/inicio\/cobertura-ao-vivo-do-sao-joao-de-alagoinhas-nas-redes-sociais-atinge-quase-200-mil-pessoas\/' class='whatsapp-button whatsapp-share'>WhatsApp<\/a><div class='clear '><\/div><\/div>","protected":false},"excerpt":{"rendered":"<p>O S\u00e3o Jo\u00e3o de Alagoinhas foi sucesso de p\u00fablico na Avenida Joseph Wagner e tamb\u00e9m na internet. Os tr\u00eas dias de festa foram transmitidos ao vivo no Facebook da Prefeitura de Alagoinhas, com shows completos de todos os artistas e flashs nos bastidores com entrevistas. A inova\u00e7\u00e3o na cobertura deste ano, realizada pela equipe da [&hellip;]<\/p>\n","protected":false},"author":1,"featured_media":5774,"comment_status":"open","ping_status":"open","sticky":false,"template":"","format":"standard","meta":{"om_disable_all_campaigns":false,"_exactmetrics_skip_tracking":false,"_exactmetrics_sitenote_active":false,"_exactmetrics_sitenote_note":"","_exactmetrics_sitenote_category":0,"footnotes":""},"categories":[38,30],"tags":[53,54,56],"class_list":["post-5773","post","type-post","status-publish","format-standard","has-post-thumbnail","hentry","category-alagoinhas-e-regiao","category-destaque","tag-alagoinhas","tag-prefeitura","tag-secom"],"aioseo_notices":[],"_links":{"self":[{"href":"https:\/\/newsinfoco.com.br\/inicio\/wp-json\/wp\/v2\/posts\/5773","targetHints":{"allow":["GET"]}}],"collection":[{"href":"https:\/\/newsinfoco.com.br\/inicio\/wp-json\/wp\/v2\/posts"}],"about":[{"href":"https:\/\/newsinfoco.com.br\/inicio\/wp-json\/wp\/v2\/types\/post"}],"author":[{"embeddable":true,"href":"https:\/\/newsinfoco.com.br\/inicio\/wp-json\/wp\/v2\/users\/1"}],"replies":[{"embeddable":true,"href":"https:\/\/newsinfoco.com.br\/inicio\/wp-json\/wp\/v2\/comments?post=5773"}],"version-history":[{"count":0,"href":"https:\/\/newsinfoco.com.br\/inicio\/wp-json\/wp\/v2\/posts\/5773\/revisions"}],"wp:featuredmedia":[{"embeddable":true,"href":"https:\/\/newsinfoco.com.br\/inicio\/wp-json\/wp\/v2\/media\/5774"}],"wp:attachment":[{"href":"https:\/\/newsinfoco.com.br\/inicio\/wp-json\/wp\/v2\/media?parent=5773"}],"wp:term":[{"taxonomy":"category","embeddable":true,"href":"https:\/\/newsinfoco.com.br\/inicio\/wp-json\/wp\/v2\/categories?post=5773"},{"taxonomy":"post_tag","embeddable":true,"href":"https:\/\/newsinfoco.com.br\/inicio\/wp-json\/wp\/v2\/tags?post=5773"}],"curies":[{"name":"wp","href":"https:\/\/api.w.org\/{rel}","templated":true}]}}