{"id":5784,"date":"2018-06-26T17:29:29","date_gmt":"2018-06-26T20:29:29","guid":{"rendered":"http:\/\/newsinfoco.com.br\/?p=5784"},"modified":"2018-06-26T17:29:29","modified_gmt":"2018-06-26T20:29:29","slug":"confira-a-programacao-semanal-do-cras-de-boa-uniao-2","status":"publish","type":"post","link":"https:\/\/newsinfoco.com.br\/inicio\/confira-a-programacao-semanal-do-cras-de-boa-uniao-2\/","title":{"rendered":"Confira a Programa\u00e7\u00e3o Semanal do CRAS de Boa Uni\u00e3o"},"content":{"rendered":"<p>Secretaria Municipal de Assist\u00eancia Social (SEMAS) divulga cronograma de atividades, confira:<\/p>\n<p><strong>\u00a0<\/strong><strong>Dia 26\/06\/2018:<\/strong><\/p><div class=\"newsi-conteudo_19\" id=\"newsi-3079034502\"><a href=\"https:\/\/www.instagram.com\/prefeituraalagoinhas?igsh=YzgzdDJ1bWR3aWI4\" aria-label=\"SAVE_20251006_221555\"><img loading=\"lazy\" decoding=\"async\" src=\"https:\/\/newsinfoco.com.br\/inicio\/wp-content\/uploads\/2025\/10\/SAVE_20251006_221555-rotated.jpg\" alt=\"\"  srcset=\"https:\/\/newsinfoco.com.br\/inicio\/wp-content\/uploads\/2025\/10\/SAVE_20251006_221555-rotated.jpg 1140w, https:\/\/newsinfoco.com.br\/inicio\/wp-content\/uploads\/2025\/10\/SAVE_20251006_221555-300x52.jpg 300w, https:\/\/newsinfoco.com.br\/inicio\/wp-content\/uploads\/2025\/10\/SAVE_20251006_221555-1024x177.jpg 1024w, https:\/\/newsinfoco.com.br\/inicio\/wp-content\/uploads\/2025\/10\/SAVE_20251006_221555-768x133.jpg 768w, https:\/\/newsinfoco.com.br\/inicio\/wp-content\/uploads\/2025\/10\/SAVE_20251006_221555-600x104.jpg 600w, https:\/\/newsinfoco.com.br\/inicio\/wp-content\/uploads\/2025\/10\/SAVE_20251006_221555-696x120.jpg 696w, https:\/\/newsinfoco.com.br\/inicio\/wp-content\/uploads\/2025\/10\/SAVE_20251006_221555-1068x185.jpg 1068w\" sizes=\"(max-width: 1140px) 100vw, 1140px\" width=\"1140\" height=\"197\"   \/><\/a><\/div>\n<p>Oficina de Dan\u00e7a do SCFV para crian\u00e7as no per\u00edodo matutino e para mulheres no per\u00edodo vespertino;<\/p>\n<p>Bando Anunciador do Arrai\u00e1 do CRAS de Boa Uni\u00e3o.<\/p>\n<p><strong>Dia 27\/06\/2018:<\/strong><\/p>\n<p>Arrai\u00e1 do CRAS no per\u00edodo matutino.<\/p>\n<p><strong>Dia 28\/06\/2018:<\/strong><\/p>\n<p>SCFV \u2013 Grupo de Adolescentes nos per\u00edodos matutino e vespertino.<\/p>\n<p><strong>Dia 29\/06\/2018:<\/strong><\/p>\n<p>SCFV \u2013 Grupo de Crian\u00e7as 9 a 11 anos nos per\u00edodos matutino e vespertino finalizando o debate sobre o enfrentamento ao Trabalho Infantil.<\/p>\n<p style=\"text-align: right;\">Fonte: SECOM SEMAS<\/p>\n<div align=\"right\"><\/div>\n<div class='share-to-whatsapp-wrapper'><div class='share-on-whsp'>Share on: <\/div><a data-text='Confira a Programa\u00e7\u00e3o Semanal do CRAS de Boa Uni\u00e3o' data-link='https:\/\/newsinfoco.com.br\/inicio\/confira-a-programacao-semanal-do-cras-de-boa-uniao-2\/' class='whatsapp-button whatsapp-share'>WhatsApp<\/a><div class='clear '><\/div><\/div>","protected":false},"excerpt":{"rendered":"<p>Secretaria Municipal de Assist\u00eancia Social (SEMAS) divulga cronograma de atividades, confira: \u00a0Dia 26\/06\/2018: Oficina de Dan\u00e7a do SCFV para crian\u00e7as no per\u00edodo matutino e para mulheres no per\u00edodo vespertino; Bando Anunciador do Arrai\u00e1 do CRAS de Boa Uni\u00e3o. Dia 27\/06\/2018: Arrai\u00e1 do CRAS no per\u00edodo matutino. Dia 28\/06\/2018: SCFV \u2013 Grupo de Adolescentes nos per\u00edodos [&hellip;]<\/p>\n","protected":false},"author":1,"featured_media":172,"comment_status":"open","ping_status":"open","sticky":false,"template":"","format":"standard","meta":{"om_disable_all_campaigns":false,"_exactmetrics_skip_tracking":false,"_exactmetrics_sitenote_active":false,"_exactmetrics_sitenote_note":"","_exactmetrics_sitenote_category":0,"footnotes":""},"categories":[38,30],"tags":[53,54,56],"class_list":["post-5784","post","type-post","status-publish","format-standard","has-post-thumbnail","hentry","category-alagoinhas-e-regiao","category-destaque","tag-alagoinhas","tag-prefeitura","tag-secom"],"aioseo_notices":[],"_links":{"self":[{"href":"https:\/\/newsinfoco.com.br\/inicio\/wp-json\/wp\/v2\/posts\/5784","targetHints":{"allow":["GET"]}}],"collection":[{"href":"https:\/\/newsinfoco.com.br\/inicio\/wp-json\/wp\/v2\/posts"}],"about":[{"href":"https:\/\/newsinfoco.com.br\/inicio\/wp-json\/wp\/v2\/types\/post"}],"author":[{"embeddable":true,"href":"https:\/\/newsinfoco.com.br\/inicio\/wp-json\/wp\/v2\/users\/1"}],"replies":[{"embeddable":true,"href":"https:\/\/newsinfoco.com.br\/inicio\/wp-json\/wp\/v2\/comments?post=5784"}],"version-history":[{"count":0,"href":"https:\/\/newsinfoco.com.br\/inicio\/wp-json\/wp\/v2\/posts\/5784\/revisions"}],"wp:featuredmedia":[{"embeddable":true,"href":"https:\/\/newsinfoco.com.br\/inicio\/wp-json\/wp\/v2\/media\/172"}],"wp:attachment":[{"href":"https:\/\/newsinfoco.com.br\/inicio\/wp-json\/wp\/v2\/media?parent=5784"}],"wp:term":[{"taxonomy":"category","embeddable":true,"href":"https:\/\/newsinfoco.com.br\/inicio\/wp-json\/wp\/v2\/categories?post=5784"},{"taxonomy":"post_tag","embeddable":true,"href":"https:\/\/newsinfoco.com.br\/inicio\/wp-json\/wp\/v2\/tags?post=5784"}],"curies":[{"name":"wp","href":"https:\/\/api.w.org\/{rel}","templated":true}]}}