{"id":5875,"date":"2018-06-28T21:52:53","date_gmt":"2018-06-29T00:52:53","guid":{"rendered":"http:\/\/newsinfoco.com.br\/?p=5875"},"modified":"2018-06-28T21:52:53","modified_gmt":"2018-06-29T00:52:53","slug":"nota-de-esclarecimento-esclarecimentos-sobre-possiveis-contratos-de-compra-venda-e-aluguel-do-conjunto-habitacional-linha-verde","status":"publish","type":"post","link":"https:\/\/newsinfoco.com.br\/inicio\/nota-de-esclarecimento-esclarecimentos-sobre-possiveis-contratos-de-compra-venda-e-aluguel-do-conjunto-habitacional-linha-verde\/","title":{"rendered":"NOTA DE ESCLARECIMENTO: Esclarecimentos sobre poss\u00edveis contratos de compra, venda e aluguel do conjunto habitacional linha verde"},"content":{"rendered":"<p style=\"text-align: justify;\"><span style=\"color: #000000;\">A Secretaria Municipal de Assist\u00eancia Social (SEMAS) vem a p\u00fablico informar que as medidas judiciais cab\u00edveis est\u00e3o sendo tomadas para combater pseudos contratos de aluguel, compra e venda das Unidades Habitacionais do Conjunto Linha Verde, localizado no povoado Calu, financiado pelo programa Minha Casa, Minha Vida, intermediado no munic\u00edpio pela secretaria.<\/span><\/p>\n<p style=\"text-align: justify;\"><span style=\"color: #000000;\">Bem como, a inverdade sobre a possibilidade de mudan\u00e7a dos nomes dos propriet\u00e1rios das unidades do conjunto referido. A secretaria tem buscado garantir acesso ao maior n\u00famero de Alagoinhenses, em situa\u00e7\u00e3o de vulnerabilidade econ\u00f4mica, aos programas sociais existentes e nos empenhado para que novos programas sociais sejam desenvolvidos, na busca incessante para melhorar a vida dos nossos cidad\u00e3os.<\/span><\/p><div class=\"newsi-conteudo_19\" id=\"newsi-4078513342\"><a href=\"https:\/\/www.instagram.com\/prefeituraalagoinhas?igsh=YzgzdDJ1bWR3aWI4\" aria-label=\"SAVE_20251006_221555\"><img loading=\"lazy\" decoding=\"async\" src=\"https:\/\/newsinfoco.com.br\/inicio\/wp-content\/uploads\/2025\/10\/SAVE_20251006_221555-rotated.jpg\" alt=\"\"  srcset=\"https:\/\/newsinfoco.com.br\/inicio\/wp-content\/uploads\/2025\/10\/SAVE_20251006_221555-rotated.jpg 1140w, https:\/\/newsinfoco.com.br\/inicio\/wp-content\/uploads\/2025\/10\/SAVE_20251006_221555-300x52.jpg 300w, https:\/\/newsinfoco.com.br\/inicio\/wp-content\/uploads\/2025\/10\/SAVE_20251006_221555-1024x177.jpg 1024w, https:\/\/newsinfoco.com.br\/inicio\/wp-content\/uploads\/2025\/10\/SAVE_20251006_221555-768x133.jpg 768w, https:\/\/newsinfoco.com.br\/inicio\/wp-content\/uploads\/2025\/10\/SAVE_20251006_221555-600x104.jpg 600w, https:\/\/newsinfoco.com.br\/inicio\/wp-content\/uploads\/2025\/10\/SAVE_20251006_221555-696x120.jpg 696w, https:\/\/newsinfoco.com.br\/inicio\/wp-content\/uploads\/2025\/10\/SAVE_20251006_221555-1068x185.jpg 1068w\" sizes=\"(max-width: 1140px) 100vw, 1140px\" width=\"1140\" height=\"197\"   \/><\/a><\/div>\n<p style=\"text-align: justify;\"><span style=\"color: #000000;\">Diante disso, repudiamos veementemente este crime contra o nosso povo e reiteramos o compromisso na garantia da cidadania em toda sua plenitude. Tendo sido voc\u00ea mais uma v\u00edtima dessa fraude, procure emergencialmente a delegacia de pol\u00edcia, afim de que, a\u00e7\u00f5es fraudulentas como esta, sejam sanadas imediatamente.<\/span><\/p>\n<h6 style=\"text-align: right;\"><span style=\"color: #999999;\">Fonte: SECOM SEMAS Prefeitura<\/span><\/h6>\n<div class='share-to-whatsapp-wrapper'><div class='share-on-whsp'>Share on: <\/div><a data-text='NOTA DE ESCLARECIMENTO: Esclarecimentos sobre poss\u00edveis contratos de compra, venda e aluguel do conjunto habitacional linha verde' data-link='https:\/\/newsinfoco.com.br\/inicio\/nota-de-esclarecimento-esclarecimentos-sobre-possiveis-contratos-de-compra-venda-e-aluguel-do-conjunto-habitacional-linha-verde\/' class='whatsapp-button whatsapp-share'>WhatsApp<\/a><div class='clear '><\/div><\/div>","protected":false},"excerpt":{"rendered":"<p>A Secretaria Municipal de Assist\u00eancia Social (SEMAS) vem a p\u00fablico informar que as medidas judiciais cab\u00edveis est\u00e3o sendo tomadas para combater pseudos contratos de aluguel, compra e venda das Unidades Habitacionais do Conjunto Linha Verde, localizado no povoado Calu, financiado pelo programa Minha Casa, Minha Vida, intermediado no munic\u00edpio pela secretaria. Bem como, a inverdade [&hellip;]<\/p>\n","protected":false},"author":1,"featured_media":629,"comment_status":"open","ping_status":"open","sticky":false,"template":"","format":"standard","meta":{"om_disable_all_campaigns":false,"_exactmetrics_skip_tracking":false,"_exactmetrics_sitenote_active":false,"_exactmetrics_sitenote_note":"","_exactmetrics_sitenote_category":0,"footnotes":""},"categories":[38,30],"tags":[53,54,120],"class_list":["post-5875","post","type-post","status-publish","format-standard","has-post-thumbnail","hentry","category-alagoinhas-e-regiao","category-destaque","tag-alagoinhas","tag-prefeitura","tag-secom-semas"],"aioseo_notices":[],"_links":{"self":[{"href":"https:\/\/newsinfoco.com.br\/inicio\/wp-json\/wp\/v2\/posts\/5875","targetHints":{"allow":["GET"]}}],"collection":[{"href":"https:\/\/newsinfoco.com.br\/inicio\/wp-json\/wp\/v2\/posts"}],"about":[{"href":"https:\/\/newsinfoco.com.br\/inicio\/wp-json\/wp\/v2\/types\/post"}],"author":[{"embeddable":true,"href":"https:\/\/newsinfoco.com.br\/inicio\/wp-json\/wp\/v2\/users\/1"}],"replies":[{"embeddable":true,"href":"https:\/\/newsinfoco.com.br\/inicio\/wp-json\/wp\/v2\/comments?post=5875"}],"version-history":[{"count":0,"href":"https:\/\/newsinfoco.com.br\/inicio\/wp-json\/wp\/v2\/posts\/5875\/revisions"}],"wp:featuredmedia":[{"embeddable":true,"href":"https:\/\/newsinfoco.com.br\/inicio\/wp-json\/wp\/v2\/media\/629"}],"wp:attachment":[{"href":"https:\/\/newsinfoco.com.br\/inicio\/wp-json\/wp\/v2\/media?parent=5875"}],"wp:term":[{"taxonomy":"category","embeddable":true,"href":"https:\/\/newsinfoco.com.br\/inicio\/wp-json\/wp\/v2\/categories?post=5875"},{"taxonomy":"post_tag","embeddable":true,"href":"https:\/\/newsinfoco.com.br\/inicio\/wp-json\/wp\/v2\/tags?post=5875"}],"curies":[{"name":"wp","href":"https:\/\/api.w.org\/{rel}","templated":true}]}}