{"id":6064,"date":"2018-07-03T18:43:43","date_gmt":"2018-07-03T21:43:43","guid":{"rendered":"http:\/\/newsinfoco.com.br\/?p=6064"},"modified":"2018-07-03T18:43:43","modified_gmt":"2018-07-03T21:43:43","slug":"semas-divulga-agenda-de-atividades-desta-semana-para-os-cras-de-riacho-da-guia-e-boa-uniao","status":"publish","type":"post","link":"https:\/\/newsinfoco.com.br\/inicio\/semas-divulga-agenda-de-atividades-desta-semana-para-os-cras-de-riacho-da-guia-e-boa-uniao\/","title":{"rendered":"SEMAS divulga agenda de atividades desta semana para os CRAS de Riacho da Guia e Boa Uni\u00e3o"},"content":{"rendered":"<p style=\"text-align: justify;\"><span style=\"color: #000000;\">Com o objetivo cont\u00ednuo de garantir os direitos socioassistenciais o CRAS de Nova Bras\u00edlia realiza nesta semana, as seguintes atividades:<\/span><\/p>\n<p style=\"text-align: justify;\">\n<p style=\"text-align: justify;\"><span style=\"color: #000000;\"><strong>CRAS Riacho da Guia:<\/strong><\/span><\/p>\n<p style=\"text-align: justify;\"><span style=\"color: #000000;\"><strong>Ter\u00e7a-feira (03\/07):<\/strong><\/span><\/p><div class=\"newsi-conteudo_19\" id=\"newsi-3427377735\"><a href=\"https:\/\/www.instagram.com\/prefeituraalagoinhas?igsh=YzgzdDJ1bWR3aWI4\" aria-label=\"SAVE_20251006_221555\"><img loading=\"lazy\" decoding=\"async\" src=\"https:\/\/newsinfoco.com.br\/inicio\/wp-content\/uploads\/2025\/10\/SAVE_20251006_221555-rotated.jpg\" alt=\"\"  srcset=\"https:\/\/newsinfoco.com.br\/inicio\/wp-content\/uploads\/2025\/10\/SAVE_20251006_221555-rotated.jpg 1140w, https:\/\/newsinfoco.com.br\/inicio\/wp-content\/uploads\/2025\/10\/SAVE_20251006_221555-300x52.jpg 300w, https:\/\/newsinfoco.com.br\/inicio\/wp-content\/uploads\/2025\/10\/SAVE_20251006_221555-1024x177.jpg 1024w, https:\/\/newsinfoco.com.br\/inicio\/wp-content\/uploads\/2025\/10\/SAVE_20251006_221555-768x133.jpg 768w, https:\/\/newsinfoco.com.br\/inicio\/wp-content\/uploads\/2025\/10\/SAVE_20251006_221555-600x104.jpg 600w, https:\/\/newsinfoco.com.br\/inicio\/wp-content\/uploads\/2025\/10\/SAVE_20251006_221555-696x120.jpg 696w, https:\/\/newsinfoco.com.br\/inicio\/wp-content\/uploads\/2025\/10\/SAVE_20251006_221555-1068x185.jpg 1068w\" sizes=\"(max-width: 1140px) 100vw, 1140px\" width=\"1140\" height=\"197\"   \/><\/a><\/div>\n<p style=\"text-align: justify;\"><span style=\"color: #000000;\">Tarde: SCFV \u2013 Grupo de Mulheres. Introdu\u00e7\u00e3o da tem\u00e1tica do m\u00eas Estatuto da Crian\u00e7a e do Adolescente. Quiz sobre direitos e deveres presentes no ECA.<\/span><\/p>\n<p style=\"text-align: justify;\">\n<p style=\"text-align: justify;\"><span style=\"color: #000000;\"><strong>Quarta-feira (04\/07):<\/strong><\/span><\/p>\n<p style=\"text-align: justify;\"><span style=\"color: #000000;\">Manh\u00e3: SCFV \u2013 Grupo de Adolescentes 06 a 11 anos \u2013 Introdu\u00e7\u00e3o da tem\u00e1tica do m\u00eas Estatuto da Crian\u00e7a e do Adolescente. Constru\u00e7\u00e3o de cartaz com os temas trazidos pela lei;<\/span><\/p>\n<p style=\"text-align: justify;\"><span style=\"color: #000000;\">Manh\u00e3 e tarde: Oficina de Futebol.<\/span><\/p>\n<p style=\"text-align: justify;\">\n<p style=\"text-align: justify;\"><span style=\"color: #000000;\"><strong>Quinta-feira (05\/07):<\/strong><\/span><\/p>\n<p style=\"text-align: justify;\"><span style=\"color: #000000;\">Manh\u00e3 e Tarde: SCFV \u2013 Grupo de Adolescentes 12 a 17 anos \u2013 Introdu\u00e7\u00e3o da tem\u00e1tica do m\u00eas Estatuto da Crian\u00e7a e do Adolescente. Quiz sobre direitos e deveres presentes no ECA;<\/span><\/p>\n<p style=\"text-align: justify;\"><span style=\"color: #000000;\">Manh\u00e3 e tarde: Oficina de dan\u00e7a infantil e idosos.<\/span><\/p>\n<p style=\"text-align: justify;\">\n<p style=\"text-align: justify;\">\n<p style=\"text-align: justify;\"><span style=\"color: #000000;\"><strong>CRAS Boa Uni\u00e3o:<\/strong><\/span><\/p>\n<p style=\"text-align: justify;\"><span style=\"color: #000000;\"><strong>Ter\u00e7a-feira (03\/07):<\/strong><\/span><\/p>\n<p style=\"text-align: justify;\"><span style=\"color: #000000;\">Oficina de dan\u00e7a do SCFV para crian\u00e7as e mulheres no per\u00edodo matutino e vespertino;<\/span><\/p>\n<p style=\"text-align: justify;\"><span style=\"color: #000000;\">SCFV \u2013 Grupo Intergeracional \u2013 exibi\u00e7\u00e3o do Filme \u201cCrian\u00e7as Invis\u00edveis\u201d, para finalizar o debate sobre Trabalho Infantil e in\u00edcio do di\u00e1logo sobre o ECA.<\/span><\/p>\n<p style=\"text-align: justify;\">\n<p style=\"text-align: justify;\"><span style=\"color: #000000;\"><strong>Quarta-feira (04\/07):<\/strong><\/span><\/p>\n<p style=\"text-align: justify;\"><span style=\"color: #000000;\">Oficina de violino \u2013 SCFV na Comunidade do Oiteiro no per\u00edodo matutino e no CRAS no per\u00edodo Vespertino.<\/span><\/p>\n<p style=\"text-align: justify;\">\n<p style=\"text-align: justify;\"><span style=\"color: #000000;\"><strong>Quinta-feira (05\/07):<\/strong><\/span><\/p>\n<p style=\"text-align: justify;\"><span style=\"color: #000000;\">SCFV \u2013 Grupo de Adolescentes no per\u00edodo matutino e vespertino, atrav\u00e9s da exposi\u00e7\u00e3o dos direitos e deveres previstos no ECA.<\/span><\/p>\n<p style=\"text-align: justify;\">\n<p style=\"text-align: justify;\"><span style=\"color: #000000;\"><strong>Sexta-feira (06\/07):<\/strong><\/span><\/p>\n<p style=\"text-align: justify;\"><span style=\"color: #000000;\">SCFV \u2013 Grupo de Crian\u00e7as 9 a 11 anos no per\u00edodo matutino e vespertino, iniciando os debates sobre o Estatuto da Crian\u00e7a e Adolescentes (ECA), atrav\u00e9s da din\u00e2mica do Sem\u00e1foro.<\/span><\/p>\n<h6 style=\"text-align: right;\"><span style=\"color: #999999;\">Fonte: SECOM SEMAS\u00a0<\/span><\/h6>\n<div style=\"text-align: justify;\" align=\"right\"><\/div>\n<div class='share-to-whatsapp-wrapper'><div class='share-on-whsp'>Share on: <\/div><a data-text='SEMAS divulga agenda de atividades desta semana para os CRAS de Riacho da Guia e Boa Uni\u00e3o' data-link='https:\/\/newsinfoco.com.br\/inicio\/semas-divulga-agenda-de-atividades-desta-semana-para-os-cras-de-riacho-da-guia-e-boa-uniao\/' class='whatsapp-button whatsapp-share'>WhatsApp<\/a><div class='clear '><\/div><\/div>","protected":false},"excerpt":{"rendered":"<p>Com o objetivo cont\u00ednuo de garantir os direitos socioassistenciais o CRAS de Nova Bras\u00edlia realiza nesta semana, as seguintes atividades: CRAS Riacho da Guia: Ter\u00e7a-feira (03\/07): Tarde: SCFV \u2013 Grupo de Mulheres. Introdu\u00e7\u00e3o da tem\u00e1tica do m\u00eas Estatuto da Crian\u00e7a e do Adolescente. Quiz sobre direitos e deveres presentes no ECA. Quarta-feira (04\/07): Manh\u00e3: SCFV [&hellip;]<\/p>\n","protected":false},"author":1,"featured_media":301,"comment_status":"open","ping_status":"open","sticky":false,"template":"","format":"standard","meta":{"om_disable_all_campaigns":false,"_exactmetrics_skip_tracking":false,"_exactmetrics_sitenote_active":false,"_exactmetrics_sitenote_note":"","_exactmetrics_sitenote_category":0,"footnotes":""},"categories":[38,30],"tags":[53,54,120],"class_list":["post-6064","post","type-post","status-publish","format-standard","has-post-thumbnail","hentry","category-alagoinhas-e-regiao","category-destaque","tag-alagoinhas","tag-prefeitura","tag-secom-semas"],"aioseo_notices":[],"_links":{"self":[{"href":"https:\/\/newsinfoco.com.br\/inicio\/wp-json\/wp\/v2\/posts\/6064","targetHints":{"allow":["GET"]}}],"collection":[{"href":"https:\/\/newsinfoco.com.br\/inicio\/wp-json\/wp\/v2\/posts"}],"about":[{"href":"https:\/\/newsinfoco.com.br\/inicio\/wp-json\/wp\/v2\/types\/post"}],"author":[{"embeddable":true,"href":"https:\/\/newsinfoco.com.br\/inicio\/wp-json\/wp\/v2\/users\/1"}],"replies":[{"embeddable":true,"href":"https:\/\/newsinfoco.com.br\/inicio\/wp-json\/wp\/v2\/comments?post=6064"}],"version-history":[{"count":0,"href":"https:\/\/newsinfoco.com.br\/inicio\/wp-json\/wp\/v2\/posts\/6064\/revisions"}],"wp:featuredmedia":[{"embeddable":true,"href":"https:\/\/newsinfoco.com.br\/inicio\/wp-json\/wp\/v2\/media\/301"}],"wp:attachment":[{"href":"https:\/\/newsinfoco.com.br\/inicio\/wp-json\/wp\/v2\/media?parent=6064"}],"wp:term":[{"taxonomy":"category","embeddable":true,"href":"https:\/\/newsinfoco.com.br\/inicio\/wp-json\/wp\/v2\/categories?post=6064"},{"taxonomy":"post_tag","embeddable":true,"href":"https:\/\/newsinfoco.com.br\/inicio\/wp-json\/wp\/v2\/tags?post=6064"}],"curies":[{"name":"wp","href":"https:\/\/api.w.org\/{rel}","templated":true}]}}