{"id":6069,"date":"2018-07-03T18:54:09","date_gmt":"2018-07-03T21:54:09","guid":{"rendered":"http:\/\/newsinfoco.com.br\/?p=6069"},"modified":"2018-07-03T18:54:09","modified_gmt":"2018-07-03T21:54:09","slug":"confira-agenda-desta-semana-para-os-cras-da-praca-do-ceu-e-nova-brasilia","status":"publish","type":"post","link":"https:\/\/newsinfoco.com.br\/inicio\/confira-agenda-desta-semana-para-os-cras-da-praca-do-ceu-e-nova-brasilia\/","title":{"rendered":"Confira agenda desta semana para os CRAS da Pra\u00e7a do CEU e Nova Bras\u00edlia"},"content":{"rendered":"<p style=\"text-align: justify;\"><span style=\"color: #000000;\">Com o objetivo cont\u00ednuo de garantir os direitos socioassistenciais o CRAS de Nova Bras\u00edlia realiza nesta semana, as seguintes atividades:<\/span><\/p>\n<p style=\"text-align: justify;\">\n<p style=\"text-align: justify;\"><span style=\"color: #000000;\"><strong>CRAS Pra\u00e7a do CEU:<\/strong><\/span><\/p>\n<p style=\"text-align: justify;\"><span style=\"color: #000000;\"><strong>Ter\u00e7a-feira (03\/07):<\/strong><\/span><\/p><div class=\"newsi-conteudo_19\" id=\"newsi-3810073030\"><a href=\"https:\/\/www.instagram.com\/prefeituraalagoinhas?igsh=YzgzdDJ1bWR3aWI4\" aria-label=\"SAVE_20251006_221555\"><img loading=\"lazy\" decoding=\"async\" src=\"https:\/\/newsinfoco.com.br\/inicio\/wp-content\/uploads\/2025\/10\/SAVE_20251006_221555-rotated.jpg\" alt=\"\"  srcset=\"https:\/\/newsinfoco.com.br\/inicio\/wp-content\/uploads\/2025\/10\/SAVE_20251006_221555-rotated.jpg 1140w, https:\/\/newsinfoco.com.br\/inicio\/wp-content\/uploads\/2025\/10\/SAVE_20251006_221555-300x52.jpg 300w, https:\/\/newsinfoco.com.br\/inicio\/wp-content\/uploads\/2025\/10\/SAVE_20251006_221555-1024x177.jpg 1024w, https:\/\/newsinfoco.com.br\/inicio\/wp-content\/uploads\/2025\/10\/SAVE_20251006_221555-768x133.jpg 768w, https:\/\/newsinfoco.com.br\/inicio\/wp-content\/uploads\/2025\/10\/SAVE_20251006_221555-600x104.jpg 600w, https:\/\/newsinfoco.com.br\/inicio\/wp-content\/uploads\/2025\/10\/SAVE_20251006_221555-696x120.jpg 696w, https:\/\/newsinfoco.com.br\/inicio\/wp-content\/uploads\/2025\/10\/SAVE_20251006_221555-1068x185.jpg 1068w\" sizes=\"(max-width: 1140px) 100vw, 1140px\" width=\"1140\" height=\"197\"   \/><\/a><\/div>\n<p style=\"text-align: justify;\"><span style=\"color: #000000;\">Tarde: SCFV Grupo de Mulheres \u2013 Acolhida com m\u00fasica: dan\u00e7a circular, m\u00fasica: \u201cTe ofere\u00e7o paz\u201d;<\/span><\/p>\n<p style=\"text-align: justify;\"><span style=\"color: #000000;\">Document\u00e1rio: Toda crian\u00e7a \u00e9 crian\u00e7a, introdu\u00e7\u00e3o para o eixo do m\u00eas;<\/span><\/p>\n<p style=\"text-align: justify;\"><span style=\"color: #000000;\">Grupo do PAIF gestante.<\/span><\/p>\n<p style=\"text-align: justify;\">\n<p style=\"text-align: justify;\"><span style=\"color: #000000;\"><strong>Quarta-feira (04\/07):<\/strong><\/span><\/p>\n<p style=\"text-align: justify;\"><span style=\"color: #000000;\">Manh\u00e3: Oficina de Violinos M\u00e1gicos<\/span><\/p>\n<p style=\"text-align: justify;\"><span style=\"color: #000000;\">Tarde: Oficina de dan\u00e7a com crian\u00e7as<\/span><\/p>\n<p style=\"text-align: justify;\"><span style=\"color: #000000;\"><strong>\u00a0<\/strong><\/span><\/p>\n<p style=\"text-align: justify;\"><span style=\"color: #000000;\"><strong>Quinta-feira (05\/07):<\/strong><\/span><\/p>\n<p style=\"text-align: justify;\"><span style=\"color: #000000;\">Manh\u00e3 e Tarde: SCFV \u2013 Grupo de Adolescente: Document\u00e1rio Toda crian\u00e7a \u00e9 crian\u00e7a para introdu\u00e7\u00e3o para o eixo do m\u00eas;<\/span><\/p>\n<p style=\"text-align: justify;\"><span style=\"color: #000000;\">Grupo de Idosas: Din\u00e2mica dan\u00e7a circular com m\u00fasica: Te ofere\u00e7o paz.<\/span><\/p>\n<p style=\"text-align: justify;\">\n<p style=\"text-align: justify;\"><span style=\"color: #000000;\"><strong>Sexta-feira (06\/07):<\/strong><\/span><\/p>\n<p style=\"text-align: justify;\"><span style=\"color: #000000;\">Manh\u00e3: SCFV Grupo de Crian\u00e7as 9 a 11 anos \u2013 Hora do Conto: Vem Brincar;<\/span><\/p>\n<p style=\"text-align: justify;\"><span style=\"color: #000000;\">Din\u00e2mica: Batata quente sobre o eixo do m\u00eas.<\/span><\/p>\n<p style=\"text-align: justify;\">\n<p style=\"text-align: justify;\"><span style=\"color: #000000;\"><strong>CRAS Nova Bras\u00edlia:<\/strong><\/span><\/p>\n<p style=\"text-align: justify;\"><span style=\"color: #000000;\"><strong>Ter\u00e7a-feira (03\/07):<\/strong><\/span><\/p>\n<p style=\"text-align: justify;\"><span style=\"color: #000000;\">Atendimentos socioambientais e as oficinas de violinos no CRAS e oficina de futebol durante a manh\u00e3 e tarde na comunidade da Baixa da Candeia.<\/span><\/p>\n<p style=\"text-align: justify;\">\n<p style=\"text-align: justify;\"><span style=\"color: #000000;\"><strong>Quarta-feira (04\/07):<\/strong><\/span><\/p>\n<p style=\"text-align: justify;\"><span style=\"color: #000000;\">Servi\u00e7o de Conviv\u00eancia e Fortalecimento de V\u00ednculos \u2013 SCFV com a oficina de dan\u00e7a no CRAS, pela manh\u00e3 com o grupo de crian\u00e7as e a tarde com o grupo de mulheres.<\/span><\/p>\n<p style=\"text-align: justify;\">\n<p style=\"text-align: justify;\"><span style=\"color: #000000;\"><strong>Quinta-feira (05\/07):<\/strong><\/span><\/p>\n<p style=\"text-align: justify;\"><span style=\"color: #000000;\">Servi\u00e7o de Conviv\u00eancia e Fortalecimento de V\u00ednculos \u2013 SCFV, com o grupo de mulheres. Al\u00e9m dos atendimentos socioassistenciais.<\/span><\/p>\n<p style=\"text-align: justify;\">\n<p style=\"text-align: justify;\"><span style=\"color: #000000;\"><strong>Sexta-feira (06\/07):<\/strong><\/span><\/p>\n<p style=\"text-align: justify;\"><span style=\"color: #000000;\">Acompanhamento da Prote\u00e7\u00e3o Social B\u00e1sica \u00e0 Domic\u00edlio;<\/span><\/p>\n<p style=\"text-align: justify;\"><span style=\"color: #000000;\">Oficina de Dan\u00e7a na Comunidade da Baixa da Candeia com o grupo de mulheres e as oficinas do SCFV com o grupo de crian\u00e7as no CRAS de Nova Bras\u00edlia.<\/span><\/p>\n<h6 style=\"text-align: right;\"><span style=\"color: #999999;\">Fonte: SECOM CRAS Prefeitura<\/span><\/h6>\n<div style=\"text-align: justify;\" align=\"right\"><\/div>\n<div class='share-to-whatsapp-wrapper'><div class='share-on-whsp'>Share on: <\/div><a data-text='Confira agenda desta semana para os CRAS da Pra\u00e7a do CEU e Nova Bras\u00edlia' data-link='https:\/\/newsinfoco.com.br\/inicio\/confira-agenda-desta-semana-para-os-cras-da-praca-do-ceu-e-nova-brasilia\/' class='whatsapp-button whatsapp-share'>WhatsApp<\/a><div class='clear '><\/div><\/div>","protected":false},"excerpt":{"rendered":"<p>Com o objetivo cont\u00ednuo de garantir os direitos socioassistenciais o CRAS de Nova Bras\u00edlia realiza nesta semana, as seguintes atividades: CRAS Pra\u00e7a do CEU: Ter\u00e7a-feira (03\/07): Tarde: SCFV Grupo de Mulheres \u2013 Acolhida com m\u00fasica: dan\u00e7a circular, m\u00fasica: \u201cTe ofere\u00e7o paz\u201d; Document\u00e1rio: Toda crian\u00e7a \u00e9 crian\u00e7a, introdu\u00e7\u00e3o para o eixo do m\u00eas; Grupo do PAIF [&hellip;]<\/p>\n","protected":false},"author":1,"featured_media":5519,"comment_status":"open","ping_status":"open","sticky":false,"template":"","format":"standard","meta":{"om_disable_all_campaigns":false,"_exactmetrics_skip_tracking":false,"_exactmetrics_sitenote_active":false,"_exactmetrics_sitenote_note":"","_exactmetrics_sitenote_category":0,"footnotes":""},"categories":[38,30],"tags":[53,65,54,56],"class_list":["post-6069","post","type-post","status-publish","format-standard","has-post-thumbnail","hentry","category-alagoinhas-e-regiao","category-destaque","tag-alagoinhas","tag-cras","tag-prefeitura","tag-secom"],"aioseo_notices":[],"_links":{"self":[{"href":"https:\/\/newsinfoco.com.br\/inicio\/wp-json\/wp\/v2\/posts\/6069","targetHints":{"allow":["GET"]}}],"collection":[{"href":"https:\/\/newsinfoco.com.br\/inicio\/wp-json\/wp\/v2\/posts"}],"about":[{"href":"https:\/\/newsinfoco.com.br\/inicio\/wp-json\/wp\/v2\/types\/post"}],"author":[{"embeddable":true,"href":"https:\/\/newsinfoco.com.br\/inicio\/wp-json\/wp\/v2\/users\/1"}],"replies":[{"embeddable":true,"href":"https:\/\/newsinfoco.com.br\/inicio\/wp-json\/wp\/v2\/comments?post=6069"}],"version-history":[{"count":0,"href":"https:\/\/newsinfoco.com.br\/inicio\/wp-json\/wp\/v2\/posts\/6069\/revisions"}],"wp:featuredmedia":[{"embeddable":true,"href":"https:\/\/newsinfoco.com.br\/inicio\/wp-json\/wp\/v2\/media\/5519"}],"wp:attachment":[{"href":"https:\/\/newsinfoco.com.br\/inicio\/wp-json\/wp\/v2\/media?parent=6069"}],"wp:term":[{"taxonomy":"category","embeddable":true,"href":"https:\/\/newsinfoco.com.br\/inicio\/wp-json\/wp\/v2\/categories?post=6069"},{"taxonomy":"post_tag","embeddable":true,"href":"https:\/\/newsinfoco.com.br\/inicio\/wp-json\/wp\/v2\/tags?post=6069"}],"curies":[{"name":"wp","href":"https:\/\/api.w.org\/{rel}","templated":true}]}}