{"id":6071,"date":"2018-07-03T18:58:45","date_gmt":"2018-07-03T21:58:45","guid":{"rendered":"http:\/\/newsinfoco.com.br\/?p=6071"},"modified":"2018-07-03T18:58:45","modified_gmt":"2018-07-03T21:58:45","slug":"prefeitura-da-posse-a-novos-servidores-da-sesau-e-da-semas","status":"publish","type":"post","link":"https:\/\/newsinfoco.com.br\/inicio\/prefeitura-da-posse-a-novos-servidores-da-sesau-e-da-semas\/","title":{"rendered":"Prefeitura d\u00e1 posse a novos servidores da SESAU e da SEMAS"},"content":{"rendered":"<p style=\"text-align: justify;\"><span style=\"color: #000000;\">Na manh\u00e3 desta ter\u00e7a-feira (03), o prefeito Joaquim Neto deu posse a 17 novos servidores municipais da Secretaria Municipal de Sa\u00fade (SESAU) e da Secretaria Municipal de Assist\u00eancia Social (SEMAS). A cerim\u00f4nia contou com as presen\u00e7as do secret\u00e1rio da Sa\u00fade, Moacir Lira e da sub- secret\u00e1ria Ludmila Fiscina, representando o secret\u00e1rio de Assist\u00eancia Social, Alfredo Menezes.<\/span><\/p>\n<p style=\"text-align: justify;\"><span style=\"color: #000000;\">Mostrando o cumprimento \u00a0do seu papel administrativo,\u00a0 todos os meses, novos servidores s\u00e3o empossados pela prefeitura municipal e nesta ter\u00e7a, as admiss\u00f5es\u00a0 foram referentes aos Processos Seletivos Simplificados (PSS) \u00a0001\/2013 \u2013 SEMAS E SESAU, 005\/2014 \u2013 SEMAS e 001\/2015 \u2013 SESAU.<\/span><\/p><div class=\"newsi-conteudo_19\" id=\"newsi-4115382365\"><a href=\"https:\/\/www.instagram.com\/prefeituraalagoinhas?igsh=YzgzdDJ1bWR3aWI4\" aria-label=\"SAVE_20251006_221555\"><img loading=\"lazy\" decoding=\"async\" src=\"https:\/\/newsinfoco.com.br\/inicio\/wp-content\/uploads\/2025\/10\/SAVE_20251006_221555-rotated.jpg\" alt=\"\"  srcset=\"https:\/\/newsinfoco.com.br\/inicio\/wp-content\/uploads\/2025\/10\/SAVE_20251006_221555-rotated.jpg 1140w, https:\/\/newsinfoco.com.br\/inicio\/wp-content\/uploads\/2025\/10\/SAVE_20251006_221555-300x52.jpg 300w, https:\/\/newsinfoco.com.br\/inicio\/wp-content\/uploads\/2025\/10\/SAVE_20251006_221555-1024x177.jpg 1024w, https:\/\/newsinfoco.com.br\/inicio\/wp-content\/uploads\/2025\/10\/SAVE_20251006_221555-768x133.jpg 768w, https:\/\/newsinfoco.com.br\/inicio\/wp-content\/uploads\/2025\/10\/SAVE_20251006_221555-600x104.jpg 600w, https:\/\/newsinfoco.com.br\/inicio\/wp-content\/uploads\/2025\/10\/SAVE_20251006_221555-696x120.jpg 696w, https:\/\/newsinfoco.com.br\/inicio\/wp-content\/uploads\/2025\/10\/SAVE_20251006_221555-1068x185.jpg 1068w\" sizes=\"(max-width: 1140px) 100vw, 1140px\" width=\"1140\" height=\"197\"   \/><\/a><\/div>\n<h6 style=\"text-align: right;\"><span style=\"color: #999999;\">Fonte: SECOM SEMAS SESAU<\/span><\/h6>\n<p>&nbsp;<\/p>\n<div class='share-to-whatsapp-wrapper'><div class='share-on-whsp'>Share on: <\/div><a data-text='Prefeitura d\u00e1 posse a novos servidores da SESAU e da SEMAS' data-link='https:\/\/newsinfoco.com.br\/inicio\/prefeitura-da-posse-a-novos-servidores-da-sesau-e-da-semas\/' class='whatsapp-button whatsapp-share'>WhatsApp<\/a><div class='clear '><\/div><\/div>","protected":false},"excerpt":{"rendered":"<p>Na manh\u00e3 desta ter\u00e7a-feira (03), o prefeito Joaquim Neto deu posse a 17 novos servidores municipais da Secretaria Municipal de Sa\u00fade (SESAU) e da Secretaria Municipal de Assist\u00eancia Social (SEMAS). A cerim\u00f4nia contou com as presen\u00e7as do secret\u00e1rio da Sa\u00fade, Moacir Lira e da sub- secret\u00e1ria Ludmila Fiscina, representando o secret\u00e1rio de Assist\u00eancia Social, Alfredo [&hellip;]<\/p>\n","protected":false},"author":1,"featured_media":6072,"comment_status":"open","ping_status":"open","sticky":false,"template":"","format":"standard","meta":{"om_disable_all_campaigns":false,"_exactmetrics_skip_tracking":false,"_exactmetrics_sitenote_active":false,"_exactmetrics_sitenote_note":"","_exactmetrics_sitenote_category":0,"footnotes":""},"categories":[1],"tags":[53,54,120,58],"class_list":["post-6071","post","type-post","status-publish","format-standard","has-post-thumbnail","hentry","category-sem-categoria","tag-alagoinhas","tag-prefeitura","tag-secom-semas","tag-sesau"],"aioseo_notices":[],"_links":{"self":[{"href":"https:\/\/newsinfoco.com.br\/inicio\/wp-json\/wp\/v2\/posts\/6071","targetHints":{"allow":["GET"]}}],"collection":[{"href":"https:\/\/newsinfoco.com.br\/inicio\/wp-json\/wp\/v2\/posts"}],"about":[{"href":"https:\/\/newsinfoco.com.br\/inicio\/wp-json\/wp\/v2\/types\/post"}],"author":[{"embeddable":true,"href":"https:\/\/newsinfoco.com.br\/inicio\/wp-json\/wp\/v2\/users\/1"}],"replies":[{"embeddable":true,"href":"https:\/\/newsinfoco.com.br\/inicio\/wp-json\/wp\/v2\/comments?post=6071"}],"version-history":[{"count":0,"href":"https:\/\/newsinfoco.com.br\/inicio\/wp-json\/wp\/v2\/posts\/6071\/revisions"}],"wp:featuredmedia":[{"embeddable":true,"href":"https:\/\/newsinfoco.com.br\/inicio\/wp-json\/wp\/v2\/media\/6072"}],"wp:attachment":[{"href":"https:\/\/newsinfoco.com.br\/inicio\/wp-json\/wp\/v2\/media?parent=6071"}],"wp:term":[{"taxonomy":"category","embeddable":true,"href":"https:\/\/newsinfoco.com.br\/inicio\/wp-json\/wp\/v2\/categories?post=6071"},{"taxonomy":"post_tag","embeddable":true,"href":"https:\/\/newsinfoco.com.br\/inicio\/wp-json\/wp\/v2\/tags?post=6071"}],"curies":[{"name":"wp","href":"https:\/\/api.w.org\/{rel}","templated":true}]}}