{"id":6146,"date":"2018-07-05T11:32:10","date_gmt":"2018-07-05T14:32:10","guid":{"rendered":"http:\/\/newsinfoco.com.br\/?p=6146"},"modified":"2018-07-05T11:32:10","modified_gmt":"2018-07-05T14:32:10","slug":"esplanadagoverno-diz-que-noticia-do-cancelamento-do-ano-letivo-e-falsa-e-presidente-do-sindserme-responde","status":"publish","type":"post","link":"https:\/\/newsinfoco.com.br\/inicio\/esplanadagoverno-diz-que-noticia-do-cancelamento-do-ano-letivo-e-falsa-e-presidente-do-sindserme-responde\/","title":{"rendered":"Esplanada:Governo diz que not\u00edcia do cancelamento do ano letivo \u00e9 falsa e presidente do sindserme responde"},"content":{"rendered":"<p style=\"text-align: justify;\"><span style=\"color: #000000;\">A nota da oficial da Prefeitura Municipal de Esplanada foi divulgada na ter\u00e7a-feira (03), nas redes sociais. Confira:<\/span><\/p>\n<p style=\"text-align: justify;\"><span style=\"color: #000000;\">&#8221;A Secretaria Municipal de Educa\u00e7\u00e3o informa aos pais e alunos da Rede Municipal de ensino que a not\u00edcia de que o ano letivo foi cancelado \u00e9 falsa, e que provid\u00eancias est\u00e3o sendo tomadas para que as aulas recomecem o quanto antes. Salienta que os dias paralisados ser\u00e3o compensados, assim que a situa\u00e7\u00e3o for normalizada, conforme manda a lei. Reivindicar \u00e9 um direito, mas cumprir o calend\u00e1rio letivo \u00e9 dever da gest\u00e3o municipal e dos profissionais da educa\u00e7\u00e3o&#8221;, disse o governo.<\/span><\/p><div class=\"newsi-conteudo_19\" id=\"newsi-3970310639\"><a href=\"https:\/\/www.instagram.com\/prefeituraalagoinhas?igsh=YzgzdDJ1bWR3aWI4\" aria-label=\"SAVE_20251006_221555\"><img loading=\"lazy\" decoding=\"async\" src=\"https:\/\/newsinfoco.com.br\/inicio\/wp-content\/uploads\/2025\/10\/SAVE_20251006_221555-rotated.jpg\" alt=\"\"  srcset=\"https:\/\/newsinfoco.com.br\/inicio\/wp-content\/uploads\/2025\/10\/SAVE_20251006_221555-rotated.jpg 1140w, https:\/\/newsinfoco.com.br\/inicio\/wp-content\/uploads\/2025\/10\/SAVE_20251006_221555-300x52.jpg 300w, https:\/\/newsinfoco.com.br\/inicio\/wp-content\/uploads\/2025\/10\/SAVE_20251006_221555-1024x177.jpg 1024w, https:\/\/newsinfoco.com.br\/inicio\/wp-content\/uploads\/2025\/10\/SAVE_20251006_221555-768x133.jpg 768w, https:\/\/newsinfoco.com.br\/inicio\/wp-content\/uploads\/2025\/10\/SAVE_20251006_221555-600x104.jpg 600w, https:\/\/newsinfoco.com.br\/inicio\/wp-content\/uploads\/2025\/10\/SAVE_20251006_221555-696x120.jpg 696w, https:\/\/newsinfoco.com.br\/inicio\/wp-content\/uploads\/2025\/10\/SAVE_20251006_221555-1068x185.jpg 1068w\" sizes=\"(max-width: 1140px) 100vw, 1140px\" width=\"1140\" height=\"197\"   \/><\/a><\/div>\n<p><span style=\"color: #000000;\">Em seguida e Presidente do Sindserme rebateu tamb\u00e9m nas redes sociais. Confira:<\/span><\/p>\n<p style=\"text-align: justify;\"><span style=\"color: #000000;\">&#8221;Sem autoriza\u00e7\u00e3o da justi\u00e7a o prefeito corta sal\u00e1rio dos professores, ent\u00e3o os profissionais da educa\u00e7\u00e3o n\u00e3o tem obriga\u00e7\u00e3o de repor aula, por essa tangente, o que acontece com o ano a letivo? E ainda tem coragem de ficar enganando os pais e alunos dessa situa\u00e7\u00e3o ca\u00f3tica que se instalou em Esplanada. At\u00e9 hoje o prefeito s\u00f3 t\u00e1 se preocupando em entrar na justi\u00e7a, que j\u00e1 foram 3 a\u00e7\u00f5es para for\u00e7ar os servidores voltar a trabalhar sem resolver o Plano de Cargos e Sal\u00e1rios dos servidores que o pr\u00f3prio gestor aprovou quando era vereador em 2016 e o reajuste de 6, 81% dos professores, o qual todos os munic\u00edpios j\u00e1 deram aos profissionais da educa\u00e7\u00e3o&#8221;,\u00a0<\/span><\/p>\n<p style=\"text-align: justify;\"><span style=\"color: #000000;\">Uma nova assembl\u00e9ia aconteceu as 08:30 da quarta-feira (04), seguindo o cronograma de atividade do sindicato veja na \u00edntegra:<\/span><\/p>\n<p><span style=\"color: #000000;\">\u270530.06.2018 -(S\u00e1bado) Manifesta\u00e7\u00e3o dos Servidores na inaugura\u00e7\u00e3o da BR101 \u00e0s 15:30h.<\/span><br \/>\n<span style=\"color: #000000;\">A noite membros da comiss\u00e3o de greve com faixas durante a festa do Timb\u00f3!<\/span><\/p>\n<p><span style=\"color: #000000;\">\u2705 01.07.2018 (domingo) \u00e0s 10:00h coloca\u00e7\u00e3o de faixas pelos membros da comiss\u00e3o de greve e da diretoria do sindicato no Timb\u00f3 no espa\u00e7o onde ocorrer\u00e1 a festa de cavalo.<\/span><\/p>\n<p><span style=\"color: #000000;\">\u270502.07.2018 Segunda feira (Feriado Independ\u00eancia da Bahia)<\/span><\/p>\n<p><span style=\"color: #000000;\">\u2705 03.07.2018 Ter\u00e7a feira Apita\u00e7o concentra\u00e7\u00e3o \u00e0s 08:30h na Prefeitura Municipal Todos os servidores.<\/span><\/p>\n<p><span style=\"color: #000000;\">\u2705 04.07.2018 quarta feira<\/span><br \/>\n<span style=\"color: #000000;\">Assembl\u00e9ia geral \u00e0s 08:00h na sede do Sindserme com todos os servidores.<\/span><\/p>\n<p><span style=\"color: #000000;\">\u2705 05.07.2018 Quinta feira.<\/span><br \/>\n<span style=\"color: #000000;\">Concentra\u00e7\u00e3o \u00e0s 08:30h na sede da Prefeitura Municipal todos os servidores!<\/span><br \/>\n<span style=\"color: #000000;\">A noite \u00e0s 19:00h Sess\u00e3o da C\u00e2mara!<\/span><\/p>\n<p><span style=\"color: #000000;\">\u2705 06.07.2018 Sexta feira.<\/span><br \/>\n<span style=\"color: #000000;\">Visita de Campo aos setores de trabalho saindo do sindicato \u00e0s 08:30h.<\/span><\/p>\n<p>&nbsp;<\/p>\n<pre style=\"text-align: right;\">Fonte:Condenoticias<\/pre>\n<div class='share-to-whatsapp-wrapper'><div class='share-on-whsp'>Share on: <\/div><a data-text='Esplanada:Governo diz que not\u00edcia do cancelamento do ano letivo \u00e9 falsa e presidente do sindserme responde' data-link='https:\/\/newsinfoco.com.br\/inicio\/esplanadagoverno-diz-que-noticia-do-cancelamento-do-ano-letivo-e-falsa-e-presidente-do-sindserme-responde\/' class='whatsapp-button whatsapp-share'>WhatsApp<\/a><div class='clear '><\/div><\/div>","protected":false},"excerpt":{"rendered":"<p>A nota da oficial da Prefeitura Municipal de Esplanada foi divulgada na ter\u00e7a-feira (03), nas redes sociais. Confira: &#8221;A Secretaria Municipal de Educa\u00e7\u00e3o informa aos pais e alunos da Rede Municipal de ensino que a not\u00edcia de que o ano letivo foi cancelado \u00e9 falsa, e que provid\u00eancias est\u00e3o sendo tomadas para que as aulas [&hellip;]<\/p>\n","protected":false},"author":1,"featured_media":6147,"comment_status":"open","ping_status":"open","sticky":false,"template":"","format":"standard","meta":{"om_disable_all_campaigns":false,"_exactmetrics_skip_tracking":false,"_exactmetrics_sitenote_active":false,"_exactmetrics_sitenote_note":"","_exactmetrics_sitenote_category":0,"footnotes":""},"categories":[38],"tags":[],"class_list":["post-6146","post","type-post","status-publish","format-standard","has-post-thumbnail","hentry","category-alagoinhas-e-regiao"],"aioseo_notices":[],"_links":{"self":[{"href":"https:\/\/newsinfoco.com.br\/inicio\/wp-json\/wp\/v2\/posts\/6146","targetHints":{"allow":["GET"]}}],"collection":[{"href":"https:\/\/newsinfoco.com.br\/inicio\/wp-json\/wp\/v2\/posts"}],"about":[{"href":"https:\/\/newsinfoco.com.br\/inicio\/wp-json\/wp\/v2\/types\/post"}],"author":[{"embeddable":true,"href":"https:\/\/newsinfoco.com.br\/inicio\/wp-json\/wp\/v2\/users\/1"}],"replies":[{"embeddable":true,"href":"https:\/\/newsinfoco.com.br\/inicio\/wp-json\/wp\/v2\/comments?post=6146"}],"version-history":[{"count":0,"href":"https:\/\/newsinfoco.com.br\/inicio\/wp-json\/wp\/v2\/posts\/6146\/revisions"}],"wp:featuredmedia":[{"embeddable":true,"href":"https:\/\/newsinfoco.com.br\/inicio\/wp-json\/wp\/v2\/media\/6147"}],"wp:attachment":[{"href":"https:\/\/newsinfoco.com.br\/inicio\/wp-json\/wp\/v2\/media?parent=6146"}],"wp:term":[{"taxonomy":"category","embeddable":true,"href":"https:\/\/newsinfoco.com.br\/inicio\/wp-json\/wp\/v2\/categories?post=6146"},{"taxonomy":"post_tag","embeddable":true,"href":"https:\/\/newsinfoco.com.br\/inicio\/wp-json\/wp\/v2\/tags?post=6146"}],"curies":[{"name":"wp","href":"https:\/\/api.w.org\/{rel}","templated":true}]}}