{"id":6152,"date":"2018-07-05T17:33:02","date_gmt":"2018-07-05T20:33:02","guid":{"rendered":"http:\/\/newsinfoco.com.br\/?p=6152"},"modified":"2018-07-05T17:33:02","modified_gmt":"2018-07-05T20:33:02","slug":"inscricoes-para-selecao-dos-cursos-de-qualificacao-profissional-poderao-ser-feitas-online","status":"publish","type":"post","link":"https:\/\/newsinfoco.com.br\/inicio\/inscricoes-para-selecao-dos-cursos-de-qualificacao-profissional-poderao-ser-feitas-online\/","title":{"rendered":"Inscri\u00e7\u00f5es para sele\u00e7\u00e3o dos cursos de qualifica\u00e7\u00e3o profissional poder\u00e3o ser feitas online"},"content":{"rendered":"<p style=\"text-align: justify;\"><span style=\"color: #000000;\">Com inten\u00e7\u00e3o de oferecer facilidade e praticidade aos moradores dos bairros do Mangal\u00f4, Jambreiro e Cruzeiro do Monte e ampliar o acesso \u00e0s matriculas para a sele\u00e7\u00e3o, a Prefeitura de Alagoinhas, por interm\u00e9dio da Secretaria Municipal de Assist\u00eancia Social (SEMAS), disponibiliza formul\u00e1rio online para inscri\u00e7\u00f5es:\u00a0<a style=\"color: #000000;\" href=\"https:\/\/docs.google.com\/forms\/d\/e\/1FAIpQLSfcr1bEIQAgI-9Q0vJop-nMGLnrLPYZo9n5Bj9ehvFPdN6iPw\/viewform\">clique aqui<\/a>. Os cursos profissionalizantes est\u00e3o dispon\u00edveis nas \u00e1reas de panifica\u00e7\u00e3o b\u00e1sica (60h), pizzaiolo (60h), excel\u00eancia no atendimento (20h) e a\u00e7ougueiro (160h).<\/span><\/p>\n<p style=\"text-align: justify;\"><span style=\"color: #000000;\">O candidato que realizar o cadastro online deve levar no dia da prova os seguintes documentos: RG, CPF e comprovante de resid\u00eancia.<\/span><\/p><div class=\"newsi-conteudo_19\" id=\"newsi-314465238\"><a href=\"https:\/\/www.instagram.com\/prefeituraalagoinhas?igsh=YzgzdDJ1bWR3aWI4\" aria-label=\"SAVE_20251006_221555\"><img loading=\"lazy\" decoding=\"async\" src=\"https:\/\/newsinfoco.com.br\/inicio\/wp-content\/uploads\/2025\/10\/SAVE_20251006_221555-rotated.jpg\" alt=\"\"  srcset=\"https:\/\/newsinfoco.com.br\/inicio\/wp-content\/uploads\/2025\/10\/SAVE_20251006_221555-rotated.jpg 1140w, https:\/\/newsinfoco.com.br\/inicio\/wp-content\/uploads\/2025\/10\/SAVE_20251006_221555-300x52.jpg 300w, https:\/\/newsinfoco.com.br\/inicio\/wp-content\/uploads\/2025\/10\/SAVE_20251006_221555-1024x177.jpg 1024w, https:\/\/newsinfoco.com.br\/inicio\/wp-content\/uploads\/2025\/10\/SAVE_20251006_221555-768x133.jpg 768w, https:\/\/newsinfoco.com.br\/inicio\/wp-content\/uploads\/2025\/10\/SAVE_20251006_221555-600x104.jpg 600w, https:\/\/newsinfoco.com.br\/inicio\/wp-content\/uploads\/2025\/10\/SAVE_20251006_221555-696x120.jpg 696w, https:\/\/newsinfoco.com.br\/inicio\/wp-content\/uploads\/2025\/10\/SAVE_20251006_221555-1068x185.jpg 1068w\" sizes=\"(max-width: 1140px) 100vw, 1140px\" width=\"1140\" height=\"197\"   \/><\/a><\/div>\n<h6 style=\"text-align: right;\"><span style=\"color: #999999;\">Fonte: SECOM SEMAS\u00a0 Prefeitura<\/span><\/h6>\n<div style=\"text-align: justify;\" align=\"right\"><\/div>\n<div class='share-to-whatsapp-wrapper'><div class='share-on-whsp'>Share on: <\/div><a data-text='Inscri\u00e7\u00f5es para sele\u00e7\u00e3o dos cursos de qualifica\u00e7\u00e3o profissional poder\u00e3o ser feitas online' data-link='https:\/\/newsinfoco.com.br\/inicio\/inscricoes-para-selecao-dos-cursos-de-qualificacao-profissional-poderao-ser-feitas-online\/' class='whatsapp-button whatsapp-share'>WhatsApp<\/a><div class='clear '><\/div><\/div>","protected":false},"excerpt":{"rendered":"<p>Com inten\u00e7\u00e3o de oferecer facilidade e praticidade aos moradores dos bairros do Mangal\u00f4, Jambreiro e Cruzeiro do Monte e ampliar o acesso \u00e0s matriculas para a sele\u00e7\u00e3o, a Prefeitura de Alagoinhas, por interm\u00e9dio da Secretaria Municipal de Assist\u00eancia Social (SEMAS), disponibiliza formul\u00e1rio online para inscri\u00e7\u00f5es:\u00a0clique aqui. Os cursos profissionalizantes est\u00e3o dispon\u00edveis nas \u00e1reas de panifica\u00e7\u00e3o [&hellip;]<\/p>\n","protected":false},"author":1,"featured_media":301,"comment_status":"open","ping_status":"open","sticky":false,"template":"","format":"standard","meta":{"om_disable_all_campaigns":false,"_exactmetrics_skip_tracking":false,"_exactmetrics_sitenote_active":false,"_exactmetrics_sitenote_note":"","_exactmetrics_sitenote_category":0,"footnotes":""},"categories":[38,30],"tags":[53,54,120],"class_list":["post-6152","post","type-post","status-publish","format-standard","has-post-thumbnail","hentry","category-alagoinhas-e-regiao","category-destaque","tag-alagoinhas","tag-prefeitura","tag-secom-semas"],"aioseo_notices":[],"_links":{"self":[{"href":"https:\/\/newsinfoco.com.br\/inicio\/wp-json\/wp\/v2\/posts\/6152","targetHints":{"allow":["GET"]}}],"collection":[{"href":"https:\/\/newsinfoco.com.br\/inicio\/wp-json\/wp\/v2\/posts"}],"about":[{"href":"https:\/\/newsinfoco.com.br\/inicio\/wp-json\/wp\/v2\/types\/post"}],"author":[{"embeddable":true,"href":"https:\/\/newsinfoco.com.br\/inicio\/wp-json\/wp\/v2\/users\/1"}],"replies":[{"embeddable":true,"href":"https:\/\/newsinfoco.com.br\/inicio\/wp-json\/wp\/v2\/comments?post=6152"}],"version-history":[{"count":0,"href":"https:\/\/newsinfoco.com.br\/inicio\/wp-json\/wp\/v2\/posts\/6152\/revisions"}],"wp:featuredmedia":[{"embeddable":true,"href":"https:\/\/newsinfoco.com.br\/inicio\/wp-json\/wp\/v2\/media\/301"}],"wp:attachment":[{"href":"https:\/\/newsinfoco.com.br\/inicio\/wp-json\/wp\/v2\/media?parent=6152"}],"wp:term":[{"taxonomy":"category","embeddable":true,"href":"https:\/\/newsinfoco.com.br\/inicio\/wp-json\/wp\/v2\/categories?post=6152"},{"taxonomy":"post_tag","embeddable":true,"href":"https:\/\/newsinfoco.com.br\/inicio\/wp-json\/wp\/v2\/tags?post=6152"}],"curies":[{"name":"wp","href":"https:\/\/api.w.org\/{rel}","templated":true}]}}