{"id":6154,"date":"2018-07-05T17:36:40","date_gmt":"2018-07-05T20:36:40","guid":{"rendered":"http:\/\/newsinfoco.com.br\/?p=6154"},"modified":"2018-07-05T17:36:40","modified_gmt":"2018-07-05T20:36:40","slug":"nota-de-pesar-pelo-falecimento-do-guarda-municipal-heraldo-de-almeida","status":"publish","type":"post","link":"https:\/\/newsinfoco.com.br\/inicio\/nota-de-pesar-pelo-falecimento-do-guarda-municipal-heraldo-de-almeida\/","title":{"rendered":"Nota de pesar pelo falecimento do guarda municipal Heraldo de Almeida"},"content":{"rendered":"<p style=\"text-align: justify;\"><span style=\"color: #000000;\">A Prefeitura de Alagoinhas lamenta profundamente o falecimento do guarda municipal Heraldo Cardoso de Almeida, de 50 anos, que foi v\u00edtima de acidente de moto na noite de domingo (1\u00ba),\u00a0 no munic\u00edpio de Ouri\u00e7angas. Heraldo chegou a ser levado pelo Servi\u00e7o de Atendimento M\u00f3vel e Urg\u00eancia (SAMU) para o hospital de Ouri\u00e7angas, e em seguida, foi transferido para o Hospital \u00a0Dantas Bi\u00e3o, mas na madrugada desta quarta-feira (4), ele n\u00e3o resistiu e faleceu.<\/span><\/p>\n<p style=\"text-align: justify;\"><span style=\"color: #000000;\">O corpo de Heraldo foi velado na Igreja Pentecostal Deus \u00e9 Amor, no Bairro 2 de julho e o sepultamento ocorreu na manh\u00e3 desta quinta-feira (5), no cemit\u00e9rio Jardim da Saudade (Calu).Heraldo era um colaborador muito querido pelos seus colegas, sempre cordial e dedicado \u00e0 sua miss\u00e3o na Guarda Municipal.Nas horas vagas, trabalhava como mototaxista no ponto do Banco do Brasil, no centro de Alagoinhas. Ele deixa esposa e seis filhos<\/span><\/p><div class=\"newsi-conteudo_19\" id=\"newsi-3791251258\"><a href=\"https:\/\/www.instagram.com\/prefeituraalagoinhas?igsh=YzgzdDJ1bWR3aWI4\" aria-label=\"SAVE_20251006_221555\"><img loading=\"lazy\" decoding=\"async\" src=\"https:\/\/newsinfoco.com.br\/inicio\/wp-content\/uploads\/2025\/10\/SAVE_20251006_221555-rotated.jpg\" alt=\"\"  srcset=\"https:\/\/newsinfoco.com.br\/inicio\/wp-content\/uploads\/2025\/10\/SAVE_20251006_221555-rotated.jpg 1140w, https:\/\/newsinfoco.com.br\/inicio\/wp-content\/uploads\/2025\/10\/SAVE_20251006_221555-300x52.jpg 300w, https:\/\/newsinfoco.com.br\/inicio\/wp-content\/uploads\/2025\/10\/SAVE_20251006_221555-1024x177.jpg 1024w, https:\/\/newsinfoco.com.br\/inicio\/wp-content\/uploads\/2025\/10\/SAVE_20251006_221555-768x133.jpg 768w, https:\/\/newsinfoco.com.br\/inicio\/wp-content\/uploads\/2025\/10\/SAVE_20251006_221555-600x104.jpg 600w, https:\/\/newsinfoco.com.br\/inicio\/wp-content\/uploads\/2025\/10\/SAVE_20251006_221555-696x120.jpg 696w, https:\/\/newsinfoco.com.br\/inicio\/wp-content\/uploads\/2025\/10\/SAVE_20251006_221555-1068x185.jpg 1068w\" sizes=\"(max-width: 1140px) 100vw, 1140px\" width=\"1140\" height=\"197\"   \/><\/a><\/div>\n<p style=\"text-align: justify;\"><span style=\"color: #000000;\">Manifestamos nossos sentimentos \u00e0 fam\u00edlia, aos amigos e aos colegas neste momento de dor.<\/span><\/p>\n<h6 style=\"text-align: right;\"><span style=\"color: #999999;\">Fonte: SECOM GCM Prefeitura<\/span><\/h6>\n<div class='share-to-whatsapp-wrapper'><div class='share-on-whsp'>Share on: <\/div><a data-text='Nota de pesar pelo falecimento do guarda municipal Heraldo de Almeida' data-link='https:\/\/newsinfoco.com.br\/inicio\/nota-de-pesar-pelo-falecimento-do-guarda-municipal-heraldo-de-almeida\/' class='whatsapp-button whatsapp-share'>WhatsApp<\/a><div class='clear '><\/div><\/div>","protected":false},"excerpt":{"rendered":"<p>A Prefeitura de Alagoinhas lamenta profundamente o falecimento do guarda municipal Heraldo Cardoso de Almeida, de 50 anos, que foi v\u00edtima de acidente de moto na noite de domingo (1\u00ba),\u00a0 no munic\u00edpio de Ouri\u00e7angas. Heraldo chegou a ser levado pelo Servi\u00e7o de Atendimento M\u00f3vel e Urg\u00eancia (SAMU) para o hospital de Ouri\u00e7angas, e em seguida, [&hellip;]<\/p>\n","protected":false},"author":1,"featured_media":6155,"comment_status":"open","ping_status":"open","sticky":false,"template":"","format":"standard","meta":{"om_disable_all_campaigns":false,"_exactmetrics_skip_tracking":false,"_exactmetrics_sitenote_active":false,"_exactmetrics_sitenote_note":"","_exactmetrics_sitenote_category":0,"footnotes":""},"categories":[38,30],"tags":[53,54,129],"class_list":["post-6154","post","type-post","status-publish","format-standard","has-post-thumbnail","hentry","category-alagoinhas-e-regiao","category-destaque","tag-alagoinhas","tag-prefeitura","tag-secom-gcm"],"aioseo_notices":[],"_links":{"self":[{"href":"https:\/\/newsinfoco.com.br\/inicio\/wp-json\/wp\/v2\/posts\/6154","targetHints":{"allow":["GET"]}}],"collection":[{"href":"https:\/\/newsinfoco.com.br\/inicio\/wp-json\/wp\/v2\/posts"}],"about":[{"href":"https:\/\/newsinfoco.com.br\/inicio\/wp-json\/wp\/v2\/types\/post"}],"author":[{"embeddable":true,"href":"https:\/\/newsinfoco.com.br\/inicio\/wp-json\/wp\/v2\/users\/1"}],"replies":[{"embeddable":true,"href":"https:\/\/newsinfoco.com.br\/inicio\/wp-json\/wp\/v2\/comments?post=6154"}],"version-history":[{"count":0,"href":"https:\/\/newsinfoco.com.br\/inicio\/wp-json\/wp\/v2\/posts\/6154\/revisions"}],"wp:featuredmedia":[{"embeddable":true,"href":"https:\/\/newsinfoco.com.br\/inicio\/wp-json\/wp\/v2\/media\/6155"}],"wp:attachment":[{"href":"https:\/\/newsinfoco.com.br\/inicio\/wp-json\/wp\/v2\/media?parent=6154"}],"wp:term":[{"taxonomy":"category","embeddable":true,"href":"https:\/\/newsinfoco.com.br\/inicio\/wp-json\/wp\/v2\/categories?post=6154"},{"taxonomy":"post_tag","embeddable":true,"href":"https:\/\/newsinfoco.com.br\/inicio\/wp-json\/wp\/v2\/tags?post=6154"}],"curies":[{"name":"wp","href":"https:\/\/api.w.org\/{rel}","templated":true}]}}