{"id":6157,"date":"2018-07-05T17:46:25","date_gmt":"2018-07-05T20:46:25","guid":{"rendered":"http:\/\/newsinfoco.com.br\/?p=6157"},"modified":"2018-07-05T17:46:25","modified_gmt":"2018-07-05T20:46:25","slug":"balanco-um-ano-de-gestao-comprova-melhora-de-desempenho-do-saae","status":"publish","type":"post","link":"https:\/\/newsinfoco.com.br\/inicio\/balanco-um-ano-de-gestao-comprova-melhora-de-desempenho-do-saae\/","title":{"rendered":"BALAN\u00c7O: Um ano de gest\u00e3o comprova melhora de desempenho do SAAE"},"content":{"rendered":"<p style=\"text-align: justify;\"><span style=\"color: #000000;\">H\u00e1 um ano atr\u00e1s, em 4 de julho de 2017, Maria das Gra\u00e7as Reis assumia a Diretoria Geral do Servi\u00e7o Aut\u00f4nomo de \u00c1gua e Esgoto (SAAE) Alagoinhas pela segunda vez em sua carreira profissional. Antes, al\u00e9m de atuar como diretora t\u00e9cnica de 2001 a 2004, a engenheira sanitarista e ambiental de 48 anos, formada pela Universidade Federal da Bahia (UFBA), estivera \u00e0 frente da autarquia durante quatro anos (2004-2008).<\/span><\/p>\n<p style=\"text-align: justify;\"><span style=\"color: #000000;\">J\u00e1 na sua primeira gest\u00e3o, a cidade teve uma melhora n\u00e3o s\u00f3 no que diz respeito \u00e0 distribui\u00e7\u00e3o de \u00e1gua, mas tamb\u00e9m na cobertura da presta\u00e7\u00e3o dos servi\u00e7os de esgotamento sanit\u00e1rio, que saltou de 2% para 13%.<\/span><\/p><div class=\"newsi-conteudo_19\" id=\"newsi-1817601592\"><a href=\"https:\/\/www.instagram.com\/prefeituraalagoinhas?igsh=YzgzdDJ1bWR3aWI4\" aria-label=\"SAVE_20251006_221555\"><img loading=\"lazy\" decoding=\"async\" src=\"https:\/\/newsinfoco.com.br\/inicio\/wp-content\/uploads\/2025\/10\/SAVE_20251006_221555-rotated.jpg\" alt=\"\"  srcset=\"https:\/\/newsinfoco.com.br\/inicio\/wp-content\/uploads\/2025\/10\/SAVE_20251006_221555-rotated.jpg 1140w, https:\/\/newsinfoco.com.br\/inicio\/wp-content\/uploads\/2025\/10\/SAVE_20251006_221555-300x52.jpg 300w, https:\/\/newsinfoco.com.br\/inicio\/wp-content\/uploads\/2025\/10\/SAVE_20251006_221555-1024x177.jpg 1024w, https:\/\/newsinfoco.com.br\/inicio\/wp-content\/uploads\/2025\/10\/SAVE_20251006_221555-768x133.jpg 768w, https:\/\/newsinfoco.com.br\/inicio\/wp-content\/uploads\/2025\/10\/SAVE_20251006_221555-600x104.jpg 600w, https:\/\/newsinfoco.com.br\/inicio\/wp-content\/uploads\/2025\/10\/SAVE_20251006_221555-696x120.jpg 696w, https:\/\/newsinfoco.com.br\/inicio\/wp-content\/uploads\/2025\/10\/SAVE_20251006_221555-1068x185.jpg 1068w\" sizes=\"(max-width: 1140px) 100vw, 1140px\" width=\"1140\" height=\"197\"   \/><\/a><\/div>\n<p style=\"text-align: justify;\"><span style=\"color: #000000;\">Alagoinhas foi tamb\u00e9m o primeiro munic\u00edpio brasileiro a aprovar a Lei Municipal de Saneamento com participa\u00e7\u00e3o popular e por meio de Confer\u00eancia. O Plano Municipal de Saneamento foi base para o Plano Nacional de Saneamento B\u00e1sico.<\/span><\/p>\n<p style=\"text-align: justify;\"><span style=\"color: #000000;\">Nesse intervalo de nove anos fora da autarquia, pouca coisa mudou, mas desde o seu retorno, no ano passado, a diretora vem colocando em pr\u00e1tica um modelo de gest\u00e3o que, entre outras conquistas, culminar\u00e1 no aumento da cobertura de esgotamento sanit\u00e1rio de 32% a 35%.<\/span><\/p>\n<p style=\"text-align: justify;\"><span style=\"color: #000000;\">Para a diretora, seu maior orgulho \u00e9 o respeito rec\u00edproco entre ela e o povo de Alagoinhas: \u201ceu tenho uma felicidade danada por saber que as pessoas acreditam em mim enquanto mun\u00edcipe, filha de Alagoinhas, bem como acreditam na minha seriedade e idoneidade enquanto gestora\u201d.<\/span><\/p>\n<p style=\"text-align: justify;\"><span style=\"color: #000000;\">A retomada e o progresso de obras do Programa de Acelera\u00e7\u00e3o de Crescimento (PAC 1 e PAC 2) e do Saneamento para Todos, em conv\u00eanio com o Governo Federal, \u00e9 um dos in\u00fameros exemplos do compromisso com o saneamento. Atualmente, dezenas de ruas foram e est\u00e3o sendo contempladas com interven\u00e7\u00f5es de infraestrutura \u2013 em paralelo a atividades sociais. Em conv\u00eanio, o valor das obras chega a mais de R$21 milh\u00f5es.<\/span><\/p>\n<p style=\"text-align: justify;\"><span style=\"color: #000000;\">Visando a melhora no abastecimento de \u00e1gua, a gest\u00e3o est\u00e1 buscando recursos junto ao Avan\u00e7ar Cidades, programa do Governo Federal. Com o valor pleiteado em torno de R$30 milh\u00f5es ser\u00e1 poss\u00edvel controlar perdas f\u00edsicas e perdas aparentes, viabilizar mecanismo de controle operacional do sistema de abastecimento e modernizar o sistema Cavada com dois po\u00e7os profundos e dois reservat\u00f3rios com 2 milh\u00f5es de litros cada.<\/span><\/p>\n<p style=\"text-align: justify;\"><span style=\"color: #000000;\">De acordo com a diretora geral, \u201ca meta maior \u00e9 universaliza\u00e7\u00e3o dos servi\u00e7os com qualidade da presta\u00e7\u00e3o, superando problemas operacionais, sempre zelando pelo recurso p\u00fablico e respeito aos usu\u00e1rios\u201d.<\/span><\/p>\n<p style=\"text-align: justify;\"><span style=\"color: #000000;\">Al\u00e9m disso, o SAAE passou a ter, cotidianamente, um ambiente organizacional favor\u00e1vel ao pleno desempenho das diversas diretorias, assessorias e coordena\u00e7\u00f5es. Foi desse modo que, atrav\u00e9s da Diretoria Comercial, mais de 3 mil hidr\u00f4metros foram instalados e substitu\u00eddos, mais de 2 mil liga\u00e7\u00f5es novas foram realizadas e, como uma maneira de elevar a arrecada\u00e7\u00e3o aut\u00e1rquica, campanhas de negocia\u00e7\u00e3o de d\u00edvidas e de combate a liga\u00e7\u00f5es clandestinas foram realizadas em todos os bairros da sede e na zona rural.<\/span><\/p>\n<p style=\"text-align: justify;\"><span style=\"color: #000000;\">Por meio da Diretoria T\u00e9cnica, por sua vez, ocorreram interven\u00e7\u00f5es nas capta\u00e7\u00f5es e redes de abastecimento, melhorando a distribui\u00e7\u00e3o em \u00e1reas com problemas cr\u00f4nicos, a exemplo de rua Gen\u00e9sio Almeida, loteamento Jardim Imperial, Nova Aparecida e Baixa da Candeia. A lavagem do reservat\u00f3rio Soboc\u00f3, algo que n\u00e3o acontecia h\u00e1 seis anos, foi mais uma prova da preocupa\u00e7\u00e3o com a higieniza\u00e7\u00e3o. Na Capta\u00e7\u00e3o Soboc\u00f3, houve ainda manuten\u00e7\u00e3o el\u00e9trica, medida esta que resolveu um grave problema de panes el\u00e9tricas e constante desabastecimento de \u00e1gua.<\/span><\/p>\n<p style=\"text-align: justify;\"><span style=\"color: #000000;\">Deu-se tamb\u00e9m in\u00edcio a automa\u00e7\u00e3o dos sistemas de \u00e1gua e esgoto, respons\u00e1vel pela diminui\u00e7\u00e3o das perdas de \u00e1gua e diminui\u00e7\u00e3o de horas extras de opera\u00e7\u00e3o. Paralelo a isso, foram estabelecidas tr\u00eas equipes de plant\u00e3o, das 6h \u00e0s 23h, ampliando o tempo de atendimento a corre\u00e7\u00e3o de vazamentos.<\/span><\/p>\n<p style=\"text-align: justify;\"><span style=\"color: #000000;\">Os feitos da atual gest\u00e3o, em apenas um ano, se acumulam: organiza\u00e7\u00e3o institucional, extens\u00e3o de redes, instaura\u00e7\u00e3o da Comiss\u00e3o Interna de Preven\u00e7\u00e3o de Acidentes (CIPA), licita\u00e7\u00f5es, capacita\u00e7\u00e3o de servidores, artigos t\u00e9cnicos apresentados em congresso, negocia\u00e7\u00e3o de d\u00edvidas herdadas do governo anterior, dentre outros.<\/span><\/p>\n<p style=\"text-align: justify;\"><span style=\"color: #000000;\">Entre os d\u00e9bitos se destacavam R$6,5 milh\u00f5es com a Companhia de Eletricidade do Estado da Bahia (Coelba) e R$5,5 milh\u00f5es com o Instituto Nacional de Seguro Social. As d\u00edvidas, herdadas do governo passado, foram negociadas e est\u00e3o sendo pagas em dias. A diretora geral ressalta que \u201co SAAE \u00e9 uma institui\u00e7\u00e3o s\u00e9ria, um patrim\u00f4nio de Alagoinhas; logo, \u00e9 indispens\u00e1vel ter esse respaldo perante ao com\u00e9rcio, fornecedores, sociedade\u201d.<\/span><\/p>\n<p style=\"text-align: justify;\"><span style=\"color: #000000;\">Atrav\u00e9s da Assessoria de Integra\u00e7\u00e3o Comunit\u00e1ria (AIC), um setor de extrema import\u00e2ncia quando o assunto \u00e9 o exerc\u00edcio da cidadania e responsabilidade sanit\u00e1ria e ambiental, moradores de bairros como Mangal\u00f4, Barreiro e Jardim Petrolar usufru\u00edram de atividades que iam desde reuni\u00e3o, palestra, oficina de alongamento, capacita\u00e7\u00e3o de gest\u00e3o, realiza\u00e7\u00e3o de mutir\u00f5es e feiras de saneamento, propagando o conceito de saneamento e sensibilizando o usu\u00e1rio com rela\u00e7\u00e3o a seu papel no contexto de saneamento.<\/span><\/p>\n<p style=\"text-align: justify;\"><span style=\"color: #000000;\">Em conformidade com as pr\u00e1ticas legais e sempre prezando pela transpar\u00eancia, o SAAE vem realizando \u2013 e transmitindo ao vivo para os usu\u00e1rios \u2013 variados processos licitat\u00f3rios; uma maneira \u2013 entre tantas outras \u2013 de manter uma rela\u00e7\u00e3o cada vez mais direta e de franco di\u00e1logo entre a autarquia e a popula\u00e7\u00e3o.<\/span><\/p>\n<p style=\"text-align: justify;\"><span style=\"color: #000000;\">Desse modo, apesar da consci\u00eancia de um longo caminho pela frente, \u00e9 not\u00f3rio que as expectativas de crescimento cont\u00ednuo do SAAE s\u00e3o incontest\u00e1veis.<\/span><\/p>\n<p style=\"text-align: justify;\">\n<p style=\"text-align: justify;\"><span style=\"color: #000000;\"><strong>ASCOM<\/strong><\/span><br \/>\n<span style=\"color: #000000;\">Servi\u00e7o Aut\u00f4nomo de \u00c1gua e Esgoto \u2013 SAAE Alagoinhas<\/span><br \/>\n<span style=\"color: #000000;\">E-mail: ascom.saae@alagoinhas.ba.gov.br<\/span><br \/>\n<span style=\"color: #000000;\">Telefone: (75) 31826031<\/span><\/p>\n<p style=\"text-align: justify;\"><span style=\"color: #000000;\"><strong>Redes Sociais<\/strong><\/span><br \/>\n<span style=\"color: #000000;\">Facebook: www.facebook.com\/saaedealagoinhas<\/span><br \/>\n<span style=\"color: #000000;\">Instagram: www.instagram.com\/saaealagoinhas<\/span><br \/>\n<span style=\"color: #000000;\">Site: www.saae.alagoinhas.ba.gov.br<\/span><\/p>\n<p style=\"text-align: right;\">Fonte: SECOM SAAE<\/p>\n<div class='share-to-whatsapp-wrapper'><div class='share-on-whsp'>Share on: <\/div><a data-text='BALAN\u00c7O: Um ano de gest\u00e3o comprova melhora de desempenho do SAAE' data-link='https:\/\/newsinfoco.com.br\/inicio\/balanco-um-ano-de-gestao-comprova-melhora-de-desempenho-do-saae\/' class='whatsapp-button whatsapp-share'>WhatsApp<\/a><div class='clear '><\/div><\/div>","protected":false},"excerpt":{"rendered":"<p>H\u00e1 um ano atr\u00e1s, em 4 de julho de 2017, Maria das Gra\u00e7as Reis assumia a Diretoria Geral do Servi\u00e7o Aut\u00f4nomo de \u00c1gua e Esgoto (SAAE) Alagoinhas pela segunda vez em sua carreira profissional. Antes, al\u00e9m de atuar como diretora t\u00e9cnica de 2001 a 2004, a engenheira sanitarista e ambiental de 48 anos, formada pela [&hellip;]<\/p>\n","protected":false},"author":1,"featured_media":5787,"comment_status":"open","ping_status":"open","sticky":false,"template":"","format":"standard","meta":{"om_disable_all_campaigns":false,"_exactmetrics_skip_tracking":false,"_exactmetrics_sitenote_active":false,"_exactmetrics_sitenote_note":"","_exactmetrics_sitenote_category":0,"footnotes":""},"categories":[38,30],"tags":[53,54,123],"class_list":["post-6157","post","type-post","status-publish","format-standard","has-post-thumbnail","hentry","category-alagoinhas-e-regiao","category-destaque","tag-alagoinhas","tag-prefeitura","tag-secom-saae"],"aioseo_notices":[],"_links":{"self":[{"href":"https:\/\/newsinfoco.com.br\/inicio\/wp-json\/wp\/v2\/posts\/6157","targetHints":{"allow":["GET"]}}],"collection":[{"href":"https:\/\/newsinfoco.com.br\/inicio\/wp-json\/wp\/v2\/posts"}],"about":[{"href":"https:\/\/newsinfoco.com.br\/inicio\/wp-json\/wp\/v2\/types\/post"}],"author":[{"embeddable":true,"href":"https:\/\/newsinfoco.com.br\/inicio\/wp-json\/wp\/v2\/users\/1"}],"replies":[{"embeddable":true,"href":"https:\/\/newsinfoco.com.br\/inicio\/wp-json\/wp\/v2\/comments?post=6157"}],"version-history":[{"count":0,"href":"https:\/\/newsinfoco.com.br\/inicio\/wp-json\/wp\/v2\/posts\/6157\/revisions"}],"wp:featuredmedia":[{"embeddable":true,"href":"https:\/\/newsinfoco.com.br\/inicio\/wp-json\/wp\/v2\/media\/5787"}],"wp:attachment":[{"href":"https:\/\/newsinfoco.com.br\/inicio\/wp-json\/wp\/v2\/media?parent=6157"}],"wp:term":[{"taxonomy":"category","embeddable":true,"href":"https:\/\/newsinfoco.com.br\/inicio\/wp-json\/wp\/v2\/categories?post=6157"},{"taxonomy":"post_tag","embeddable":true,"href":"https:\/\/newsinfoco.com.br\/inicio\/wp-json\/wp\/v2\/tags?post=6157"}],"curies":[{"name":"wp","href":"https:\/\/api.w.org\/{rel}","templated":true}]}}