{"id":6263,"date":"2018-07-09T14:12:11","date_gmt":"2018-07-09T17:12:11","guid":{"rendered":"http:\/\/newsinfoco.com.br\/?p=6263"},"modified":"2018-07-09T14:19:18","modified_gmt":"2018-07-09T17:19:18","slug":"em-meio-a-grande-expectativa-coronel-nonato-leite-e-empossado-como-novo-superintendente-de-transporte-e-transito-de-alagoinhas","status":"publish","type":"post","link":"https:\/\/newsinfoco.com.br\/inicio\/em-meio-a-grande-expectativa-coronel-nonato-leite-e-empossado-como-novo-superintendente-de-transporte-e-transito-de-alagoinhas\/","title":{"rendered":"Em meio a grande expectativa, coronel Nonato Leite \u00e9 empossado como novo superintendente de transporte e tr\u00e2nsito de Alagoinhas"},"content":{"rendered":"<p style=\"text-align: justify;\">O coronel da reserva da Policia Militar, Raimundo Nonato Carvalho Leite, foi empossado na manh\u00e3 desta segunda-feira(09) como novo superintendente de transporte e tr\u00e2nsito de Alagoinhas. Ele assumir\u00e1 o cargo em substitui\u00e7\u00e3o ao capit\u00e3o da policia Militar, Luiz Fernando.<\/p>\n<p style=\"text-align: justify;\">Em sess\u00e3o realizado no gabinete do prefeito Joaquim Neto, o secret\u00e1rio municipal de governo, Marco Antunes, afirmou que a sa\u00edda de Luiz Fernando se deve a um pedido do pr\u00f3prio ex-superintendente. Por\u00e9m, nos bastidores, a informa\u00e7\u00e3o \u00e9 que o prefeito exonerou Luiz Fernando por insubordina\u00e7\u00e3o, por n\u00e3o aceitar cumprir determina\u00e7\u00f5es do mandat\u00e1rio municipal.<\/p><div class=\"newsi-conteudo_19\" id=\"newsi-2830969561\"><a href=\"https:\/\/www.instagram.com\/prefeituraalagoinhas?igsh=YzgzdDJ1bWR3aWI4\" aria-label=\"SAVE_20251006_221555\"><img loading=\"lazy\" decoding=\"async\" src=\"https:\/\/newsinfoco.com.br\/inicio\/wp-content\/uploads\/2025\/10\/SAVE_20251006_221555-rotated.jpg\" alt=\"\"  srcset=\"https:\/\/newsinfoco.com.br\/inicio\/wp-content\/uploads\/2025\/10\/SAVE_20251006_221555-rotated.jpg 1140w, https:\/\/newsinfoco.com.br\/inicio\/wp-content\/uploads\/2025\/10\/SAVE_20251006_221555-300x52.jpg 300w, https:\/\/newsinfoco.com.br\/inicio\/wp-content\/uploads\/2025\/10\/SAVE_20251006_221555-1024x177.jpg 1024w, https:\/\/newsinfoco.com.br\/inicio\/wp-content\/uploads\/2025\/10\/SAVE_20251006_221555-768x133.jpg 768w, https:\/\/newsinfoco.com.br\/inicio\/wp-content\/uploads\/2025\/10\/SAVE_20251006_221555-600x104.jpg 600w, https:\/\/newsinfoco.com.br\/inicio\/wp-content\/uploads\/2025\/10\/SAVE_20251006_221555-696x120.jpg 696w, https:\/\/newsinfoco.com.br\/inicio\/wp-content\/uploads\/2025\/10\/SAVE_20251006_221555-1068x185.jpg 1068w\" sizes=\"(max-width: 1140px) 100vw, 1140px\" width=\"1140\" height=\"197\"   \/><\/a><\/div>\n<p style=\"text-align: justify;\">Formado em engenharia pela UFBA, o novo gestor da SMTT, coronel Nonato Leite, assume o cargo com a miss\u00e3o de colocar em pr\u00e1tica o projeto da zona azul, formular a licita\u00e7\u00e3o do transporte coletivo municipal e resolver as quest\u00f5es de mobilidade urbana da cidade.<\/p>\n<p style=\"text-align: right;\"><span style=\"color: #999999;\">Por Caio Pimenta para o News Infoco<\/span><\/p>\n<div class='share-to-whatsapp-wrapper'><div class='share-on-whsp'>Share on: <\/div><a data-text='Em meio a grande expectativa, coronel Nonato Leite \u00e9 empossado como novo superintendente de transporte e tr\u00e2nsito de Alagoinhas' data-link='https:\/\/newsinfoco.com.br\/inicio\/em-meio-a-grande-expectativa-coronel-nonato-leite-e-empossado-como-novo-superintendente-de-transporte-e-transito-de-alagoinhas\/' class='whatsapp-button whatsapp-share'>WhatsApp<\/a><div class='clear '><\/div><\/div>","protected":false},"excerpt":{"rendered":"<p>O coronel da reserva da Policia Militar, Raimundo Nonato Carvalho Leite, foi empossado na manh\u00e3 desta segunda-feira(09) como novo superintendente de transporte e tr\u00e2nsito de Alagoinhas. Ele assumir\u00e1 o cargo em substitui\u00e7\u00e3o ao capit\u00e3o da policia Militar, Luiz Fernando. Em sess\u00e3o realizado no gabinete do prefeito Joaquim Neto, o secret\u00e1rio municipal de governo, Marco Antunes, [&hellip;]<\/p>\n","protected":false},"author":1,"featured_media":6264,"comment_status":"open","ping_status":"open","sticky":false,"template":"","format":"standard","meta":{"om_disable_all_campaigns":false,"_exactmetrics_skip_tracking":false,"_exactmetrics_sitenote_active":false,"_exactmetrics_sitenote_note":"","_exactmetrics_sitenote_category":0,"footnotes":""},"categories":[38,30],"tags":[],"class_list":["post-6263","post","type-post","status-publish","format-standard","has-post-thumbnail","hentry","category-alagoinhas-e-regiao","category-destaque"],"aioseo_notices":[],"_links":{"self":[{"href":"https:\/\/newsinfoco.com.br\/inicio\/wp-json\/wp\/v2\/posts\/6263","targetHints":{"allow":["GET"]}}],"collection":[{"href":"https:\/\/newsinfoco.com.br\/inicio\/wp-json\/wp\/v2\/posts"}],"about":[{"href":"https:\/\/newsinfoco.com.br\/inicio\/wp-json\/wp\/v2\/types\/post"}],"author":[{"embeddable":true,"href":"https:\/\/newsinfoco.com.br\/inicio\/wp-json\/wp\/v2\/users\/1"}],"replies":[{"embeddable":true,"href":"https:\/\/newsinfoco.com.br\/inicio\/wp-json\/wp\/v2\/comments?post=6263"}],"version-history":[{"count":0,"href":"https:\/\/newsinfoco.com.br\/inicio\/wp-json\/wp\/v2\/posts\/6263\/revisions"}],"wp:featuredmedia":[{"embeddable":true,"href":"https:\/\/newsinfoco.com.br\/inicio\/wp-json\/wp\/v2\/media\/6264"}],"wp:attachment":[{"href":"https:\/\/newsinfoco.com.br\/inicio\/wp-json\/wp\/v2\/media?parent=6263"}],"wp:term":[{"taxonomy":"category","embeddable":true,"href":"https:\/\/newsinfoco.com.br\/inicio\/wp-json\/wp\/v2\/categories?post=6263"},{"taxonomy":"post_tag","embeddable":true,"href":"https:\/\/newsinfoco.com.br\/inicio\/wp-json\/wp\/v2\/tags?post=6263"}],"curies":[{"name":"wp","href":"https:\/\/api.w.org\/{rel}","templated":true}]}}