{"id":6273,"date":"2018-07-09T16:54:55","date_gmt":"2018-07-09T19:54:55","guid":{"rendered":"http:\/\/newsinfoco.com.br\/?p=6273"},"modified":"2018-07-09T16:54:55","modified_gmt":"2018-07-09T19:54:55","slug":"idesba-e-adia-realizam-o-i-encontro-territorial-do-litoral-norte-e-agreste-baiano-sobre-diabetes-nesta-sexta13-em-alagoinhas","status":"publish","type":"post","link":"https:\/\/newsinfoco.com.br\/inicio\/idesba-e-adia-realizam-o-i-encontro-territorial-do-litoral-norte-e-agreste-baiano-sobre-diabetes-nesta-sexta13-em-alagoinhas\/","title":{"rendered":"IDESBA e ADIA realizam o I Encontro Territorial do Litoral Norte e Agreste Baiano sobre Diabetes nesta sexta(13) em Alagoinhas"},"content":{"rendered":"<p dir=\"ltr\" style=\"text-align: justify;\"><span style=\"color: #000000;\">O Instituto de Desenvolvimento Social da Bahia ( IDESBA) em parceria com a Associa\u00e7\u00e3o dos Diab\u00e9ticos de Alagoinhas (ADIA) realiza na pr\u00f3xima sexta-feira, 13 de julho, das 8h \u00e0s 12h, o 1\u00b0 Encontro Territorial do Litoral Norte e Agreste Baiano sobre diabetes.<\/span><\/p>\n<p dir=\"ltr\" style=\"text-align: justify;\"><span style=\"color: #000000;\">O encontro acontece na Rua Dantas Bi\u00e3o, 170-B, na sede do IDESBA que fica em frente \u00e0 SAMU. &#8220;Estaremos com uma equipe formada por nutricionistas, enfermeiros e m\u00e9dicos especialistas fazendo atendimento gratuito para \u00a0popula\u00e7\u00e3o&#8221;, disse o presidente de honra do IDESBA, Victor Boris.<\/span><\/p><div class=\"newsi-conteudo_19\" id=\"newsi-3202163365\"><a href=\"https:\/\/www.instagram.com\/prefeituraalagoinhas?igsh=YzgzdDJ1bWR3aWI4\" aria-label=\"SAVE_20251006_221555\"><img loading=\"lazy\" decoding=\"async\" src=\"https:\/\/newsinfoco.com.br\/inicio\/wp-content\/uploads\/2025\/10\/SAVE_20251006_221555-rotated.jpg\" alt=\"\"  srcset=\"https:\/\/newsinfoco.com.br\/inicio\/wp-content\/uploads\/2025\/10\/SAVE_20251006_221555-rotated.jpg 1140w, https:\/\/newsinfoco.com.br\/inicio\/wp-content\/uploads\/2025\/10\/SAVE_20251006_221555-300x52.jpg 300w, https:\/\/newsinfoco.com.br\/inicio\/wp-content\/uploads\/2025\/10\/SAVE_20251006_221555-1024x177.jpg 1024w, https:\/\/newsinfoco.com.br\/inicio\/wp-content\/uploads\/2025\/10\/SAVE_20251006_221555-768x133.jpg 768w, https:\/\/newsinfoco.com.br\/inicio\/wp-content\/uploads\/2025\/10\/SAVE_20251006_221555-600x104.jpg 600w, https:\/\/newsinfoco.com.br\/inicio\/wp-content\/uploads\/2025\/10\/SAVE_20251006_221555-696x120.jpg 696w, https:\/\/newsinfoco.com.br\/inicio\/wp-content\/uploads\/2025\/10\/SAVE_20251006_221555-1068x185.jpg 1068w\" sizes=\"(max-width: 1140px) 100vw, 1140px\" width=\"1140\" height=\"197\"   \/><\/a><\/div>\n<p dir=\"ltr\" style=\"text-align: justify;\"><span style=\"color: #000000;\">&#8220;Estamos muito animados com o encontro que deve reunir mais de 500 pessoas na sexta. Nosso p\u00fablico alvo \u00e9 diab\u00e9ticos, obesos e hipertensos. Quem tiver interesse pode fazer a inscri\u00e7\u00e3o na sede do Idesba, das 9h \u00e0s 12, ou das 14 \u00e0s 17h, de segunda \u00e0 quinta&#8221;, disse o presidente da ADIA Jos\u00e9 Santana. Tamb\u00e9m ser\u00e1 ministrada uma palestra sobre insulinoterapia.<\/span><\/p>\n<p dir=\"ltr\" style=\"text-align: justify;\"><span style=\"color: #000000;\">No Brasil s\u00e3o mais de 13 milh\u00f5es de pessoas vivendo com diabetes, o que representa 6,9% da popula\u00e7\u00e3o. Em alguns casos, o diagn\u00f3stico demora, favorecendo o aparecimento de complica\u00e7\u00f5es.\u00a0 A a\u00e7\u00e3o, que deve mobilizar os 22 munic\u00edpios do territ\u00f3rio, vai contar com atendimento m\u00e9dico especializado, palestras, al\u00e9m de orienta\u00e7\u00e3o nutricional para os participantes.<\/span><\/p>\n<p dir=\"ltr\" style=\"text-align: justify;\"><span style=\"color: #000000;\"><strong>Sobre a diabetes<\/strong><\/span><\/p>\n<p dir=\"ltr\" style=\"text-align: justify;\"><span style=\"color: #000000;\">Diabetes \u00e9 uma doen\u00e7a cr\u00f4nica na qual o corpo n\u00e3o produz insulina ( horm\u00f4nio que controla a quantidade de glicose no sangue) ou n\u00e3o consegue empregar adequadamente a insulina que produz. Quando a pessoa tem diabetes, no entanto, o organismo n\u00e3o fabrica insulina e n\u00e3o consegue utilizar a glicose, adequadamente. O n\u00edvel de glicose no sangue fica alto, conhecido como hiperglicemia. Se esse quadro permanecer por longos per\u00edodos, poder\u00e1 haver danos em \u00f3rg\u00e3os, vasos sangu\u00edneos e nervos.<\/span><\/p>\n<p dir=\"ltr\" style=\"text-align: justify;\"><span style=\"color: #000000;\">Para mais informa\u00e7\u00f5es sobre o assunto acesse<span style=\"color: #3366ff;\"><a style=\"color: #3366ff;\" href=\"http:\/\/www.diabetes.org.br\/\" target=\"_blank\" rel=\"noopener noreferrer\"> http:\/\/www.diabetes.org.br<\/a><\/span> .<br \/>\n<\/span><\/p>\n<h6 dir=\"ltr\" style=\"text-align: right;\"><span style=\"color: #999999;\">fonte: Ascom IDESBA<\/span><\/h6>\n<div class='share-to-whatsapp-wrapper'><div class='share-on-whsp'>Share on: <\/div><a data-text='IDESBA e ADIA realizam o I Encontro Territorial do Litoral Norte e Agreste Baiano sobre Diabetes nesta sexta(13) em Alagoinhas' data-link='https:\/\/newsinfoco.com.br\/inicio\/idesba-e-adia-realizam-o-i-encontro-territorial-do-litoral-norte-e-agreste-baiano-sobre-diabetes-nesta-sexta13-em-alagoinhas\/' class='whatsapp-button whatsapp-share'>WhatsApp<\/a><div class='clear '><\/div><\/div>","protected":false},"excerpt":{"rendered":"<p>O Instituto de Desenvolvimento Social da Bahia ( IDESBA) em parceria com a Associa\u00e7\u00e3o dos Diab\u00e9ticos de Alagoinhas (ADIA) realiza na pr\u00f3xima sexta-feira, 13 de julho, das 8h \u00e0s 12h, o 1\u00b0 Encontro Territorial do Litoral Norte e Agreste Baiano sobre diabetes. O encontro acontece na Rua Dantas Bi\u00e3o, 170-B, na sede do IDESBA que [&hellip;]<\/p>\n","protected":false},"author":1,"featured_media":6274,"comment_status":"open","ping_status":"open","sticky":false,"template":"","format":"standard","meta":{"om_disable_all_campaigns":false,"_exactmetrics_skip_tracking":false,"_exactmetrics_sitenote_active":false,"_exactmetrics_sitenote_note":"","_exactmetrics_sitenote_category":0,"footnotes":""},"categories":[38,30],"tags":[],"class_list":["post-6273","post","type-post","status-publish","format-standard","has-post-thumbnail","hentry","category-alagoinhas-e-regiao","category-destaque"],"aioseo_notices":[],"_links":{"self":[{"href":"https:\/\/newsinfoco.com.br\/inicio\/wp-json\/wp\/v2\/posts\/6273","targetHints":{"allow":["GET"]}}],"collection":[{"href":"https:\/\/newsinfoco.com.br\/inicio\/wp-json\/wp\/v2\/posts"}],"about":[{"href":"https:\/\/newsinfoco.com.br\/inicio\/wp-json\/wp\/v2\/types\/post"}],"author":[{"embeddable":true,"href":"https:\/\/newsinfoco.com.br\/inicio\/wp-json\/wp\/v2\/users\/1"}],"replies":[{"embeddable":true,"href":"https:\/\/newsinfoco.com.br\/inicio\/wp-json\/wp\/v2\/comments?post=6273"}],"version-history":[{"count":0,"href":"https:\/\/newsinfoco.com.br\/inicio\/wp-json\/wp\/v2\/posts\/6273\/revisions"}],"wp:featuredmedia":[{"embeddable":true,"href":"https:\/\/newsinfoco.com.br\/inicio\/wp-json\/wp\/v2\/media\/6274"}],"wp:attachment":[{"href":"https:\/\/newsinfoco.com.br\/inicio\/wp-json\/wp\/v2\/media?parent=6273"}],"wp:term":[{"taxonomy":"category","embeddable":true,"href":"https:\/\/newsinfoco.com.br\/inicio\/wp-json\/wp\/v2\/categories?post=6273"},{"taxonomy":"post_tag","embeddable":true,"href":"https:\/\/newsinfoco.com.br\/inicio\/wp-json\/wp\/v2\/tags?post=6273"}],"curies":[{"name":"wp","href":"https:\/\/api.w.org\/{rel}","templated":true}]}}