{"id":6312,"date":"2018-07-10T13:59:29","date_gmt":"2018-07-10T16:59:29","guid":{"rendered":"http:\/\/newsinfoco.com.br\/?p=6312"},"modified":"2018-07-10T14:07:12","modified_gmt":"2018-07-10T17:07:12","slug":"servidores-municipais-de-esplanada-em-greve-ha-mais-de-1-mes-vao-a-assembleia-legislativa-em-busca-de-apoio","status":"publish","type":"post","link":"https:\/\/newsinfoco.com.br\/inicio\/servidores-municipais-de-esplanada-em-greve-ha-mais-de-1-mes-vao-a-assembleia-legislativa-em-busca-de-apoio\/","title":{"rendered":"Servidores municipais de Esplanada em greve h\u00e1 mais de 1 m\u00eas v\u00e3o \u00e0 Assembleia Legislativa em busca de apoio"},"content":{"rendered":"<p style=\"text-align: justify;\">O vereador da cidade de Esplanada, Gilson Lima (PSL), acompanhou os representantes do Sindicato dos Servidores Municipais de Esplanada (Sindserme) \u00e0 Assembleia Legislativa da Bahia (Alba), com o objetivo de buscar apoio para que o prefeito, Franco de Aldemir (PRB), cumpra os acordos formulados com os servidores. &#8220;Fomos levar nossa voz ao \u00e2mbito estadual para que o prefeito, pelo menos, sinalize um di\u00e1logo com os esplanadenses. N\u00e3o podemos permitir que nossos trabalhadores continuem sendo humilhados e desrespeitados desse jeito&#8221;, disse o vereador.<\/p>\n<p style=\"text-align: justify;\">Em greve por tempo indeterminado, e que j\u00e1 dura mais de 1 m\u00eas, os servidores foram recebidos pelo deputado estadual Alex Lima (PSB), que levou as principais reivindica\u00e7\u00f5es da categoria ao presidente da Assembleia. Entre os pleitos dos trabalhadores est\u00e3o: cumprimento dos acordos formulados com os servidores; reajuste do piso nacional de educa\u00e7\u00e3o em 6,81% para os professores; reformula\u00e7\u00e3o do plano de cargos e sal\u00e1rios da educa\u00e7\u00e3o; cumprimento do plano de cargos e sal\u00e1rios dos demais servidores; investimentos e melhores condi\u00e7\u00f5es de trabalho para a Guarda Municipal.<\/p><div class=\"newsi-conteudo_19\" id=\"newsi-501465155\"><a href=\"https:\/\/www.instagram.com\/prefeituraalagoinhas?igsh=YzgzdDJ1bWR3aWI4\" aria-label=\"SAVE_20251006_221555\"><img loading=\"lazy\" decoding=\"async\" src=\"https:\/\/newsinfoco.com.br\/inicio\/wp-content\/uploads\/2025\/10\/SAVE_20251006_221555-rotated.jpg\" alt=\"\"  srcset=\"https:\/\/newsinfoco.com.br\/inicio\/wp-content\/uploads\/2025\/10\/SAVE_20251006_221555-rotated.jpg 1140w, https:\/\/newsinfoco.com.br\/inicio\/wp-content\/uploads\/2025\/10\/SAVE_20251006_221555-300x52.jpg 300w, https:\/\/newsinfoco.com.br\/inicio\/wp-content\/uploads\/2025\/10\/SAVE_20251006_221555-1024x177.jpg 1024w, https:\/\/newsinfoco.com.br\/inicio\/wp-content\/uploads\/2025\/10\/SAVE_20251006_221555-768x133.jpg 768w, https:\/\/newsinfoco.com.br\/inicio\/wp-content\/uploads\/2025\/10\/SAVE_20251006_221555-600x104.jpg 600w, https:\/\/newsinfoco.com.br\/inicio\/wp-content\/uploads\/2025\/10\/SAVE_20251006_221555-696x120.jpg 696w, https:\/\/newsinfoco.com.br\/inicio\/wp-content\/uploads\/2025\/10\/SAVE_20251006_221555-1068x185.jpg 1068w\" sizes=\"(max-width: 1140px) 100vw, 1140px\" width=\"1140\" height=\"197\"   \/><\/a><\/div>\n<p style=\"text-align: justify;\">Ainda de acordo com Gilson Lima, al\u00e9m da falta de di\u00e1logo e o n\u00e3o cumprimento das leis, Esplanada vive um caos administrativo, que s\u00f3 contribui para o retrocesso da cidade. &#8220;Os servidores est\u00e3o sendo desrespeitados e amea\u00e7ados por iniciarem um movimento grevista leg\u00edtimo. Pe\u00e7o aos gestores da cidade que foquem as a\u00e7\u00f5es no caos administrativo que Esplanada tem vivido com a falta de transporte e merenda escolar, falta de rem\u00e9dios nos postos de sa\u00fade, ilumina\u00e7\u00e3o p\u00fablica e muitos outros problemas. Os esplanadenses n\u00e3o merecem esse descaso&#8221;, finalizou.<\/p>\n<p style=\"text-align: right;\"><span style=\"color: #999999;\">fonte: Ascom Alex Lima<\/span><\/p>\n<p>&nbsp;<\/p>\n<div class='share-to-whatsapp-wrapper'><div class='share-on-whsp'>Share on: <\/div><a data-text='Servidores municipais de Esplanada em greve h\u00e1 mais de 1 m\u00eas v\u00e3o \u00e0 Assembleia Legislativa em busca de apoio' data-link='https:\/\/newsinfoco.com.br\/inicio\/servidores-municipais-de-esplanada-em-greve-ha-mais-de-1-mes-vao-a-assembleia-legislativa-em-busca-de-apoio\/' class='whatsapp-button whatsapp-share'>WhatsApp<\/a><div class='clear '><\/div><\/div>","protected":false},"excerpt":{"rendered":"<p>O vereador da cidade de Esplanada, Gilson Lima (PSL), acompanhou os representantes do Sindicato dos Servidores Municipais de Esplanada (Sindserme) \u00e0 Assembleia Legislativa da Bahia (Alba), com o objetivo de buscar apoio para que o prefeito, Franco de Aldemir (PRB), cumpra os acordos formulados com os servidores. &#8220;Fomos levar nossa voz ao \u00e2mbito estadual para [&hellip;]<\/p>\n","protected":false},"author":1,"featured_media":6313,"comment_status":"open","ping_status":"open","sticky":false,"template":"","format":"standard","meta":{"om_disable_all_campaigns":false,"_exactmetrics_skip_tracking":false,"_exactmetrics_sitenote_active":false,"_exactmetrics_sitenote_note":"","_exactmetrics_sitenote_category":0,"footnotes":""},"categories":[38,30],"tags":[],"class_list":["post-6312","post","type-post","status-publish","format-standard","has-post-thumbnail","hentry","category-alagoinhas-e-regiao","category-destaque"],"aioseo_notices":[],"_links":{"self":[{"href":"https:\/\/newsinfoco.com.br\/inicio\/wp-json\/wp\/v2\/posts\/6312","targetHints":{"allow":["GET"]}}],"collection":[{"href":"https:\/\/newsinfoco.com.br\/inicio\/wp-json\/wp\/v2\/posts"}],"about":[{"href":"https:\/\/newsinfoco.com.br\/inicio\/wp-json\/wp\/v2\/types\/post"}],"author":[{"embeddable":true,"href":"https:\/\/newsinfoco.com.br\/inicio\/wp-json\/wp\/v2\/users\/1"}],"replies":[{"embeddable":true,"href":"https:\/\/newsinfoco.com.br\/inicio\/wp-json\/wp\/v2\/comments?post=6312"}],"version-history":[{"count":0,"href":"https:\/\/newsinfoco.com.br\/inicio\/wp-json\/wp\/v2\/posts\/6312\/revisions"}],"wp:featuredmedia":[{"embeddable":true,"href":"https:\/\/newsinfoco.com.br\/inicio\/wp-json\/wp\/v2\/media\/6313"}],"wp:attachment":[{"href":"https:\/\/newsinfoco.com.br\/inicio\/wp-json\/wp\/v2\/media?parent=6312"}],"wp:term":[{"taxonomy":"category","embeddable":true,"href":"https:\/\/newsinfoco.com.br\/inicio\/wp-json\/wp\/v2\/categories?post=6312"},{"taxonomy":"post_tag","embeddable":true,"href":"https:\/\/newsinfoco.com.br\/inicio\/wp-json\/wp\/v2\/tags?post=6312"}],"curies":[{"name":"wp","href":"https:\/\/api.w.org\/{rel}","templated":true}]}}