{"id":6318,"date":"2018-07-10T14:13:51","date_gmt":"2018-07-10T17:13:51","guid":{"rendered":"http:\/\/newsinfoco.com.br\/?p=6318"},"modified":"2018-07-10T14:38:46","modified_gmt":"2018-07-10T17:38:46","slug":"semas-divulga-lista-de-convocados-para-os-cursos-profissionalizantes-em-parceria-com-a-concreta-cursos","status":"publish","type":"post","link":"https:\/\/newsinfoco.com.br\/inicio\/semas-divulga-lista-de-convocados-para-os-cursos-profissionalizantes-em-parceria-com-a-concreta-cursos\/","title":{"rendered":"SEMAS divulga Lista de convocados para os cursos profissionalizantes em parceria com a Concreta Cursos"},"content":{"rendered":"<p style=\"text-align: justify;\"><span style=\"color: #000000;\">A\u00a0Prefeitura de Alagoinhas atrav\u00e9s da Secretaria Municipal de Assist\u00eancia Social (SEMAS) e do Programa Nacional de Promo\u00e7\u00e3o do Acesso ao Mundo do Trabalho (ACESSUAS) divulgou a 2\u00aa lista de contemplados com bolsas de estudo, confira lista:\u00a0<\/span><\/p>\n<p><a href=\"http:\/\/newsinfoco.com.br\/wp-content\/uploads\/2018\/07\/Sem-t\u00edtulo.png\"><img loading=\"lazy\" decoding=\"async\" class=\"aligncenter size-full wp-image-6322\" src=\"http:\/\/newsinfoco.com.br\/wp-content\/uploads\/2018\/07\/Sem-t\u00edtulo.png\" alt=\"\" width=\"679\" height=\"634\" srcset=\"https:\/\/newsinfoco.com.br\/inicio\/wp-content\/uploads\/2018\/07\/Sem-t\u00edtulo.png 679w, https:\/\/newsinfoco.com.br\/inicio\/wp-content\/uploads\/2018\/07\/Sem-t\u00edtulo-300x280.png 300w, https:\/\/newsinfoco.com.br\/inicio\/wp-content\/uploads\/2018\/07\/Sem-t\u00edtulo-600x560.png 600w, https:\/\/newsinfoco.com.br\/inicio\/wp-content\/uploads\/2018\/07\/Sem-t\u00edtulo-450x420.png 450w\" sizes=\"auto, (max-width: 679px) 100vw, 679px\" \/><\/a><a href=\"http:\/\/newsinfoco.com.br\/wp-content\/uploads\/2018\/07\/Sem-t\u00edtulo-2.png\"><img loading=\"lazy\" decoding=\"async\" class=\"aligncenter size-full wp-image-6323\" src=\"http:\/\/newsinfoco.com.br\/wp-content\/uploads\/2018\/07\/Sem-t\u00edtulo-2.png\" alt=\"\" width=\"678\" height=\"477\" srcset=\"https:\/\/newsinfoco.com.br\/inicio\/wp-content\/uploads\/2018\/07\/Sem-t\u00edtulo-2.png 678w, https:\/\/newsinfoco.com.br\/inicio\/wp-content\/uploads\/2018\/07\/Sem-t\u00edtulo-2-300x211.png 300w, https:\/\/newsinfoco.com.br\/inicio\/wp-content\/uploads\/2018\/07\/Sem-t\u00edtulo-2-600x422.png 600w, https:\/\/newsinfoco.com.br\/inicio\/wp-content\/uploads\/2018\/07\/Sem-t\u00edtulo-2-100x70.png 100w, https:\/\/newsinfoco.com.br\/inicio\/wp-content\/uploads\/2018\/07\/Sem-t\u00edtulo-2-597x420.png 597w\" sizes=\"auto, (max-width: 678px) 100vw, 678px\" \/><\/a><\/p>\n<p style=\"text-align: justify;\"><span style=\"color: #000000;\">Os alunos selecionados devem se apresentar na Concreta Cursos, na Rua Padre Vieira 172 1\u00ba Andar \u2013 Centro, Alagoinhas, no dia 11 de Junho, \u00e0s 10h. Todos devem apresentar RG e CPF. A aus\u00eancia resultar\u00e1 na desclassifica\u00e7\u00e3o do programa.<\/span><\/p><div class=\"newsi-conteudo_19\" id=\"newsi-2858552593\"><a href=\"https:\/\/www.instagram.com\/prefeituraalagoinhas?igsh=YzgzdDJ1bWR3aWI4\" aria-label=\"SAVE_20251006_221555\"><img loading=\"lazy\" decoding=\"async\" src=\"https:\/\/newsinfoco.com.br\/inicio\/wp-content\/uploads\/2025\/10\/SAVE_20251006_221555-rotated.jpg\" alt=\"\"  srcset=\"https:\/\/newsinfoco.com.br\/inicio\/wp-content\/uploads\/2025\/10\/SAVE_20251006_221555-rotated.jpg 1140w, https:\/\/newsinfoco.com.br\/inicio\/wp-content\/uploads\/2025\/10\/SAVE_20251006_221555-300x52.jpg 300w, https:\/\/newsinfoco.com.br\/inicio\/wp-content\/uploads\/2025\/10\/SAVE_20251006_221555-1024x177.jpg 1024w, https:\/\/newsinfoco.com.br\/inicio\/wp-content\/uploads\/2025\/10\/SAVE_20251006_221555-768x133.jpg 768w, https:\/\/newsinfoco.com.br\/inicio\/wp-content\/uploads\/2025\/10\/SAVE_20251006_221555-600x104.jpg 600w, https:\/\/newsinfoco.com.br\/inicio\/wp-content\/uploads\/2025\/10\/SAVE_20251006_221555-696x120.jpg 696w, https:\/\/newsinfoco.com.br\/inicio\/wp-content\/uploads\/2025\/10\/SAVE_20251006_221555-1068x185.jpg 1068w\" sizes=\"(max-width: 1140px) 100vw, 1140px\" width=\"1140\" height=\"197\"   \/><\/a><\/div>\n<h6 style=\"text-align: justify;\" align=\"right\"><\/h6>\n<h6 align=\"right\"><span style=\"color: #999999;\">Fonte: SECOM Alagoinhas<br \/>\n<\/span><\/h6>\n<div class='share-to-whatsapp-wrapper'><div class='share-on-whsp'>Share on: <\/div><a data-text='SEMAS divulga Lista de convocados para os cursos profissionalizantes em parceria com a Concreta Cursos' data-link='https:\/\/newsinfoco.com.br\/inicio\/semas-divulga-lista-de-convocados-para-os-cursos-profissionalizantes-em-parceria-com-a-concreta-cursos\/' class='whatsapp-button whatsapp-share'>WhatsApp<\/a><div class='clear '><\/div><\/div>","protected":false},"excerpt":{"rendered":"<p>A\u00a0Prefeitura de Alagoinhas atrav\u00e9s da Secretaria Municipal de Assist\u00eancia Social (SEMAS) e do Programa Nacional de Promo\u00e7\u00e3o do Acesso ao Mundo do Trabalho (ACESSUAS) divulgou a 2\u00aa lista de contemplados com bolsas de estudo, confira lista:\u00a0 Os alunos selecionados devem se apresentar na Concreta Cursos, na Rua Padre Vieira 172 1\u00ba Andar \u2013 Centro, Alagoinhas, [&hellip;]<\/p>\n","protected":false},"author":1,"featured_media":301,"comment_status":"open","ping_status":"open","sticky":false,"template":"","format":"standard","meta":{"om_disable_all_campaigns":false,"_exactmetrics_skip_tracking":false,"_exactmetrics_sitenote_active":false,"_exactmetrics_sitenote_note":"","_exactmetrics_sitenote_category":0,"footnotes":""},"categories":[38,30],"tags":[53,54,120],"class_list":["post-6318","post","type-post","status-publish","format-standard","has-post-thumbnail","hentry","category-alagoinhas-e-regiao","category-destaque","tag-alagoinhas","tag-prefeitura","tag-secom-semas"],"aioseo_notices":[],"_links":{"self":[{"href":"https:\/\/newsinfoco.com.br\/inicio\/wp-json\/wp\/v2\/posts\/6318","targetHints":{"allow":["GET"]}}],"collection":[{"href":"https:\/\/newsinfoco.com.br\/inicio\/wp-json\/wp\/v2\/posts"}],"about":[{"href":"https:\/\/newsinfoco.com.br\/inicio\/wp-json\/wp\/v2\/types\/post"}],"author":[{"embeddable":true,"href":"https:\/\/newsinfoco.com.br\/inicio\/wp-json\/wp\/v2\/users\/1"}],"replies":[{"embeddable":true,"href":"https:\/\/newsinfoco.com.br\/inicio\/wp-json\/wp\/v2\/comments?post=6318"}],"version-history":[{"count":0,"href":"https:\/\/newsinfoco.com.br\/inicio\/wp-json\/wp\/v2\/posts\/6318\/revisions"}],"wp:featuredmedia":[{"embeddable":true,"href":"https:\/\/newsinfoco.com.br\/inicio\/wp-json\/wp\/v2\/media\/301"}],"wp:attachment":[{"href":"https:\/\/newsinfoco.com.br\/inicio\/wp-json\/wp\/v2\/media?parent=6318"}],"wp:term":[{"taxonomy":"category","embeddable":true,"href":"https:\/\/newsinfoco.com.br\/inicio\/wp-json\/wp\/v2\/categories?post=6318"},{"taxonomy":"post_tag","embeddable":true,"href":"https:\/\/newsinfoco.com.br\/inicio\/wp-json\/wp\/v2\/tags?post=6318"}],"curies":[{"name":"wp","href":"https:\/\/api.w.org\/{rel}","templated":true}]}}