{"id":6336,"date":"2018-07-10T19:06:19","date_gmt":"2018-07-10T22:06:19","guid":{"rendered":"http:\/\/newsinfoco.com.br\/?p=6336"},"modified":"2018-07-10T19:06:19","modified_gmt":"2018-07-10T22:06:19","slug":"cnj-abre-investigacao-contra-sergio-moro-favreto-e-gebran-neto","status":"publish","type":"post","link":"https:\/\/newsinfoco.com.br\/inicio\/cnj-abre-investigacao-contra-sergio-moro-favreto-e-gebran-neto\/","title":{"rendered":"CNJ abre investiga\u00e7\u00e3o contra S\u00e9rgio Moro, Favreto e Gebran Neto"},"content":{"rendered":"<p class=\" \" style=\"text-align: justify;\"><span style=\"color: #000000;\">O corregedor nacional de Justi\u00e7a, o ministro Jo\u00e3o Ot\u00e1vio de Noronha, decidiu\u00a0nesta ter\u00e7a-feira\u00a0(10) abrir os 10 pedidos preliminares de investiga\u00e7\u00e3o que chegaram ao Conselho Nacional de Justi\u00e7a (CNJ) contra os desembargadores Rog\u00e9rio Favreto, Jo\u00e3o Pedro Gebran Neto e o juiz federal S\u00e9rgio Moro.<\/span><\/p>\n<p style=\"text-align: justify;\"><span style=\"color: #000000;\"><strong>Moro, Favreto e Gebran<\/strong>\u00a0ser\u00e3o investigados por suas atua\u00e7\u00f5es no impasse jur\u00eddico que, no domingo, gerou d\u00favidas sobre a soltura do ex-presidente Lula (PT).<\/span><\/p><div class=\"newsi-conteudo_19\" id=\"newsi-2259457392\"><a href=\"https:\/\/www.instagram.com\/prefeituraalagoinhas?igsh=YzgzdDJ1bWR3aWI4\" aria-label=\"SAVE_20251006_221555\"><img loading=\"lazy\" decoding=\"async\" src=\"https:\/\/newsinfoco.com.br\/inicio\/wp-content\/uploads\/2025\/10\/SAVE_20251006_221555-rotated.jpg\" alt=\"\"  srcset=\"https:\/\/newsinfoco.com.br\/inicio\/wp-content\/uploads\/2025\/10\/SAVE_20251006_221555-rotated.jpg 1140w, https:\/\/newsinfoco.com.br\/inicio\/wp-content\/uploads\/2025\/10\/SAVE_20251006_221555-300x52.jpg 300w, https:\/\/newsinfoco.com.br\/inicio\/wp-content\/uploads\/2025\/10\/SAVE_20251006_221555-1024x177.jpg 1024w, https:\/\/newsinfoco.com.br\/inicio\/wp-content\/uploads\/2025\/10\/SAVE_20251006_221555-768x133.jpg 768w, https:\/\/newsinfoco.com.br\/inicio\/wp-content\/uploads\/2025\/10\/SAVE_20251006_221555-600x104.jpg 600w, https:\/\/newsinfoco.com.br\/inicio\/wp-content\/uploads\/2025\/10\/SAVE_20251006_221555-696x120.jpg 696w, https:\/\/newsinfoco.com.br\/inicio\/wp-content\/uploads\/2025\/10\/SAVE_20251006_221555-1068x185.jpg 1068w\" sizes=\"(max-width: 1140px) 100vw, 1140px\" width=\"1140\" height=\"197\"   \/><\/a><\/div>\n<p style=\"text-align: justify;\"><span style=\"color: #000000;\">Para ministros do Supremo Tribunal Federal (STF) e do Superior Tribunal de Justi\u00e7a (STJ), Moro deu pretextos para os cr\u00edticos da forma como ele tem conduzido seus processos.<\/span><\/p>\n<p style=\"text-align: justify;\"><span style=\"color: #000000;\">Os pedidos de puni\u00e7\u00e3o, portanto, n\u00e3o seriam injustificados. Isso porque, al\u00e9m de n\u00e3o caber a Moro questionar ordem de inst\u00e2ncias superiores, ele estava de f\u00e9rias quando decidiu interferir na\u00a0<strong>soltura de Lula<\/strong>\u00a0.<\/span><\/p>\n<h3 style=\"text-align: justify;\"><span style=\"color: #000000;\">Moro, Favreto e Gebran na mira do CNJ<\/span><\/h3>\n<p style=\"text-align: justify;\"><span style=\"color: #000000;\">As reclama\u00e7\u00f5es disciplinares\u00a0foram protocoladas\u00a0na segunda\u00a0(9) ap\u00f3s as decis\u00f5es conflitantes do Tribunal Regional Federal da 4\u00aa Regi\u00e3o, no \u00faltimo fim de semana, sobre a concess\u00e3o de liberdade ao ex-presidente Luiz In\u00e1cio Lula da Silva.<\/span><\/p>\n<p style=\"text-align: justify;\"><span style=\"color: #000000;\">Segundo o CNJ, junto das oito reclama\u00e7\u00f5es que chegaram contra Favreto e duas contra Moro, ser\u00e1 acrescentada uma investiga\u00e7\u00e3o mais ampla sobre o caso. O trabalho de apura\u00e7\u00e3o ter\u00e1 in\u00edcio imediato.\u00a0Da an\u00e1lise dos processos, pode ser aberto um Processo Administrativo Disciplinar (PAD) contra os magistrados, que, por sua vez, pode culminar em puni\u00e7\u00e3o, desde advert\u00eancia at\u00e9 aposentadoria compuls\u00f3ria.<\/span><\/p>\n<p style=\"text-align: justify;\"><span style=\"color: #000000;\">Lula est\u00e1 preso na\u00a0<strong>Superintend\u00eancia da Pol\u00edcia Federal em Curitiba<\/strong>\u00a0desde o dia\u00a07 de abril, por determina\u00e7\u00e3o do juiz S\u00e9rgio Moro, que ordenou a execu\u00e7\u00e3o provis\u00f3ria da pena do petista. A pris\u00e3o foi executada com base na decis\u00e3o do STF que autorizou pris\u00f5es ap\u00f3s o fim dos recursos na\u00a0segunda\u00a0inst\u00e2ncia da Justi\u00e7a, mesmo que a condena\u00e7\u00e3o n\u00e3o tenha sido avaliada nas inst\u00e2ncias superiores, o STJ e o pr\u00f3prio STF.<\/span><\/p>\n<p style=\"text-align: justify;\"><span style=\"color: #000000;\">No\u00a0domingo\u00a0(8), o desembargador Rogerio Favreto atendeu a um pedido de liberdade feito por deputados do PT em favor de Lula. Em seguida, o juiz Sergio Moro e o desembargador do Tribunal Regional Federal da 4\u00aa Regi\u00e3o Gebran Neto, ambos relatores dos processos da Opera\u00e7\u00e3o Lava Jato, derrubaram a decis\u00e3o de Favreto por entenderam que o magistrado n\u00e3o tinha compet\u00eancia para decidir a quest\u00e3o.\u00a0<\/span><\/p>\n<p style=\"text-align: justify;\"><span style=\"color: #000000;\">o mesmo dia, o entendimento foi confirmado pelo presidente do TRF, Thompson Flores.\u00a0Pelo imbr\u00f3glio,\u00a0<strong>Moro, Favreto e Gebran<\/strong>\u00a0ter\u00e3o as condutas analisadas pelo CNJ<\/span>.<\/p>\n<h6 style=\"text-align: right;\"><strong>Fonte:ig<\/strong><\/h6>\n<div class='share-to-whatsapp-wrapper'><div class='share-on-whsp'>Share on: <\/div><a data-text='CNJ abre investiga\u00e7\u00e3o contra S\u00e9rgio Moro, Favreto e Gebran Neto' data-link='https:\/\/newsinfoco.com.br\/inicio\/cnj-abre-investigacao-contra-sergio-moro-favreto-e-gebran-neto\/' class='whatsapp-button whatsapp-share'>WhatsApp<\/a><div class='clear '><\/div><\/div>","protected":false},"excerpt":{"rendered":"<p>O corregedor nacional de Justi\u00e7a, o ministro Jo\u00e3o Ot\u00e1vio de Noronha, decidiu\u00a0nesta ter\u00e7a-feira\u00a0(10) abrir os 10 pedidos preliminares de investiga\u00e7\u00e3o que chegaram ao Conselho Nacional de Justi\u00e7a (CNJ) contra os desembargadores Rog\u00e9rio Favreto, Jo\u00e3o Pedro Gebran Neto e o juiz federal S\u00e9rgio Moro. Moro, Favreto e Gebran\u00a0ser\u00e3o investigados por suas atua\u00e7\u00f5es no impasse jur\u00eddico que, [&hellip;]<\/p>\n","protected":false},"author":1,"featured_media":6337,"comment_status":"open","ping_status":"open","sticky":false,"template":"","format":"standard","meta":{"om_disable_all_campaigns":false,"_exactmetrics_skip_tracking":false,"_exactmetrics_sitenote_active":false,"_exactmetrics_sitenote_note":"","_exactmetrics_sitenote_category":0,"footnotes":""},"categories":[21],"tags":[],"class_list":["post-6336","post","type-post","status-publish","format-standard","has-post-thumbnail","hentry","category-brasil"],"aioseo_notices":[],"_links":{"self":[{"href":"https:\/\/newsinfoco.com.br\/inicio\/wp-json\/wp\/v2\/posts\/6336","targetHints":{"allow":["GET"]}}],"collection":[{"href":"https:\/\/newsinfoco.com.br\/inicio\/wp-json\/wp\/v2\/posts"}],"about":[{"href":"https:\/\/newsinfoco.com.br\/inicio\/wp-json\/wp\/v2\/types\/post"}],"author":[{"embeddable":true,"href":"https:\/\/newsinfoco.com.br\/inicio\/wp-json\/wp\/v2\/users\/1"}],"replies":[{"embeddable":true,"href":"https:\/\/newsinfoco.com.br\/inicio\/wp-json\/wp\/v2\/comments?post=6336"}],"version-history":[{"count":0,"href":"https:\/\/newsinfoco.com.br\/inicio\/wp-json\/wp\/v2\/posts\/6336\/revisions"}],"wp:featuredmedia":[{"embeddable":true,"href":"https:\/\/newsinfoco.com.br\/inicio\/wp-json\/wp\/v2\/media\/6337"}],"wp:attachment":[{"href":"https:\/\/newsinfoco.com.br\/inicio\/wp-json\/wp\/v2\/media?parent=6336"}],"wp:term":[{"taxonomy":"category","embeddable":true,"href":"https:\/\/newsinfoco.com.br\/inicio\/wp-json\/wp\/v2\/categories?post=6336"},{"taxonomy":"post_tag","embeddable":true,"href":"https:\/\/newsinfoco.com.br\/inicio\/wp-json\/wp\/v2\/tags?post=6336"}],"curies":[{"name":"wp","href":"https:\/\/api.w.org\/{rel}","templated":true}]}}