{"id":6340,"date":"2018-07-10T19:13:31","date_gmt":"2018-07-10T22:13:31","guid":{"rendered":"http:\/\/newsinfoco.com.br\/?p=6340"},"modified":"2018-07-10T19:13:31","modified_gmt":"2018-07-10T22:13:31","slug":"stj-nega-habeas-corpus-a-lula-e-reafirma-incompetencia-de-plantonista","status":"publish","type":"post","link":"https:\/\/newsinfoco.com.br\/inicio\/stj-nega-habeas-corpus-a-lula-e-reafirma-incompetencia-de-plantonista\/","title":{"rendered":"STJ nega habeas corpus a Lula e reafirma incompet\u00eancia de plantonista"},"content":{"rendered":"<p class=\" \" style=\"text-align: justify;\"><span style=\"color: #000000;\">A presidente do Superior Tribunal de Justi\u00e7a (STJ), ministra Laurita Vaz,\u00a0negou, na tarde desta ter\u00e7a-feira (10), um habeas corpus\u00a0movido por um advogado a favor do ex-presidente Luiz In\u00e1cio Lula da Silva (PT). O pedido de habeas corpus para Lula\u00a0solicitava a soltura do petista, que est\u00e1\u00a0detido desde o dia 7 de abril deste ano, na sede da Pol\u00edcia Federal, em Curitiba.<\/span><\/p>\n<p style=\"text-align: justify;\"><span style=\"color: #000000;\">Essa decis\u00e3o coroa uma s\u00e9rie de pareceres divulgados\u00a0desde o \u00faltimo domingo (8), quando o\u00a0desembargador plantonista do Tribunal Regional da 4\u00aa regi\u00e3o (TRF-4), Rog\u00e9rio Favreto, concedeu liberdade ao ex-presidente. Em seguida, o\u00a0presidente do TRF-4, o juiz Thompson Flores, cassou essa decis\u00e3o. O\u00a0<strong>habeas corpus para Lula<\/strong>\u00a0, hoje negado pelo STJ, era contr\u00e1rio \u00e0 decis\u00e3o que cassou a soltura do petista.<\/span><\/p><div class=\"newsi-conteudo_19\" id=\"newsi-156078669\"><a href=\"https:\/\/www.instagram.com\/prefeituraalagoinhas?igsh=YzgzdDJ1bWR3aWI4\" aria-label=\"SAVE_20251006_221555\"><img loading=\"lazy\" decoding=\"async\" src=\"https:\/\/newsinfoco.com.br\/inicio\/wp-content\/uploads\/2025\/10\/SAVE_20251006_221555-rotated.jpg\" alt=\"\"  srcset=\"https:\/\/newsinfoco.com.br\/inicio\/wp-content\/uploads\/2025\/10\/SAVE_20251006_221555-rotated.jpg 1140w, https:\/\/newsinfoco.com.br\/inicio\/wp-content\/uploads\/2025\/10\/SAVE_20251006_221555-300x52.jpg 300w, https:\/\/newsinfoco.com.br\/inicio\/wp-content\/uploads\/2025\/10\/SAVE_20251006_221555-1024x177.jpg 1024w, https:\/\/newsinfoco.com.br\/inicio\/wp-content\/uploads\/2025\/10\/SAVE_20251006_221555-768x133.jpg 768w, https:\/\/newsinfoco.com.br\/inicio\/wp-content\/uploads\/2025\/10\/SAVE_20251006_221555-600x104.jpg 600w, https:\/\/newsinfoco.com.br\/inicio\/wp-content\/uploads\/2025\/10\/SAVE_20251006_221555-696x120.jpg 696w, https:\/\/newsinfoco.com.br\/inicio\/wp-content\/uploads\/2025\/10\/SAVE_20251006_221555-1068x185.jpg 1068w\" sizes=\"(max-width: 1140px) 100vw, 1140px\" width=\"1140\" height=\"197\"   \/><\/a><\/div>\n<p style=\"text-align: justify;\"><span style=\"color: #000000;\">Logo ap\u00f3s a decis\u00e3o de soltura de Lula ser divulgada, o\u00a0juiz S\u00e9rgio Moro chegou a afirmar, em despacho no \u00faltimo domingo, que Favreto era &#8220;incompetente&#8221; para julgar a quest\u00e3o, impedindo assim que o l\u00edder petista deixe a carceragem. Favreto chegou a reafirmar sua decis\u00e3o, dizendo que estava respons\u00e1vel pelo TRF-4 durante o feriado.\u00a0<\/span><\/p>\n<p style=\"text-align: justify;\"><span style=\"color: #000000;\">Por\u00e9m, o\u00a0\u00a0<a style=\"color: #000000;\" href=\"http:\/\/ultimosegundo.ig.com.br\/politica\/2018-07-08\/presidente-do-trf-4-lula.html\" target=\"_blank\" rel=\"noopener\">presidente do Tribunal determinou<\/a>\u00a0que, como n\u00e3o h\u00e1 regra clara sobre as atribui\u00e7\u00f5es do juiz plantonista do TRF, cabe ao relator do caso, o desembargador Gebran Neto, conduzir o recurso apresentado pela defesa do l\u00edder petista. O relator \u00e9 contr\u00e1rio \u00e0 soltura do petista.\u00a0<\/span><\/p>\n<h3 class=\" \" style=\"text-align: justify;\"><span style=\"color: #000000;\">Negativa ao habeas corpus para Lula<\/span><\/h3>\n<p class=\" \" style=\"text-align: justify;\"><span style=\"color: #000000;\">Em sua decis\u00e3o assinada hoje, a ministra Laurita Vaz chegou, inclusive, a\u00a0reafirmar a incompet\u00eancia do desembargador\u00a0Rog\u00e9rio Favreto\u00a0para decidir sobre o caso do petista. Segundo ela, a decis\u00e3o de Favreto \u00e9 &#8220;inusitada e teratol\u00f3gica&#8221;, uma vez que se mostra em &#8220;flagrante desrespeito&#8221; \u00e0 decis\u00e3o j\u00e1 tomada pelo TRF-4, pelo STJ e STF.<\/span><\/p>\n<p class=\" \" style=\"text-align: justify;\"><span style=\"color: #000000;\">Laurita diz ainda que\u00a0est\u00e1 totalmente fora da compet\u00eancia do desembargador plantonista emitir ju\u00edzo de plausibilidade sobre as teses suscitadas pela defesa no recurso especial interposto contra a condena\u00e7\u00e3o do ex-presidente da Rep\u00fablica, que ainda ser\u00e1 examinado e decidido pelo STJ.<\/span><\/p>\n<p class=\" \" style=\"text-align: justify;\"><span style=\"color: #000000;\">&#8220;No mais, reafirmo a absoluta incompet\u00eancia do Ju\u00edzo Plantonista para deliberar sobre quest\u00e3o j\u00e1 decidida por este Superior Tribunal de Justi\u00e7a e pelo Supremo Tribunal Federal, afastando a alegada nulidade arguida&#8221;, disse a ministra.<\/span><\/p>\n<p style=\"text-align: justify;\"><span style=\"color: #000000;\">Segundo o STJ, nos \u00faltimos dois dias,\u00a0foram recebidos outros 145\u00a0<strong>habeas corpus para Lula<\/strong>\u00a0, impetrados por pessoas que n\u00e3o fazem parte da defesa t\u00e9cnica do ex-presidente.<\/span><\/p>\n<h6 style=\"text-align: right;\"><strong>Fonte:ig<\/strong><\/h6>\n<div class='share-to-whatsapp-wrapper'><div class='share-on-whsp'>Share on: <\/div><a data-text='STJ nega habeas corpus a Lula e reafirma incompet\u00eancia de plantonista' data-link='https:\/\/newsinfoco.com.br\/inicio\/stj-nega-habeas-corpus-a-lula-e-reafirma-incompetencia-de-plantonista\/' class='whatsapp-button whatsapp-share'>WhatsApp<\/a><div class='clear '><\/div><\/div>","protected":false},"excerpt":{"rendered":"<p>A presidente do Superior Tribunal de Justi\u00e7a (STJ), ministra Laurita Vaz,\u00a0negou, na tarde desta ter\u00e7a-feira (10), um habeas corpus\u00a0movido por um advogado a favor do ex-presidente Luiz In\u00e1cio Lula da Silva (PT). O pedido de habeas corpus para Lula\u00a0solicitava a soltura do petista, que est\u00e1\u00a0detido desde o dia 7 de abril deste ano, na sede [&hellip;]<\/p>\n","protected":false},"author":1,"featured_media":6341,"comment_status":"open","ping_status":"open","sticky":false,"template":"","format":"standard","meta":{"om_disable_all_campaigns":false,"_exactmetrics_skip_tracking":false,"_exactmetrics_sitenote_active":false,"_exactmetrics_sitenote_note":"","_exactmetrics_sitenote_category":0,"footnotes":""},"categories":[21],"tags":[],"class_list":["post-6340","post","type-post","status-publish","format-standard","has-post-thumbnail","hentry","category-brasil"],"aioseo_notices":[],"_links":{"self":[{"href":"https:\/\/newsinfoco.com.br\/inicio\/wp-json\/wp\/v2\/posts\/6340","targetHints":{"allow":["GET"]}}],"collection":[{"href":"https:\/\/newsinfoco.com.br\/inicio\/wp-json\/wp\/v2\/posts"}],"about":[{"href":"https:\/\/newsinfoco.com.br\/inicio\/wp-json\/wp\/v2\/types\/post"}],"author":[{"embeddable":true,"href":"https:\/\/newsinfoco.com.br\/inicio\/wp-json\/wp\/v2\/users\/1"}],"replies":[{"embeddable":true,"href":"https:\/\/newsinfoco.com.br\/inicio\/wp-json\/wp\/v2\/comments?post=6340"}],"version-history":[{"count":0,"href":"https:\/\/newsinfoco.com.br\/inicio\/wp-json\/wp\/v2\/posts\/6340\/revisions"}],"wp:featuredmedia":[{"embeddable":true,"href":"https:\/\/newsinfoco.com.br\/inicio\/wp-json\/wp\/v2\/media\/6341"}],"wp:attachment":[{"href":"https:\/\/newsinfoco.com.br\/inicio\/wp-json\/wp\/v2\/media?parent=6340"}],"wp:term":[{"taxonomy":"category","embeddable":true,"href":"https:\/\/newsinfoco.com.br\/inicio\/wp-json\/wp\/v2\/categories?post=6340"},{"taxonomy":"post_tag","embeddable":true,"href":"https:\/\/newsinfoco.com.br\/inicio\/wp-json\/wp\/v2\/tags?post=6340"}],"curies":[{"name":"wp","href":"https:\/\/api.w.org\/{rel}","templated":true}]}}