{"id":6345,"date":"2018-07-10T19:17:15","date_gmt":"2018-07-10T22:17:15","guid":{"rendered":"http:\/\/newsinfoco.com.br\/?p=6345"},"modified":"2018-07-10T19:17:15","modified_gmt":"2018-07-10T22:17:15","slug":"real-madrid-anuncia-ida-de-cristiano-ronaldo-para-juventus","status":"publish","type":"post","link":"https:\/\/newsinfoco.com.br\/inicio\/real-madrid-anuncia-ida-de-cristiano-ronaldo-para-juventus\/","title":{"rendered":"Real Madrid anuncia ida de Cristiano Ronaldo para Juventus"},"content":{"rendered":"<p style=\"text-align: justify;\"><span style=\"color: #000000;\">Cristiano Ronaldo \u00e9 jogador da Juventus. A contrata\u00e7\u00e3o foi confirmada pelo clube espanhol nesta ter\u00e7a-feira, ap\u00f3s algum tempo de especula\u00e7\u00e3o. O atual melhor do mundo chega com a miss\u00e3o de levar a equipe ao sonhado t\u00edtulo da Uefa Champions League, algo que n\u00e3o acontece desde 1996.<\/span><\/p>\n<p style=\"text-align: justify;\"><span style=\"color: #000000;\">&#8220;O Real Madrid comunica que, de acordo com a vontade e pedido expresso pelo jogador Cristiano Ronaldo, concorda em transferi-lo para a Juventus. Hoje o Real Madrid quer expressar sua gratid\u00e3o a um jogador que provou ser o melhor do mundo e que marcou um dos momentos mais brilhantes da hist\u00f3ria do nosso clube e do futebol mundial&#8221;, confirmou o clube espanhol por meio de comunicado oficial.<\/span><\/p><div class=\"newsi-conteudo_19\" id=\"newsi-1649635790\"><a href=\"https:\/\/www.instagram.com\/prefeituraalagoinhas?igsh=YzgzdDJ1bWR3aWI4\" aria-label=\"SAVE_20251006_221555\"><img loading=\"lazy\" decoding=\"async\" src=\"https:\/\/newsinfoco.com.br\/inicio\/wp-content\/uploads\/2025\/10\/SAVE_20251006_221555-rotated.jpg\" alt=\"\"  srcset=\"https:\/\/newsinfoco.com.br\/inicio\/wp-content\/uploads\/2025\/10\/SAVE_20251006_221555-rotated.jpg 1140w, https:\/\/newsinfoco.com.br\/inicio\/wp-content\/uploads\/2025\/10\/SAVE_20251006_221555-300x52.jpg 300w, https:\/\/newsinfoco.com.br\/inicio\/wp-content\/uploads\/2025\/10\/SAVE_20251006_221555-1024x177.jpg 1024w, https:\/\/newsinfoco.com.br\/inicio\/wp-content\/uploads\/2025\/10\/SAVE_20251006_221555-768x133.jpg 768w, https:\/\/newsinfoco.com.br\/inicio\/wp-content\/uploads\/2025\/10\/SAVE_20251006_221555-600x104.jpg 600w, https:\/\/newsinfoco.com.br\/inicio\/wp-content\/uploads\/2025\/10\/SAVE_20251006_221555-696x120.jpg 696w, https:\/\/newsinfoco.com.br\/inicio\/wp-content\/uploads\/2025\/10\/SAVE_20251006_221555-1068x185.jpg 1068w\" sizes=\"(max-width: 1140px) 100vw, 1140px\" width=\"1140\" height=\"197\"   \/><\/a><\/div>\n<p style=\"text-align: justify;\"><span style=\"color: #000000;\">Aos 33 anos, Cristiano Ronaldo dispensa qualquer tipo de apresenta\u00e7\u00f5es. Ele \u00e9 o maior artilheiro da hist\u00f3ria do Real Madrid, da sele\u00e7\u00e3o de Portugal e ainda \u00e9 o goleador m\u00e1ximo da Liga dos Campe\u00f5es. Nos \u00faltimos anos, foi o grande respons\u00e1vel pelo tricampeonato consecutivo do clube espanhol na maior competi\u00e7\u00e3o do continente, sendo o artilheiro em todas elas.<\/span><\/p>\n<p style=\"text-align: justify;\"><span style=\"color: #000000;\">Segudo a imprensa europeia, a negocia\u00e7\u00e3o foi de 100 milh\u00f5es de euros por um atleta veterano, j\u00e1 em fase final da carreira. O clube italiano acumula tr\u00eas finais da competi\u00e7\u00e3o neste s\u00e9culo, mas acabou derrotado em todas elas, para Milan, em 2003, Barcelona, em 2015 e Real Madrid, em 2017, quando Ronaldo anotou dois gols.<\/span><\/p>\n<p style=\"text-align: justify;\"><span style=\"color: #000000;\">Agora, CR7 tentar\u00e1 igualar Clarence Seedorf, atualmente o \u00fanico jogador a vencer a Champions por tr\u00eas clubes diferentes. Al\u00e9m do Real, ele foi campe\u00e3o com o Manchester United, em 2008, equipe em que ganhou grande proje\u00e7\u00e3o mundial.<\/span><\/p>\n<p style=\"text-align: justify;\">\n<span style=\"color: #000000;\"><strong>CONFIRA, NA INTEGRA, A NOTA DO REAL MADRID OFICIALIZANDO A SA\u00cdDA DE CRISTIANO RONALDO<\/strong><\/span><\/p>\n<p style=\"text-align: justify;\"><span style=\"color: #000000;\"><em>O Real Madrid C. F. comunica que, de acordo com a vontade e pedido expresso pelo jogador Cristiano Ronaldo, concorda em transferi-lo para a Juventus F. C.<\/em><\/span><\/p>\n<p style=\"text-align: justify;\"><span style=\"color: #000000;\"><em>Hoje o Real Madrid quer expressar sua gratid\u00e3o a um jogador que provou ser o melhor do mundo e que marcou um dos momentos mais brilhantes da hist\u00f3ria do nosso clube e do futebol mundial.<\/em><\/span><\/p>\n<p style=\"text-align: justify;\">\n<span style=\"color: #000000;\"><em>Al\u00e9m dos t\u00edtulos conquistados, trof\u00e9us conquistados e os sucessos alcan\u00e7ados no campo de jogo durante esses nove anos, Cristiano Ronaldo tem sido um exemplo de dedica\u00e7\u00e3o, trabalho, responsabilidade, talento e crescimento.<\/em><\/span><\/p>\n<p style=\"text-align: justify;\"><span style=\"color: #000000;\"><em>Ele tamb\u00e9m se tornou o artilheiro da hist\u00f3ria do Real Madrid, com 451 gols em 438 jogos. No total, 16 t\u00edtulos, incluindo 4 Copas da Europa, 3 deles consecutivos e 4 nas \u00faltimas 5 temporadas. Em n\u00fameros individuais, com a camisa do Real Madrid, ele ganhou 4 Bolas de Ouro, 2 vezes escolhido o The Best e 3 Chuteiras de Ouro, entre muitos outros pr\u00eamios.<\/em><\/span><\/p>\n<p style=\"text-align: justify;\"><span style=\"color: #000000;\"><em>Para o Real Madrid, Cristiano Ronaldo ser\u00e1 sempre um dos grandes s\u00edmbolos e uma refer\u00eancia \u00fanica para as pr\u00f3ximas gera\u00e7\u00f5es.<\/em><\/span><\/p>\n<p style=\"text-align: justify;\"><span style=\"color: #000000;\"><em>O Real Madrid ser\u00e1 sempre a sua casa.<\/em><\/span><\/p>\n<p>&nbsp;<\/p>\n<h6 style=\"text-align: right;\">Fonte:Bnews<\/h6>\n<div class='share-to-whatsapp-wrapper'><div class='share-on-whsp'>Share on: <\/div><a data-text='Real Madrid anuncia ida de Cristiano Ronaldo para Juventus' data-link='https:\/\/newsinfoco.com.br\/inicio\/real-madrid-anuncia-ida-de-cristiano-ronaldo-para-juventus\/' class='whatsapp-button whatsapp-share'>WhatsApp<\/a><div class='clear '><\/div><\/div>","protected":false},"excerpt":{"rendered":"<p>Cristiano Ronaldo \u00e9 jogador da Juventus. A contrata\u00e7\u00e3o foi confirmada pelo clube espanhol nesta ter\u00e7a-feira, ap\u00f3s algum tempo de especula\u00e7\u00e3o. O atual melhor do mundo chega com a miss\u00e3o de levar a equipe ao sonhado t\u00edtulo da Uefa Champions League, algo que n\u00e3o acontece desde 1996. &#8220;O Real Madrid comunica que, de acordo com a [&hellip;]<\/p>\n","protected":false},"author":1,"featured_media":6346,"comment_status":"open","ping_status":"open","sticky":false,"template":"","format":"standard","meta":{"om_disable_all_campaigns":false,"_exactmetrics_skip_tracking":false,"_exactmetrics_sitenote_active":false,"_exactmetrics_sitenote_note":"","_exactmetrics_sitenote_category":0,"footnotes":""},"categories":[36],"tags":[],"class_list":["post-6345","post","type-post","status-publish","format-standard","has-post-thumbnail","hentry","category-esporte"],"aioseo_notices":[],"_links":{"self":[{"href":"https:\/\/newsinfoco.com.br\/inicio\/wp-json\/wp\/v2\/posts\/6345","targetHints":{"allow":["GET"]}}],"collection":[{"href":"https:\/\/newsinfoco.com.br\/inicio\/wp-json\/wp\/v2\/posts"}],"about":[{"href":"https:\/\/newsinfoco.com.br\/inicio\/wp-json\/wp\/v2\/types\/post"}],"author":[{"embeddable":true,"href":"https:\/\/newsinfoco.com.br\/inicio\/wp-json\/wp\/v2\/users\/1"}],"replies":[{"embeddable":true,"href":"https:\/\/newsinfoco.com.br\/inicio\/wp-json\/wp\/v2\/comments?post=6345"}],"version-history":[{"count":0,"href":"https:\/\/newsinfoco.com.br\/inicio\/wp-json\/wp\/v2\/posts\/6345\/revisions"}],"wp:featuredmedia":[{"embeddable":true,"href":"https:\/\/newsinfoco.com.br\/inicio\/wp-json\/wp\/v2\/media\/6346"}],"wp:attachment":[{"href":"https:\/\/newsinfoco.com.br\/inicio\/wp-json\/wp\/v2\/media?parent=6345"}],"wp:term":[{"taxonomy":"category","embeddable":true,"href":"https:\/\/newsinfoco.com.br\/inicio\/wp-json\/wp\/v2\/categories?post=6345"},{"taxonomy":"post_tag","embeddable":true,"href":"https:\/\/newsinfoco.com.br\/inicio\/wp-json\/wp\/v2\/tags?post=6345"}],"curies":[{"name":"wp","href":"https:\/\/api.w.org\/{rel}","templated":true}]}}