{"id":6351,"date":"2018-07-10T19:22:18","date_gmt":"2018-07-10T22:22:18","guid":{"rendered":"http:\/\/newsinfoco.com.br\/?p=6351"},"modified":"2018-07-10T19:22:18","modified_gmt":"2018-07-10T22:22:18","slug":"secretaria-de-desenvolvimento-e-meio-ambiente-inicia-calendario-de-atividades-do-programa-prepare-se-para-o-mes-de-julho","status":"publish","type":"post","link":"https:\/\/newsinfoco.com.br\/inicio\/secretaria-de-desenvolvimento-e-meio-ambiente-inicia-calendario-de-atividades-do-programa-prepare-se-para-o-mes-de-julho\/","title":{"rendered":"Secretaria de Desenvolvimento e Meio Ambiente inicia calend\u00e1rio de atividades do programa PREPARE-SE para o m\u00eas de julho"},"content":{"rendered":"<p style=\"text-align: justify;\"><span style=\"color: #000000;\">Come\u00e7ou nesta ter\u00e7a-feira (10) o primeiro curso da grade prevista pela Secretaria Municipal de Desenvolvimento e Meio Ambiente (SEDEA) como parte do programa PREPARE-SE, que tem como objetivo a qualifica\u00e7\u00e3o profissional e o desenvolvimento de habilidades com foco no empreendedorismo.<\/span><\/p>\n<p style=\"text-align: justify;\"><span style=\"color: #000000;\">A atividade que abriu o cronograma de julho foi da \u00e1rea de \u201cReda\u00e7\u00e3o\u201d, com o professor F\u00e1bio Fernandes, graduado em Letras Vern\u00e1culas pela Universidade do Estado da Bahia (UNEB), que estar\u00e1 na secretaria tamb\u00e9m nesta quarta-feira (11), das 8h \u00e0s 11h.<\/span><\/p><div class=\"newsi-conteudo_19\" id=\"newsi-3885413642\"><a href=\"https:\/\/www.instagram.com\/prefeituraalagoinhas?igsh=YzgzdDJ1bWR3aWI4\" aria-label=\"SAVE_20251006_221555\"><img loading=\"lazy\" decoding=\"async\" src=\"https:\/\/newsinfoco.com.br\/inicio\/wp-content\/uploads\/2025\/10\/SAVE_20251006_221555-rotated.jpg\" alt=\"\"  srcset=\"https:\/\/newsinfoco.com.br\/inicio\/wp-content\/uploads\/2025\/10\/SAVE_20251006_221555-rotated.jpg 1140w, https:\/\/newsinfoco.com.br\/inicio\/wp-content\/uploads\/2025\/10\/SAVE_20251006_221555-300x52.jpg 300w, https:\/\/newsinfoco.com.br\/inicio\/wp-content\/uploads\/2025\/10\/SAVE_20251006_221555-1024x177.jpg 1024w, https:\/\/newsinfoco.com.br\/inicio\/wp-content\/uploads\/2025\/10\/SAVE_20251006_221555-768x133.jpg 768w, https:\/\/newsinfoco.com.br\/inicio\/wp-content\/uploads\/2025\/10\/SAVE_20251006_221555-600x104.jpg 600w, https:\/\/newsinfoco.com.br\/inicio\/wp-content\/uploads\/2025\/10\/SAVE_20251006_221555-696x120.jpg 696w, https:\/\/newsinfoco.com.br\/inicio\/wp-content\/uploads\/2025\/10\/SAVE_20251006_221555-1068x185.jpg 1068w\" sizes=\"(max-width: 1140px) 100vw, 1140px\" width=\"1140\" height=\"197\"   \/><\/a><\/div>\n<p style=\"text-align: justify;\"><span style=\"color: #000000;\">De acordo com a SEDEA, qualquer pessoa pode participar gratuitamente. A inscri\u00e7\u00e3o deve ser realizada na sede da secretaria, que fica na Rua Soror Joana Ang\u00e9lica, acima do pr\u00e9dio da L\u00e2mpada, mediante apresenta\u00e7\u00e3o de documento de identidade e comprovante de resid\u00eancia. Apenas maiores de 16 anos podem efetuar o cadastro.<\/span><\/p>\n<p style=\"text-align: justify;\"><span style=\"color: #000000;\">Confira a grade completa atrav\u00e9s do<\/span> link:\u00a0<a href=\"https:\/\/www.alagoinhas.ba.gov.br\/index.php\/prefeitura-divulga-cronograma-de-oficinas-da-secretaria-municipal-de-desenvolvimento-e-meio-ambiente-para-o-mes-de-julho\/\">https:\/\/www.alagoinhas.ba.gov.br\/index.php\/prefeitura-divulga-cronograma-de-oficinas-da-secretaria-municipal-de-desenvolvimento-e-meio-ambiente-para-o-mes-de-julho\/<\/a>.<\/p>\n<p><img decoding=\"async\" src=\"https:\/\/www.alagoinhas.ba.gov.br\/wp-content\/uploads\/2018\/07\/WhatsApp-Image-2018-07-10-at-13.14.38-1024x614.jpeg\" \/><\/p>\n<p style=\"text-align: right;\">Fonte: SECOM SEDEA<\/p>\n<div class='share-to-whatsapp-wrapper'><div class='share-on-whsp'>Share on: <\/div><a data-text='Secretaria de Desenvolvimento e Meio Ambiente inicia calend\u00e1rio de atividades do programa PREPARE-SE para o m\u00eas de julho' data-link='https:\/\/newsinfoco.com.br\/inicio\/secretaria-de-desenvolvimento-e-meio-ambiente-inicia-calendario-de-atividades-do-programa-prepare-se-para-o-mes-de-julho\/' class='whatsapp-button whatsapp-share'>WhatsApp<\/a><div class='clear '><\/div><\/div>","protected":false},"excerpt":{"rendered":"<p>Come\u00e7ou nesta ter\u00e7a-feira (10) o primeiro curso da grade prevista pela Secretaria Municipal de Desenvolvimento e Meio Ambiente (SEDEA) como parte do programa PREPARE-SE, que tem como objetivo a qualifica\u00e7\u00e3o profissional e o desenvolvimento de habilidades com foco no empreendedorismo. A atividade que abriu o cronograma de julho foi da \u00e1rea de \u201cReda\u00e7\u00e3o\u201d, com o [&hellip;]<\/p>\n","protected":false},"author":1,"featured_media":6354,"comment_status":"open","ping_status":"open","sticky":false,"template":"","format":"standard","meta":{"om_disable_all_campaigns":false,"_exactmetrics_skip_tracking":false,"_exactmetrics_sitenote_active":false,"_exactmetrics_sitenote_note":"","_exactmetrics_sitenote_category":0,"footnotes":""},"categories":[38,30],"tags":[53,54,130],"class_list":["post-6351","post","type-post","status-publish","format-standard","has-post-thumbnail","hentry","category-alagoinhas-e-regiao","category-destaque","tag-alagoinhas","tag-prefeitura","tag-secom-sedea"],"aioseo_notices":[],"_links":{"self":[{"href":"https:\/\/newsinfoco.com.br\/inicio\/wp-json\/wp\/v2\/posts\/6351","targetHints":{"allow":["GET"]}}],"collection":[{"href":"https:\/\/newsinfoco.com.br\/inicio\/wp-json\/wp\/v2\/posts"}],"about":[{"href":"https:\/\/newsinfoco.com.br\/inicio\/wp-json\/wp\/v2\/types\/post"}],"author":[{"embeddable":true,"href":"https:\/\/newsinfoco.com.br\/inicio\/wp-json\/wp\/v2\/users\/1"}],"replies":[{"embeddable":true,"href":"https:\/\/newsinfoco.com.br\/inicio\/wp-json\/wp\/v2\/comments?post=6351"}],"version-history":[{"count":0,"href":"https:\/\/newsinfoco.com.br\/inicio\/wp-json\/wp\/v2\/posts\/6351\/revisions"}],"wp:featuredmedia":[{"embeddable":true,"href":"https:\/\/newsinfoco.com.br\/inicio\/wp-json\/wp\/v2\/media\/6354"}],"wp:attachment":[{"href":"https:\/\/newsinfoco.com.br\/inicio\/wp-json\/wp\/v2\/media?parent=6351"}],"wp:term":[{"taxonomy":"category","embeddable":true,"href":"https:\/\/newsinfoco.com.br\/inicio\/wp-json\/wp\/v2\/categories?post=6351"},{"taxonomy":"post_tag","embeddable":true,"href":"https:\/\/newsinfoco.com.br\/inicio\/wp-json\/wp\/v2\/tags?post=6351"}],"curies":[{"name":"wp","href":"https:\/\/api.w.org\/{rel}","templated":true}]}}