{"id":6357,"date":"2018-07-10T19:25:25","date_gmt":"2018-07-10T22:25:25","guid":{"rendered":"http:\/\/newsinfoco.com.br\/?p=6357"},"modified":"2018-07-10T19:25:25","modified_gmt":"2018-07-10T22:25:25","slug":"alba-aprova-ldo-em-segundo-turno-e-entra-em-recesso","status":"publish","type":"post","link":"https:\/\/newsinfoco.com.br\/inicio\/alba-aprova-ldo-em-segundo-turno-e-entra-em-recesso\/","title":{"rendered":"Alba aprova LDO em segundo turno e entra em recesso"},"content":{"rendered":"<p style=\"text-align: justify;\">\n<p style=\"text-align: justify;\"><span style=\"color: #000000;\">A Assembleia Legislativa da Bahia (AL-BA) aprovou em segundo turno, em vota\u00e7\u00e3o \u201csimb\u00f3lica\u201d, na noite de ontem, a Lei de Diretrizes Or\u00e7ament\u00e1rias (LDO) para o exerc\u00edcio de 2019. O bloco oposicionista declarou voto contr\u00e1rio, uma vez que o governo n\u00e3o aceitou as emendas sugeridas pela bancada. A mat\u00e9ria j\u00e1 havia sido aprovada em primeiro turno no \u00faltimo dia 26 de junho, e desde ent\u00e3o a Casa n\u00e3o havia conseguido qu\u00f3rum suficiente para colocar o projeto em discuss\u00e3o. A previs\u00e3o de receita para o pr\u00f3ximo ano \u00e9 de R$ 46,1 bilh\u00f5es.<\/span><\/p>\n<p style=\"text-align: justify;\"><span style=\"color: #000000;\">&#8220;N\u00e3o teve essa conversa de acordo. O acordo que tinha era esse: se o governo acata as emendas e paga as emendas impositivas tamb\u00e9m, que \u00e9 uma situa\u00e7\u00e3o terr\u00edvel, que o governo n\u00e3o cumpre, n\u00e3o obedece e faz de conta que n\u00e3o existe, a\u00ed h\u00e1 possibilidade de a gente dar qu\u00f3rum para votar. Ent\u00e3o, bote o n\u00famero deles, ele [o governo] vai votar. N\u00e3o quer ceder. O Parlamento \u00e9 lugar de negocia\u00e7\u00e3o. Se a gente tem a proposta que ajuda na LDO, ele poderia acatar. N\u00e3o entendo porque o governo n\u00e3o prioriza o turismo na Bahia nem na LDO\u201d, disse o l\u00edder da minoria, o deputado estadual Luciano Ribeiro (DEM).<\/span><\/p>\n<p style=\"text-align: justify;\"><span style=\"color: #000000;\">Ap\u00f3s a sess\u00e3o, o presidente Angelo Coronel\u00a0 (PSD) declarou o in\u00edcio do recesso parlamentar. Os trabalhos ser\u00e3o retomados no dia 1\u00ba de agosto. \u201cA gente esclarece que o que fica suspenso s\u00e3o as sess\u00f5es plen\u00e1rias, porque na verdade os deputados n\u00e3o entram de f\u00e9rias. Ao contr\u00e1rio \u00e9 quando a gente mais trabalha\u201d, explicou o l\u00edder da maioria Z\u00e9 Neto.<\/span><\/p><div class=\"newsi-conteudo_19\" id=\"newsi-3193104655\"><a href=\"https:\/\/www.instagram.com\/prefeituraalagoinhas?igsh=YzgzdDJ1bWR3aWI4\" aria-label=\"SAVE_20251006_221555\"><img loading=\"lazy\" decoding=\"async\" src=\"https:\/\/newsinfoco.com.br\/inicio\/wp-content\/uploads\/2025\/10\/SAVE_20251006_221555-rotated.jpg\" alt=\"\"  srcset=\"https:\/\/newsinfoco.com.br\/inicio\/wp-content\/uploads\/2025\/10\/SAVE_20251006_221555-rotated.jpg 1140w, https:\/\/newsinfoco.com.br\/inicio\/wp-content\/uploads\/2025\/10\/SAVE_20251006_221555-300x52.jpg 300w, https:\/\/newsinfoco.com.br\/inicio\/wp-content\/uploads\/2025\/10\/SAVE_20251006_221555-1024x177.jpg 1024w, https:\/\/newsinfoco.com.br\/inicio\/wp-content\/uploads\/2025\/10\/SAVE_20251006_221555-768x133.jpg 768w, https:\/\/newsinfoco.com.br\/inicio\/wp-content\/uploads\/2025\/10\/SAVE_20251006_221555-600x104.jpg 600w, https:\/\/newsinfoco.com.br\/inicio\/wp-content\/uploads\/2025\/10\/SAVE_20251006_221555-696x120.jpg 696w, https:\/\/newsinfoco.com.br\/inicio\/wp-content\/uploads\/2025\/10\/SAVE_20251006_221555-1068x185.jpg 1068w\" sizes=\"(max-width: 1140px) 100vw, 1140px\" width=\"1140\" height=\"197\"   \/><\/a><\/div>\n<p>&nbsp;<\/p>\n<h6 style=\"text-align: right;\">Por Guilherme Reis (subeditor)<\/h6>\n<h6 style=\"text-align: right;\">Fonte:Trbn<\/h6>\n<div class='share-to-whatsapp-wrapper'><div class='share-on-whsp'>Share on: <\/div><a data-text='Alba aprova LDO em segundo turno e entra em recesso' data-link='https:\/\/newsinfoco.com.br\/inicio\/alba-aprova-ldo-em-segundo-turno-e-entra-em-recesso\/' class='whatsapp-button whatsapp-share'>WhatsApp<\/a><div class='clear '><\/div><\/div>","protected":false},"excerpt":{"rendered":"<p>A Assembleia Legislativa da Bahia (AL-BA) aprovou em segundo turno, em vota\u00e7\u00e3o \u201csimb\u00f3lica\u201d, na noite de ontem, a Lei de Diretrizes Or\u00e7ament\u00e1rias (LDO) para o exerc\u00edcio de 2019. O bloco oposicionista declarou voto contr\u00e1rio, uma vez que o governo n\u00e3o aceitou as emendas sugeridas pela bancada. A mat\u00e9ria j\u00e1 havia sido aprovada em primeiro turno [&hellip;]<\/p>\n","protected":false},"author":1,"featured_media":6359,"comment_status":"open","ping_status":"open","sticky":false,"template":"","format":"standard","meta":{"om_disable_all_campaigns":false,"_exactmetrics_skip_tracking":false,"_exactmetrics_sitenote_active":false,"_exactmetrics_sitenote_note":"","_exactmetrics_sitenote_category":0,"footnotes":""},"categories":[19],"tags":[],"class_list":["post-6357","post","type-post","status-publish","format-standard","has-post-thumbnail","hentry","category-bahia"],"aioseo_notices":[],"_links":{"self":[{"href":"https:\/\/newsinfoco.com.br\/inicio\/wp-json\/wp\/v2\/posts\/6357","targetHints":{"allow":["GET"]}}],"collection":[{"href":"https:\/\/newsinfoco.com.br\/inicio\/wp-json\/wp\/v2\/posts"}],"about":[{"href":"https:\/\/newsinfoco.com.br\/inicio\/wp-json\/wp\/v2\/types\/post"}],"author":[{"embeddable":true,"href":"https:\/\/newsinfoco.com.br\/inicio\/wp-json\/wp\/v2\/users\/1"}],"replies":[{"embeddable":true,"href":"https:\/\/newsinfoco.com.br\/inicio\/wp-json\/wp\/v2\/comments?post=6357"}],"version-history":[{"count":0,"href":"https:\/\/newsinfoco.com.br\/inicio\/wp-json\/wp\/v2\/posts\/6357\/revisions"}],"wp:featuredmedia":[{"embeddable":true,"href":"https:\/\/newsinfoco.com.br\/inicio\/wp-json\/wp\/v2\/media\/6359"}],"wp:attachment":[{"href":"https:\/\/newsinfoco.com.br\/inicio\/wp-json\/wp\/v2\/media?parent=6357"}],"wp:term":[{"taxonomy":"category","embeddable":true,"href":"https:\/\/newsinfoco.com.br\/inicio\/wp-json\/wp\/v2\/categories?post=6357"},{"taxonomy":"post_tag","embeddable":true,"href":"https:\/\/newsinfoco.com.br\/inicio\/wp-json\/wp\/v2\/tags?post=6357"}],"curies":[{"name":"wp","href":"https:\/\/api.w.org\/{rel}","templated":true}]}}