{"id":6358,"date":"2018-07-10T19:26:39","date_gmt":"2018-07-10T22:26:39","guid":{"rendered":"http:\/\/newsinfoco.com.br\/?p=6358"},"modified":"2018-07-10T19:26:39","modified_gmt":"2018-07-10T22:26:39","slug":"acolhimento-humanizado-adequacoes-nas-salas-de-pre-parto-da-maternidade-municipal-oferecem-privacidade-para-as-maes-e-acompanhantes","status":"publish","type":"post","link":"https:\/\/newsinfoco.com.br\/inicio\/acolhimento-humanizado-adequacoes-nas-salas-de-pre-parto-da-maternidade-municipal-oferecem-privacidade-para-as-maes-e-acompanhantes\/","title":{"rendered":"Acolhimento Humanizado: Adequa\u00e7\u00f5es nas salas de pr\u00e9-parto da Maternidade Municipal oferecem privacidade para as m\u00e3es e acompanhantes"},"content":{"rendered":"<p style=\"text-align: justify;\"><span style=\"color: #000000;\">Desde 2005, uma Lei Federal garante \u00e0s gr\u00e1vidas o direito \u00e0 presen\u00e7a de um acompanhante \u2013 de sua escolha \u2013 durante do trabalho de parto at\u00e9 o p\u00f3s-parto nas maternidades do Sistema \u00danico de Sa\u00fade (SUS) e conveniadas. No entanto, s\u00f3 em junho deste ano, as salas de pr\u00e9-parto da Maternidade Municipal de Alagoinhas passaram por adequa\u00e7\u00f5es que proporcionam privacidade para a participa\u00e7\u00e3o dos acompanhantes,.<\/span><br \/>\n<span style=\"color: #000000;\">De acordo com a diretora administrativa da maternidade, Valdimary Melo, esta adequa\u00e7\u00e3o \u00e9 parte de um conjunto de melhorias que v\u00eam sendo implementadas no equipamento de Sa\u00fade pela prefeitura municipal, desde o in\u00edcio da gest\u00e3o. \u201cEncontramos a maternidade em condi\u00e7\u00f5es muito prec\u00e1rias e desde ent\u00e3o, est\u00e3o sendo empreendidos esfor\u00e7os visando adequar os ambientes no modelo de aten\u00e7\u00e3o previsto pelo Minist\u00e9rio da Sa\u00fade\u201d, explica. \u201d As melhorias s\u00e3o n\u00edtidas. No segundo semestre do ano passado, foi realizada uma recupera\u00e7\u00e3o estrutural e esta nova interven\u00e7\u00e3o permite que a paciente seja assistida antes do parto e que a m\u00e3e, o beb\u00ea e o acompanhante permane\u00e7am juntos ap\u00f3s o nascimento. S\u00e3o medidas como estas que garantem a humaniza\u00e7\u00e3o do atendimento\u201d, completou.<\/span><\/p>\n<p style=\"text-align: justify;\"><span style=\"color: #000000;\">Instalado no centro de Alagoinhas e com equipe di\u00e1ria de 16 profissionais, entre m\u00e9dicos, enfermeiros e t\u00e9cnicos, a Maternidade Municipal responde por 100% dos partos da cidade realizados via Sistema \u00danico de Sa\u00fade (SUS). Registra m\u00e9dia mensal de 350 partos, cerca de 3.500 atendimentos de Emerg\u00eancia Obstetr\u00edcia por ano, e oferece exames de Ultrassonografia, cirurgias de Laqueadura, consultas de Planejamento Familiar e de Emerg\u00eancia 24 horas nas \u00e1reas de Ginecologia, Obstetr\u00edcia, dentre outras.<\/span><\/p><div class=\"newsi-conteudo_19\" id=\"newsi-3184094685\"><a href=\"https:\/\/www.instagram.com\/prefeituraalagoinhas?igsh=YzgzdDJ1bWR3aWI4\" aria-label=\"SAVE_20251006_221555\"><img loading=\"lazy\" decoding=\"async\" src=\"https:\/\/newsinfoco.com.br\/inicio\/wp-content\/uploads\/2025\/10\/SAVE_20251006_221555-rotated.jpg\" alt=\"\"  srcset=\"https:\/\/newsinfoco.com.br\/inicio\/wp-content\/uploads\/2025\/10\/SAVE_20251006_221555-rotated.jpg 1140w, https:\/\/newsinfoco.com.br\/inicio\/wp-content\/uploads\/2025\/10\/SAVE_20251006_221555-300x52.jpg 300w, https:\/\/newsinfoco.com.br\/inicio\/wp-content\/uploads\/2025\/10\/SAVE_20251006_221555-1024x177.jpg 1024w, https:\/\/newsinfoco.com.br\/inicio\/wp-content\/uploads\/2025\/10\/SAVE_20251006_221555-768x133.jpg 768w, https:\/\/newsinfoco.com.br\/inicio\/wp-content\/uploads\/2025\/10\/SAVE_20251006_221555-600x104.jpg 600w, https:\/\/newsinfoco.com.br\/inicio\/wp-content\/uploads\/2025\/10\/SAVE_20251006_221555-696x120.jpg 696w, https:\/\/newsinfoco.com.br\/inicio\/wp-content\/uploads\/2025\/10\/SAVE_20251006_221555-1068x185.jpg 1068w\" sizes=\"(max-width: 1140px) 100vw, 1140px\" width=\"1140\" height=\"197\"   \/><\/a><\/div>\n<h6 style=\"text-align: right;\"><span style=\"color: #999999;\">Fonte: SECOM Prefeitur<\/span>a<\/h6>\n<p>&nbsp;<\/p>\n<p>&nbsp;<\/p>\n<div class='share-to-whatsapp-wrapper'><div class='share-on-whsp'>Share on: <\/div><a data-text='Acolhimento Humanizado: Adequa\u00e7\u00f5es nas salas de pr\u00e9-parto da Maternidade Municipal oferecem privacidade para as m\u00e3es e acompanhantes' data-link='https:\/\/newsinfoco.com.br\/inicio\/acolhimento-humanizado-adequacoes-nas-salas-de-pre-parto-da-maternidade-municipal-oferecem-privacidade-para-as-maes-e-acompanhantes\/' class='whatsapp-button whatsapp-share'>WhatsApp<\/a><div class='clear '><\/div><\/div>","protected":false},"excerpt":{"rendered":"<p>Desde 2005, uma Lei Federal garante \u00e0s gr\u00e1vidas o direito \u00e0 presen\u00e7a de um acompanhante \u2013 de sua escolha \u2013 durante do trabalho de parto at\u00e9 o p\u00f3s-parto nas maternidades do Sistema \u00danico de Sa\u00fade (SUS) e conveniadas. No entanto, s\u00f3 em junho deste ano, as salas de pr\u00e9-parto da Maternidade Municipal de Alagoinhas passaram [&hellip;]<\/p>\n","protected":false},"author":1,"featured_media":6361,"comment_status":"open","ping_status":"open","sticky":false,"template":"","format":"standard","meta":{"om_disable_all_campaigns":false,"_exactmetrics_skip_tracking":false,"_exactmetrics_sitenote_active":false,"_exactmetrics_sitenote_note":"","_exactmetrics_sitenote_category":0,"footnotes":""},"categories":[38,30],"tags":[53,54,56],"class_list":["post-6358","post","type-post","status-publish","format-standard","has-post-thumbnail","hentry","category-alagoinhas-e-regiao","category-destaque","tag-alagoinhas","tag-prefeitura","tag-secom"],"aioseo_notices":[],"_links":{"self":[{"href":"https:\/\/newsinfoco.com.br\/inicio\/wp-json\/wp\/v2\/posts\/6358","targetHints":{"allow":["GET"]}}],"collection":[{"href":"https:\/\/newsinfoco.com.br\/inicio\/wp-json\/wp\/v2\/posts"}],"about":[{"href":"https:\/\/newsinfoco.com.br\/inicio\/wp-json\/wp\/v2\/types\/post"}],"author":[{"embeddable":true,"href":"https:\/\/newsinfoco.com.br\/inicio\/wp-json\/wp\/v2\/users\/1"}],"replies":[{"embeddable":true,"href":"https:\/\/newsinfoco.com.br\/inicio\/wp-json\/wp\/v2\/comments?post=6358"}],"version-history":[{"count":0,"href":"https:\/\/newsinfoco.com.br\/inicio\/wp-json\/wp\/v2\/posts\/6358\/revisions"}],"wp:featuredmedia":[{"embeddable":true,"href":"https:\/\/newsinfoco.com.br\/inicio\/wp-json\/wp\/v2\/media\/6361"}],"wp:attachment":[{"href":"https:\/\/newsinfoco.com.br\/inicio\/wp-json\/wp\/v2\/media?parent=6358"}],"wp:term":[{"taxonomy":"category","embeddable":true,"href":"https:\/\/newsinfoco.com.br\/inicio\/wp-json\/wp\/v2\/categories?post=6358"},{"taxonomy":"post_tag","embeddable":true,"href":"https:\/\/newsinfoco.com.br\/inicio\/wp-json\/wp\/v2\/tags?post=6358"}],"curies":[{"name":"wp","href":"https:\/\/api.w.org\/{rel}","templated":true}]}}