{"id":6369,"date":"2018-07-10T19:33:23","date_gmt":"2018-07-10T22:33:23","guid":{"rendered":"http:\/\/newsinfoco.com.br\/?p=6369"},"modified":"2018-07-10T19:33:23","modified_gmt":"2018-07-10T22:33:23","slug":"edital-do-segundo-semestre-ja-esta-disponivel-e-inscricoes-terao-inicio-no-dia-16-de-julho","status":"publish","type":"post","link":"https:\/\/newsinfoco.com.br\/inicio\/edital-do-segundo-semestre-ja-esta-disponivel-e-inscricoes-terao-inicio-no-dia-16-de-julho\/","title":{"rendered":"Edital do segundo semestre j\u00e1 est\u00e1 dispon\u00edvel, e inscri\u00e7\u00f5es ter\u00e3o in\u00edcio no dia 16 de julho"},"content":{"rendered":"<p style=\"text-align: justify;\"><span style=\"color: #000000;\">O Minist\u00e9rio da Educa\u00e7\u00e3o divulgou o edital do Fundo de Financiamento Estudantil (Fies) para o segundo semestre de 2018. As inscri\u00e7\u00f5es ser\u00e3o feitas exclusivamente pela internet, entre 16 e 22 de julho. As informa\u00e7\u00f5es foram publicadas no\u00a0<em>Di\u00e1rio Oficial da Uni\u00e3o (DOU)<\/em>\u00a0desta ter\u00e7a-feira, 10.<\/span><\/p>\n<p style=\"text-align: justify;\"><span style=\"color: #000000;\">O Novo Fies \u00e9 um modelo de financiamento estudantil que divide o programa em diferentes modalidades, oferecendo condi\u00e7\u00f5es a quem mais precisa e uma escala de financiamentos que varia conforme a renda familiar do candidato.<\/span><\/p><div class=\"newsi-conteudo_19\" id=\"newsi-3536210961\"><a href=\"https:\/\/www.instagram.com\/prefeituraalagoinhas?igsh=YzgzdDJ1bWR3aWI4\" aria-label=\"SAVE_20251006_221555\"><img loading=\"lazy\" decoding=\"async\" src=\"https:\/\/newsinfoco.com.br\/inicio\/wp-content\/uploads\/2025\/10\/SAVE_20251006_221555-rotated.jpg\" alt=\"\"  srcset=\"https:\/\/newsinfoco.com.br\/inicio\/wp-content\/uploads\/2025\/10\/SAVE_20251006_221555-rotated.jpg 1140w, https:\/\/newsinfoco.com.br\/inicio\/wp-content\/uploads\/2025\/10\/SAVE_20251006_221555-300x52.jpg 300w, https:\/\/newsinfoco.com.br\/inicio\/wp-content\/uploads\/2025\/10\/SAVE_20251006_221555-1024x177.jpg 1024w, https:\/\/newsinfoco.com.br\/inicio\/wp-content\/uploads\/2025\/10\/SAVE_20251006_221555-768x133.jpg 768w, https:\/\/newsinfoco.com.br\/inicio\/wp-content\/uploads\/2025\/10\/SAVE_20251006_221555-600x104.jpg 600w, https:\/\/newsinfoco.com.br\/inicio\/wp-content\/uploads\/2025\/10\/SAVE_20251006_221555-696x120.jpg 696w, https:\/\/newsinfoco.com.br\/inicio\/wp-content\/uploads\/2025\/10\/SAVE_20251006_221555-1068x185.jpg 1068w\" sizes=\"(max-width: 1140px) 100vw, 1140px\" width=\"1140\" height=\"197\"   \/><\/a><\/div>\n<p style=\"text-align: justify;\"><span style=\"color: #000000;\">Na modalidade juro zero, destinada a quem comprovar renda mensal familiar per capita de at\u00e9 tr\u00eas sal\u00e1rios m\u00ednimos, o financiamento m\u00ednimo \u00e9 de 50% do curso, enquanto o limite m\u00e1ximo semestral \u00e9 de R$ 42 mil. As institui\u00e7\u00f5es de ensino dever\u00e3o cobrar do aluno a menor mensalidade do curso.<\/span><\/p>\n<p style=\"text-align: justify;\"><span style=\"color: #000000;\">As outras duas modalidades, chamadas de P-Fies, destinam-se a estudantes com renda familiar de at\u00e9 cinco sal\u00e1rios m\u00ednimos. Para atender a essa parcela de candidatos, o Fies tem recursos dos Fundos Constitucionais e de Desenvolvimento.<\/span><\/p>\n<p style=\"text-align: justify;\"><span style=\"color: #000000;\"><strong>Requisitos<\/strong>\u00a0\u2013 Para concorrer a uma vaga, o candidato dever\u00e1 ter feito uma das edi\u00e7\u00f5es do Exame Nacional do Ensino M\u00e9dio (Enem) a partir de 2010, com m\u00e9dia igual ou superior a 450 pontos, e obtido nota maior que zero na reda\u00e7\u00e3o.<\/span><\/p>\n<p style=\"text-align: justify;\"><span style=\"color: #000000;\">As inscri\u00e7\u00f5es devem ser feitas no site do Fies Sele\u00e7\u00e3o. Em caso de pr\u00e9-sele\u00e7\u00e3o em uma das vagas dispon\u00edveis para financiamento, o candidato dever\u00e1 complementar informa\u00e7\u00f5es da sua inscri\u00e7\u00e3o no per\u00edodo de 27 a 31 de julho e, posteriormente, fechar a contrata\u00e7\u00e3o do financiamento.<\/span><\/p>\n<p style=\"text-align: justify;\"><span style=\"color: #000000;\">Poder\u00e3o ser financiados os cursos de gradua\u00e7\u00e3o com conceito maior ou igual a tr\u00eas no Sistema Nacional de Avalia\u00e7\u00e3o da Educa\u00e7\u00e3o Superior (Sinaes) ofertados pelas institui\u00e7\u00f5es de ensino superior participantes do Fies. Tamb\u00e9m poder\u00e3o participar do programa os cursos que, ainda n\u00e3o avaliados pelo Sinaes, estejam autorizados para funcionamento pelo cadastro do MEC. Durante o curso, o estudante deve ter rendimento para ser aprovado em todas as mat\u00e9rias.<\/span><\/p>\n<p style=\"text-align: justify;\"><span style=\"color: #000000;\"><strong>Resultados<\/strong>\u00a0\u2013 O resultado da sele\u00e7\u00e3o ser\u00e1 publicado em 27 de julho, em chamada \u00fanica, com prazo para comprova\u00e7\u00e3o das informa\u00e7\u00f5es at\u00e9 31 de julho. No caso dos estudantes inscritos no P-Fies, n\u00e3o haver\u00e1 lista de espera. Os demais poder\u00e3o manifestar interesse entre os dias 1\u00ba e 24 de agosto.<\/span><\/p>\n<p style=\"text-align: justify;\"><span style=\"color: #000000;\">Mais informa\u00e7\u00f5es podem ser consultadas no\u00a0<a style=\"color: #000000;\" href=\"http:\/\/fies.mec.gov.br\/\" target=\"_blank\" rel=\"noopener\">hotsite<\/a>\u00a0do programa.<\/span><\/p>\n<p style=\"text-align: justify;\"><span style=\"color: #000000;\">Clique\u00a0<a style=\"color: #000000;\" href=\"http:\/\/www.imprensanacional.gov.br\/materia\/-\/asset_publisher\/Kujrw0TZC2Mb\/content\/id\/29318508\/do3-2018-07-10-edital-n-53-de-6-de-julho-de-2018processo-seletivo-segundo-semestre-de-2018-29318499\" target=\"_blank\" rel=\"noopener\">aqui<\/a>\u00a0para conferir o edital do Fies.<\/span><\/p>\n<p style=\"text-align: justify;\"><span style=\"color: #000000;\">Acesse a\u00a0<a style=\"color: #000000;\" href=\"http:\/\/fiesselecao.mec.gov.br\/\" target=\"_blank\" rel=\"noopener\">p\u00e1gina<\/a>\u00a0do Fies Sele\u00e7\u00e3o<\/span><\/p>\n<p>&nbsp;<\/p>\n<h6 style=\"text-align: right;\">Fonte:Portalmec<\/h6>\n<div class='share-to-whatsapp-wrapper'><div class='share-on-whsp'>Share on: <\/div><a data-text='Edital do segundo semestre j\u00e1 est\u00e1 dispon\u00edvel, e inscri\u00e7\u00f5es ter\u00e3o in\u00edcio no dia 16 de julho' data-link='https:\/\/newsinfoco.com.br\/inicio\/edital-do-segundo-semestre-ja-esta-disponivel-e-inscricoes-terao-inicio-no-dia-16-de-julho\/' class='whatsapp-button whatsapp-share'>WhatsApp<\/a><div class='clear '><\/div><\/div>","protected":false},"excerpt":{"rendered":"<p>O Minist\u00e9rio da Educa\u00e7\u00e3o divulgou o edital do Fundo de Financiamento Estudantil (Fies) para o segundo semestre de 2018. As inscri\u00e7\u00f5es ser\u00e3o feitas exclusivamente pela internet, entre 16 e 22 de julho. As informa\u00e7\u00f5es foram publicadas no\u00a0Di\u00e1rio Oficial da Uni\u00e3o (DOU)\u00a0desta ter\u00e7a-feira, 10. O Novo Fies \u00e9 um modelo de financiamento estudantil que divide o [&hellip;]<\/p>\n","protected":false},"author":1,"featured_media":6370,"comment_status":"open","ping_status":"open","sticky":false,"template":"","format":"standard","meta":{"om_disable_all_campaigns":false,"_exactmetrics_skip_tracking":false,"_exactmetrics_sitenote_active":false,"_exactmetrics_sitenote_note":"","_exactmetrics_sitenote_category":0,"footnotes":""},"categories":[32],"tags":[],"class_list":["post-6369","post","type-post","status-publish","format-standard","has-post-thumbnail","hentry","category-educacao"],"aioseo_notices":[],"_links":{"self":[{"href":"https:\/\/newsinfoco.com.br\/inicio\/wp-json\/wp\/v2\/posts\/6369","targetHints":{"allow":["GET"]}}],"collection":[{"href":"https:\/\/newsinfoco.com.br\/inicio\/wp-json\/wp\/v2\/posts"}],"about":[{"href":"https:\/\/newsinfoco.com.br\/inicio\/wp-json\/wp\/v2\/types\/post"}],"author":[{"embeddable":true,"href":"https:\/\/newsinfoco.com.br\/inicio\/wp-json\/wp\/v2\/users\/1"}],"replies":[{"embeddable":true,"href":"https:\/\/newsinfoco.com.br\/inicio\/wp-json\/wp\/v2\/comments?post=6369"}],"version-history":[{"count":0,"href":"https:\/\/newsinfoco.com.br\/inicio\/wp-json\/wp\/v2\/posts\/6369\/revisions"}],"wp:featuredmedia":[{"embeddable":true,"href":"https:\/\/newsinfoco.com.br\/inicio\/wp-json\/wp\/v2\/media\/6370"}],"wp:attachment":[{"href":"https:\/\/newsinfoco.com.br\/inicio\/wp-json\/wp\/v2\/media?parent=6369"}],"wp:term":[{"taxonomy":"category","embeddable":true,"href":"https:\/\/newsinfoco.com.br\/inicio\/wp-json\/wp\/v2\/categories?post=6369"},{"taxonomy":"post_tag","embeddable":true,"href":"https:\/\/newsinfoco.com.br\/inicio\/wp-json\/wp\/v2\/tags?post=6369"}],"curies":[{"name":"wp","href":"https:\/\/api.w.org\/{rel}","templated":true}]}}