{"id":6372,"date":"2018-07-10T19:40:29","date_gmt":"2018-07-10T22:40:29","guid":{"rendered":"http:\/\/newsinfoco.com.br\/?p=6372"},"modified":"2018-07-10T19:40:29","modified_gmt":"2018-07-10T22:40:29","slug":"tim-maia-tera-album-racional-e-musicas-ineditas-lancadas-em-streaming","status":"publish","type":"post","link":"https:\/\/newsinfoco.com.br\/inicio\/tim-maia-tera-album-racional-e-musicas-ineditas-lancadas-em-streaming\/","title":{"rendered":"Tim Maia ter\u00e1 \u00e1lbum &#8216;Racional&#8217; e m\u00fasicas in\u00e9ditas lan\u00e7adas em streaming"},"content":{"rendered":"<div>\n<p class=\"bodytext\" style=\"text-align: justify;\"><span style=\"color: #000000;\">Os \u00e1lbuns trazem grava\u00e7\u00f5es feitas em meados dos anos 1970, quando Tim largou gravadora e drogas ap\u00f3s a convers\u00e3o \u00e0 seita Universo em Desencanto. Um per\u00edodo curto, que ele renegou pelo resto da vida, mas durante o qual Tim lan\u00e7ou m\u00fasicas que acabariam cultuadas, como &#8220;Que beleza&#8221; e &#8220;Bom senso&#8221;.<\/span><\/p>\n<\/div>\n<div style=\"text-align: justify;\">\n<p class=\"bodytext\"><span style=\"color: #000000;\">Al\u00e9m da fase &#8220;Racional&#8221;, outra surpresa de Tim Maia no streaming ser\u00e1 a s\u00e9rie de grava\u00e7\u00f5es com vers\u00f5es em espanhol de seus sucessos, que o cantor gravou nos anos 1970 e 1990, mas nunca lan\u00e7ou. Mesmo com o receio do que o pai pensaria sobre o projeto, Carmelo planeja fazer, mais adiante, um disco de duetos p\u00f3stumos de Tim com astros da m\u00fasica latina atual.<\/span><\/p><div class=\"newsi-conteudo_19\" id=\"newsi-2581507571\"><a href=\"https:\/\/www.instagram.com\/prefeituraalagoinhas?igsh=YzgzdDJ1bWR3aWI4\" aria-label=\"SAVE_20251006_221555\"><img loading=\"lazy\" decoding=\"async\" src=\"https:\/\/newsinfoco.com.br\/inicio\/wp-content\/uploads\/2025\/10\/SAVE_20251006_221555-rotated.jpg\" alt=\"\"  srcset=\"https:\/\/newsinfoco.com.br\/inicio\/wp-content\/uploads\/2025\/10\/SAVE_20251006_221555-rotated.jpg 1140w, https:\/\/newsinfoco.com.br\/inicio\/wp-content\/uploads\/2025\/10\/SAVE_20251006_221555-300x52.jpg 300w, https:\/\/newsinfoco.com.br\/inicio\/wp-content\/uploads\/2025\/10\/SAVE_20251006_221555-1024x177.jpg 1024w, https:\/\/newsinfoco.com.br\/inicio\/wp-content\/uploads\/2025\/10\/SAVE_20251006_221555-768x133.jpg 768w, https:\/\/newsinfoco.com.br\/inicio\/wp-content\/uploads\/2025\/10\/SAVE_20251006_221555-600x104.jpg 600w, https:\/\/newsinfoco.com.br\/inicio\/wp-content\/uploads\/2025\/10\/SAVE_20251006_221555-696x120.jpg 696w, https:\/\/newsinfoco.com.br\/inicio\/wp-content\/uploads\/2025\/10\/SAVE_20251006_221555-1068x185.jpg 1068w\" sizes=\"(max-width: 1140px) 100vw, 1140px\" width=\"1140\" height=\"197\"   \/><\/a><\/div>\n<\/div>\n<div style=\"text-align: justify;\">\n<p class=\"bodytext\"><span style=\"color: #000000;\">O hiato de Tim no streaming se deu porque h\u00e1 cerca de dois anos Carmelo acionou judicialmente as plataformas e conseguiu retirar boa parte dos discos cl\u00e1ssicos, gravados entre 1970 e o come\u00e7o dos anos 1980. Agora, 20 anos ap\u00f3s a morte de Tim, ele diz que conseguiu enfim deixar de lado a parte jur\u00eddica (uma infinidade de processos do qual o pai era r\u00e9u) e p\u00f4de dedicar o tempo necess\u00e1rio \u00e0 organiza\u00e7\u00e3o da parte artistica do seu legado.<\/span><\/p>\n<\/div>\n<div style=\"text-align: justify;\">\n<p class=\"bodytext\"><span style=\"color: #000000;\">\u2014 Recebo e-mails, alguns at\u00e9 agressivos, de f\u00e3s que querem ter a m\u00fasica do meu pai. Mas muitos dos discos dele foram lan\u00e7ados no streaming sem a minha autoriza\u00e7\u00e3o. Quero que o Tim mais esteja em todas as plataformas, s\u00f3 que com os pagamentos corretos \u2014 explica Carmelo, que, nos \u00fatimos anos, licenciou alguns poucos discos de Tim para serem lan\u00e7ados de forma f\u00edsica, no exterior. \u2014 Muitos selos queriam comprar uma Ferrari e pagar o pre\u00e7o de um Fusca. Vamos fazer a conta justa.<\/span><\/p>\n<\/div>\n<div style=\"text-align: justify;\">\n<p class=\"bodytext\"><span style=\"color: #000000;\">PREVIS\u00c3O PARA PRIMEIRA LEVA: EM TR\u00caS MESES<\/span><br \/>\n<span style=\"color: #000000;\">O filho de Tim Maia diz estar em negocia\u00e7\u00e3o com gravadoras major que det\u00eam fonogramas do pai \u2014 Universal Music, Warner e Sony Music \u2014 em busca de uma parceria para fazer um grande pacote de streaming. Ele acredita que, em cerca de tr\u00eas meses, uma primeira s\u00e9rie de discos estar\u00e1 dispon\u00edvel para audi\u00e7\u00e3o.<\/span><\/p>\n<\/div>\n<div>\n<p class=\"bodytext\" style=\"text-align: justify;\"><span style=\"color: #000000;\">\u2014 A parte da Vit\u00f3ria R\u00e9gia \u00e9 pouca para as plataformas, ent\u00e3o outros discos teriam que sair junto. Os contratos antigos com as gravadoras n\u00e3o previam o streaming, estamos revendo isso tudo \u2014 conta.<\/span><\/p>\n<\/div>\n<h6 style=\"text-align: right;\">Fonte:Ibahia<\/h6>\n<div class='share-to-whatsapp-wrapper'><div class='share-on-whsp'>Share on: <\/div><a data-text='Tim Maia ter\u00e1 \u00e1lbum 'Racional' e m\u00fasicas in\u00e9ditas lan\u00e7adas em streaming' data-link='https:\/\/newsinfoco.com.br\/inicio\/tim-maia-tera-album-racional-e-musicas-ineditas-lancadas-em-streaming\/' class='whatsapp-button whatsapp-share'>WhatsApp<\/a><div class='clear '><\/div><\/div>","protected":false},"excerpt":{"rendered":"<p>Os \u00e1lbuns trazem grava\u00e7\u00f5es feitas em meados dos anos 1970, quando Tim largou gravadora e drogas ap\u00f3s a convers\u00e3o \u00e0 seita Universo em Desencanto. Um per\u00edodo curto, que ele renegou pelo resto da vida, mas durante o qual Tim lan\u00e7ou m\u00fasicas que acabariam cultuadas, como &#8220;Que beleza&#8221; e &#8220;Bom senso&#8221;. Al\u00e9m da fase &#8220;Racional&#8221;, outra [&hellip;]<\/p>\n","protected":false},"author":1,"featured_media":6373,"comment_status":"open","ping_status":"open","sticky":false,"template":"","format":"standard","meta":{"om_disable_all_campaigns":false,"_exactmetrics_skip_tracking":false,"_exactmetrics_sitenote_active":false,"_exactmetrics_sitenote_note":"","_exactmetrics_sitenote_category":0,"footnotes":""},"categories":[29],"tags":[],"class_list":["post-6372","post","type-post","status-publish","format-standard","has-post-thumbnail","hentry","category-cultura"],"aioseo_notices":[],"_links":{"self":[{"href":"https:\/\/newsinfoco.com.br\/inicio\/wp-json\/wp\/v2\/posts\/6372","targetHints":{"allow":["GET"]}}],"collection":[{"href":"https:\/\/newsinfoco.com.br\/inicio\/wp-json\/wp\/v2\/posts"}],"about":[{"href":"https:\/\/newsinfoco.com.br\/inicio\/wp-json\/wp\/v2\/types\/post"}],"author":[{"embeddable":true,"href":"https:\/\/newsinfoco.com.br\/inicio\/wp-json\/wp\/v2\/users\/1"}],"replies":[{"embeddable":true,"href":"https:\/\/newsinfoco.com.br\/inicio\/wp-json\/wp\/v2\/comments?post=6372"}],"version-history":[{"count":0,"href":"https:\/\/newsinfoco.com.br\/inicio\/wp-json\/wp\/v2\/posts\/6372\/revisions"}],"wp:featuredmedia":[{"embeddable":true,"href":"https:\/\/newsinfoco.com.br\/inicio\/wp-json\/wp\/v2\/media\/6373"}],"wp:attachment":[{"href":"https:\/\/newsinfoco.com.br\/inicio\/wp-json\/wp\/v2\/media?parent=6372"}],"wp:term":[{"taxonomy":"category","embeddable":true,"href":"https:\/\/newsinfoco.com.br\/inicio\/wp-json\/wp\/v2\/categories?post=6372"},{"taxonomy":"post_tag","embeddable":true,"href":"https:\/\/newsinfoco.com.br\/inicio\/wp-json\/wp\/v2\/tags?post=6372"}],"curies":[{"name":"wp","href":"https:\/\/api.w.org\/{rel}","templated":true}]}}