{"id":6375,"date":"2018-07-11T15:52:24","date_gmt":"2018-07-11T18:52:24","guid":{"rendered":"http:\/\/newsinfoco.com.br\/?p=6375"},"modified":"2018-07-11T15:52:24","modified_gmt":"2018-07-11T18:52:24","slug":"com-mobilizacao-pt-quer-frear-perda-de-aliados","status":"publish","type":"post","link":"https:\/\/newsinfoco.com.br\/inicio\/com-mobilizacao-pt-quer-frear-perda-de-aliados\/","title":{"rendered":"Com mobiliza\u00e7\u00e3o, PT quer frear perda de aliados"},"content":{"rendered":"<p style=\"text-align: justify;\"><span style=\"color: #000000;\">O PT aproveitou a repercuss\u00e3o do imbr\u00f3glio jur\u00eddico sobre a pris\u00e3o do ex-presidente Luiz In\u00e1cio Lula da Silva, condenado e preso na Opera\u00e7\u00e3o Lava Jato, ocorrido neste domingo (8), para reacender a mobiliza\u00e7\u00e3o da milit\u00e2ncia e dar f\u00f4lego \u00e0s conversas para a forma\u00e7\u00e3o de alian\u00e7as.<\/span><\/p>\n<p style=\"text-align: justify;\"><span style=\"color: #000000;\">Enquanto preparam uma agenda de manifesta\u00e7\u00f5es para as pr\u00f3ximas semanas, os dirigentes petistas sentaram-se \u00e0 mesa com outras legendas neste in\u00edcio de semana na esperan\u00e7a de neutralizar a movimenta\u00e7\u00e3o de aliados hist\u00f3ricos na dire\u00e7\u00e3o de outros candidatos nas elei\u00e7\u00f5es 2018.<\/span><\/p><div class=\"newsi-conteudo_19\" id=\"newsi-530237380\"><a href=\"https:\/\/www.instagram.com\/prefeituraalagoinhas?igsh=YzgzdDJ1bWR3aWI4\" aria-label=\"SAVE_20251006_221555\"><img loading=\"lazy\" decoding=\"async\" src=\"https:\/\/newsinfoco.com.br\/inicio\/wp-content\/uploads\/2025\/10\/SAVE_20251006_221555-rotated.jpg\" alt=\"\"  srcset=\"https:\/\/newsinfoco.com.br\/inicio\/wp-content\/uploads\/2025\/10\/SAVE_20251006_221555-rotated.jpg 1140w, https:\/\/newsinfoco.com.br\/inicio\/wp-content\/uploads\/2025\/10\/SAVE_20251006_221555-300x52.jpg 300w, https:\/\/newsinfoco.com.br\/inicio\/wp-content\/uploads\/2025\/10\/SAVE_20251006_221555-1024x177.jpg 1024w, https:\/\/newsinfoco.com.br\/inicio\/wp-content\/uploads\/2025\/10\/SAVE_20251006_221555-768x133.jpg 768w, https:\/\/newsinfoco.com.br\/inicio\/wp-content\/uploads\/2025\/10\/SAVE_20251006_221555-600x104.jpg 600w, https:\/\/newsinfoco.com.br\/inicio\/wp-content\/uploads\/2025\/10\/SAVE_20251006_221555-696x120.jpg 696w, https:\/\/newsinfoco.com.br\/inicio\/wp-content\/uploads\/2025\/10\/SAVE_20251006_221555-1068x185.jpg 1068w\" sizes=\"(max-width: 1140px) 100vw, 1140px\" width=\"1140\" height=\"197\"   \/><\/a><\/div>\n<p style=\"text-align: justify;\"><span style=\"color: #000000;\">Nesta ter\u00e7a-feira (10), pela manh\u00e3, a presidente nacional do PT, senadora Gleisi Hoffmann (PR), o vice-presidente Marcio Macedo e o deputado Paulo Teixeira (SP) encontraram-se em Bras\u00edlia com o presidente do PSB, Carlos Siqueira.\u00a0<\/span><\/p>\n<p style=\"text-align: justify;\"><span style=\"color: #000000;\">Na reuni\u00e3o, ouviram de Siqueira que o partido de fato considera apoiar o pedetista Ciro Gomes na corrida ao Planalto. O PT reiterou, ent\u00e3o, o desejo de selar um acordo nacional com o PSB e refor\u00e7ou a disposi\u00e7\u00e3o de apoiar candidatos pessebistas em Estados estrat\u00e9gicos, como Pernambuco.\u00a0<\/span><\/p>\n<p style=\"text-align: justify;\"><span style=\"color: #000000;\">O PSB pernambucano \u00e9 um dos maiores defensores de uma alian\u00e7a com o PT, uma vez a legenda torce pela retirada da pr\u00e9-candidatura de Mar\u00edlia Arraes (PT) ao governo do Estado.<\/span><\/p>\n<p style=\"text-align: justify;\"><span style=\"color: #000000;\">&#8220;Ele (Siqueira) disse que o PSB est\u00e1 entre duas tend\u00eancias, que \u00e9 o PT e o PDT. O que discutimos foi o apoio ao Lula em uma alian\u00e7a formal&#8221;, disse o deputado Paulo Teixeira (PT-SP) ao Estad\u00e3o\/Broadcast.\u00a0<\/span><\/p>\n<p style=\"text-align: justify;\"><span style=\"color: #000000;\">Os petistas aguardam a defini\u00e7\u00e3o do PSB entre os pr\u00f3ximos dias 20 e 22. &#8220;Este di\u00e1logo serviu para afirmar nossa disposi\u00e7\u00e3o. Tem muitos lugares em que interessa ao PSB um apoio nosso&#8221;, comentou o parlamentar.<\/span><\/p>\n<p style=\"text-align: justify;\"><span style=\"color: #000000;\">Ainda nesta semana, Gleisi deve viajar a Pernambuco para conversar com o governador Paulo C\u00e2mara. A senadora tamb\u00e9m pretende ir \u00e0 Para\u00edba, onde deve se reunir com Ricardo Coutinho, tamb\u00e9m do PSB. Mesmo que os pessebistas fechem com o PDT, os petistas avaliam que a sigla pode ficar dividida e se alinhar ao PT. &#8220;O PSB \u00e9 o partido que n\u00e3o se unificou nem para apoiar o Eduardo Campos (em 2014), ent\u00e3o n\u00e3o temos a inten\u00e7\u00e3o de achar que n\u00f3s vamos ser o fator de unidade do partido que n\u00e3o caminhou junto nem quando teve candidato&#8221;, disse o l\u00edder do PT na C\u00e2mara, Paulo Pimenta (RS). &#8220;Temos uma alian\u00e7a priorit\u00e1ria com PSB e PCdoB&#8221;, refor\u00e7ou.<\/span><\/p>\n<p style=\"text-align: justify;\"><span style=\"color: #000000;\">Ainda mantendo o discurso de que Lula ser\u00e1 o candidato, l\u00edderes do PT citam entre aliados priorit\u00e1rios tamb\u00e9m o PCdoB, outra legenda cortejada por Ciro.\u00a0<\/span><\/p>\n<p style=\"text-align: justify;\"><span style=\"color: #000000;\">Na segunda-feira, 9, ap\u00f3s reuni\u00e3o da Executiva Nacional com o conselho pol\u00edtico da campanha presidencial, representantes do comando petista tamb\u00e9m se reuniram em S\u00e3o Paulo com o presidente do Pros, Eur\u00edpedes J\u00fanior. No encontro, Gleisi, o vice-presidente Marcio Macedo e o ex-prefeito de S\u00e3o Paulo Fernando Haddad &#8211; tido como poss\u00edvel plano B a uma chapa encabe\u00e7ada por Lula &#8211; pediram o apoio do Pros \u00e0 candidatura presidencial.<\/span><\/p>\n<p style=\"text-align: justify;\"><span style=\"color: #000000;\"><b>Mobiliza\u00e7\u00e3o<br \/>\n<\/b><\/span><\/p>\n<p style=\"text-align: justify;\"><span style=\"color: #000000;\">Nas ruas, o partido espera mobilizar a milit\u00e2ncia com atos at\u00e9 o dia 15 de agosto, quando promete reunir apoiadores para registrar a candidatura de Lula no Tribunal Superior Eleitoral (TSE), em Bras\u00edlia, e intensificar esfor\u00e7os na Justi\u00e7a Eleitoral relacionados a uma poss\u00edvel liberta\u00e7\u00e3o do ex-presidente.<\/span><\/p>\n<p style=\"text-align: justify;\"><span style=\"color: #000000;\">Na pr\u00f3xima sexta-feira, 13, est\u00e1 programado um dia nacional de mobiliza\u00e7\u00e3o em diversas cidades. Em S\u00e3o Paulo, o partido pretende organizar um ato na Avenida Paulista. Ao mesmo tempo, centrais sindicais devem realizar uma plen\u00e1ria em frente ao Tribunal Regional Federal da 4\u00aa Regi\u00e3o (TRF-4), em Porto Alegre, principal palco do &#8220;vai-vem&#8221; de decis\u00f5es no \u00faltimo domingo.<\/span><\/p>\n<p style=\"text-align: justify;\"><span style=\"color: #000000;\">Em 18 de julho, apoiadores de Lula querem aproveitar o dia em que se lembra o nascimento do ex-presidente da \u00c1frica do Sul Nelson Mandela para organizar um &#8220;ato mundial&#8221; denominado &#8220;Mandela livre, Lula livre&#8221;, pedindo a liberdade do petista e comparando a situa\u00e7\u00e3o de Lula com a do l\u00edder sul-africano.<\/span><\/p>\n<p style=\"text-align: justify;\"><span style=\"color: #000000;\">De 10 a 15 de agosto, o Movimento dos Trabalhadores Sem Terra (MST) prepara uma jornada com militantes saindo de v\u00e1rios lugares do Pa\u00eds em dire\u00e7\u00e3o a Bras\u00edlia. Al\u00e9m disso, um abaixo assinado em defesa do ex-presidente vai circular entre apoiadores nas manifesta\u00e7\u00f5es e na internet. &#8220;Vai haver um movimento crescente daqui para frente&#8221;, declarou o deputado Paulo Teixeira.<\/span><\/p>\n<p style=\"text-align: justify;\"><span style=\"color: #000000;\"><b>Justi\u00e7a<br \/>\n<\/b><\/span><\/p>\n<p style=\"text-align: justify;\"><span style=\"color: #000000;\">Na frente jur\u00eddica, os esfor\u00e7os para reverter a condena\u00e7\u00e3o e a pris\u00e3o de Lula deve voltar \u00e0 banca de criminalistas que o defendem no Supremo Tribunal Federal (STF). Os advogados n\u00e3o participaram da articula\u00e7\u00e3o de deputados para pedir um habeas corpus no Tribunal Regional Federal na sexta-feira passada, 6.<\/span><\/p>\n<p style=\"text-align: justify;\"><span style=\"color: #000000;\">Al\u00e9m de Pimenta e Teixeira, Wadih Damous (PT-RJ) tamb\u00e9m foi autor do pedido de habeas corpus. Esse time ainda avalia se e como v\u00e3o recorrer a inst\u00e2ncias superiores para insistir no pedido. Nesta ter\u00e7a-feira, a presidente do Superior Tribunal de Justi\u00e7a (STJ), Laurita Vaz, j\u00e1 negou um negou habeas que pedia a liberdade do ex-presidente.<\/span><\/p>\n<p style=\"text-align: justify;\"><span style=\"color: #000000;\">Nos \u00faltimos dias, Lula e aliados t\u00eam admitido n\u00e3o ter mais esperan\u00e7as na Justi\u00e7a para livr\u00e1-lo da pris\u00e3o. A \u00fanica condi\u00e7\u00e3o para a liberdade, citam, seria o Supremo pautar as a\u00e7\u00f5es que questionam a possibilidade de pris\u00e3o ap\u00f3s condena\u00e7\u00e3o em segunda inst\u00e2ncia e revisar o entendimento vigente na Corte.<\/span><\/p>\n<p>&nbsp;<\/p>\n<p style=\"text-align: right;\">Fonte:Trbn<\/p>\n<div class='share-to-whatsapp-wrapper'><div class='share-on-whsp'>Share on: <\/div><a data-text='Com mobiliza\u00e7\u00e3o, PT quer frear perda de aliados' data-link='https:\/\/newsinfoco.com.br\/inicio\/com-mobilizacao-pt-quer-frear-perda-de-aliados\/' class='whatsapp-button whatsapp-share'>WhatsApp<\/a><div class='clear '><\/div><\/div>","protected":false},"excerpt":{"rendered":"<p>O PT aproveitou a repercuss\u00e3o do imbr\u00f3glio jur\u00eddico sobre a pris\u00e3o do ex-presidente Luiz In\u00e1cio Lula da Silva, condenado e preso na Opera\u00e7\u00e3o Lava Jato, ocorrido neste domingo (8), para reacender a mobiliza\u00e7\u00e3o da milit\u00e2ncia e dar f\u00f4lego \u00e0s conversas para a forma\u00e7\u00e3o de alian\u00e7as. Enquanto preparam uma agenda de manifesta\u00e7\u00f5es para as pr\u00f3ximas semanas, [&hellip;]<\/p>\n","protected":false},"author":1,"featured_media":6341,"comment_status":"open","ping_status":"open","sticky":false,"template":"","format":"standard","meta":{"om_disable_all_campaigns":false,"_exactmetrics_skip_tracking":false,"_exactmetrics_sitenote_active":false,"_exactmetrics_sitenote_note":"","_exactmetrics_sitenote_category":0,"footnotes":""},"categories":[21],"tags":[],"class_list":["post-6375","post","type-post","status-publish","format-standard","has-post-thumbnail","hentry","category-brasil"],"aioseo_notices":[],"_links":{"self":[{"href":"https:\/\/newsinfoco.com.br\/inicio\/wp-json\/wp\/v2\/posts\/6375","targetHints":{"allow":["GET"]}}],"collection":[{"href":"https:\/\/newsinfoco.com.br\/inicio\/wp-json\/wp\/v2\/posts"}],"about":[{"href":"https:\/\/newsinfoco.com.br\/inicio\/wp-json\/wp\/v2\/types\/post"}],"author":[{"embeddable":true,"href":"https:\/\/newsinfoco.com.br\/inicio\/wp-json\/wp\/v2\/users\/1"}],"replies":[{"embeddable":true,"href":"https:\/\/newsinfoco.com.br\/inicio\/wp-json\/wp\/v2\/comments?post=6375"}],"version-history":[{"count":0,"href":"https:\/\/newsinfoco.com.br\/inicio\/wp-json\/wp\/v2\/posts\/6375\/revisions"}],"wp:featuredmedia":[{"embeddable":true,"href":"https:\/\/newsinfoco.com.br\/inicio\/wp-json\/wp\/v2\/media\/6341"}],"wp:attachment":[{"href":"https:\/\/newsinfoco.com.br\/inicio\/wp-json\/wp\/v2\/media?parent=6375"}],"wp:term":[{"taxonomy":"category","embeddable":true,"href":"https:\/\/newsinfoco.com.br\/inicio\/wp-json\/wp\/v2\/categories?post=6375"},{"taxonomy":"post_tag","embeddable":true,"href":"https:\/\/newsinfoco.com.br\/inicio\/wp-json\/wp\/v2\/tags?post=6375"}],"curies":[{"name":"wp","href":"https:\/\/api.w.org\/{rel}","templated":true}]}}