{"id":6377,"date":"2018-07-11T15:55:55","date_gmt":"2018-07-11T18:55:55","guid":{"rendered":"http:\/\/newsinfoco.com.br\/?p=6377"},"modified":"2018-07-11T15:55:55","modified_gmt":"2018-07-11T18:55:55","slug":"ministro-do-trabalho-sinaliza-que-pode-fazer-limpa-na-pasta","status":"publish","type":"post","link":"https:\/\/newsinfoco.com.br\/inicio\/ministro-do-trabalho-sinaliza-que-pode-fazer-limpa-na-pasta\/","title":{"rendered":"Ministro do Trabalho sinaliza que pode fazer \u2018limpa\u2019 na pasta"},"content":{"rendered":"<p style=\"text-align: justify;\">Ap\u00f3s tomar posse no Minist\u00e9rio do Trabalho, o novo titular da \u00e1rea, Caio Vieira de Mello, sinalizou que pode fazer uma \u201climpa\u201d na pasta. \u201cA senhora n\u00e3o faria?\u201d, reagiu, ao ser perguntado sobre poss\u00edvel realiza\u00e7\u00e3o de mudan\u00e7as nos cargos depois das investiga\u00e7\u00f5es que s\u00e3o realizadas pela Pol\u00edcia Federal (PF) para averiguar irregularidades na pasta. \u201cO que for necess\u00e1rio ser\u00e1 feito\u201d, declarou o ministro, acrescentando que vai \u201cfazer exame apurado de todas as situa\u00e7\u00f5es\u201d, \u201cinclusive das concess\u00f5es\u201d de registros sindicais. Ressalvando sempre que era \u201cmineiro\u201d e que n\u00e3o conhecia como o \u00f3rg\u00e3o est\u00e1 funcionando, Vieira de Mello comentou: \u201cMineiro \u00e9 sempre precavido, e eu, como bom mineiro, vou examinar bem a situa\u00e7\u00e3o e as medidas ser\u00e3o tomadas, podem ter certeza, com transpar\u00eancia. Nada ser\u00e1 oculto\u201d.<\/p>\n<p style=\"text-align: justify;\">Diante da insist\u00eancia dos rep\u00f3rteres sobre se considerava a partidariza\u00e7\u00e3o de um minist\u00e9rio um erro, o ministro reagiu: \u201cN\u00e3o conhe\u00e7o o minist\u00e9rio, mas o Minist\u00e9rio do Trabalho tem de ser um minist\u00e9rio extremamente t\u00e9cnico, tem de funcionar\u201d. Sobre a reforma trabalhista, o novo ministro tamb\u00e9m foi cauteloso, mas reconheceu que \u201cse houver necessidade, haver\u00e1 mudan\u00e7a tamb\u00e9m\u201d. Para ele, \u201caltera\u00e7\u00e3o de legisla\u00e7\u00e3o \u00e9 uma coisa normal, a adapta\u00e7\u00e3o vai se fazendo pela jurisprud\u00eancia e o tempo vai mostrando a vantagem ou desvantagem\u201d. E, depois de dizer que n\u00e3o v\u00ea \u201cnada de mais na reforma feita\u201d, emendou que, \u201cse houver necessidade, haver\u00e1 mudan\u00e7a tamb\u00e9m\u201d. Questionado se achava que havia necessidade neste momento de mudan\u00e7as na legisla\u00e7\u00e3o, o ministro declarou: \u201cN\u00e3o vejo nenhuma necessidade no momento. Eu acho at\u00e9 muito prec\u00e1rio a gente emitir uma opini\u00e3o a respeito da nova legisla\u00e7\u00e3o se voc\u00ea n\u00e3o tem um resultado e uma aplica\u00e7\u00e3o efetiva dela\u201d.<\/p><div class=\"newsi-conteudo_19\" id=\"newsi-3457137109\"><a href=\"https:\/\/www.instagram.com\/prefeituraalagoinhas?igsh=YzgzdDJ1bWR3aWI4\" aria-label=\"SAVE_20251006_221555\"><img loading=\"lazy\" decoding=\"async\" src=\"https:\/\/newsinfoco.com.br\/inicio\/wp-content\/uploads\/2025\/10\/SAVE_20251006_221555-rotated.jpg\" alt=\"\"  srcset=\"https:\/\/newsinfoco.com.br\/inicio\/wp-content\/uploads\/2025\/10\/SAVE_20251006_221555-rotated.jpg 1140w, https:\/\/newsinfoco.com.br\/inicio\/wp-content\/uploads\/2025\/10\/SAVE_20251006_221555-300x52.jpg 300w, https:\/\/newsinfoco.com.br\/inicio\/wp-content\/uploads\/2025\/10\/SAVE_20251006_221555-1024x177.jpg 1024w, https:\/\/newsinfoco.com.br\/inicio\/wp-content\/uploads\/2025\/10\/SAVE_20251006_221555-768x133.jpg 768w, https:\/\/newsinfoco.com.br\/inicio\/wp-content\/uploads\/2025\/10\/SAVE_20251006_221555-600x104.jpg 600w, https:\/\/newsinfoco.com.br\/inicio\/wp-content\/uploads\/2025\/10\/SAVE_20251006_221555-696x120.jpg 696w, https:\/\/newsinfoco.com.br\/inicio\/wp-content\/uploads\/2025\/10\/SAVE_20251006_221555-1068x185.jpg 1068w\" sizes=\"(max-width: 1140px) 100vw, 1140px\" width=\"1140\" height=\"197\"   \/><\/a><\/div>\n<p style=\"text-align: justify;\">O novo ministro do Trabalho comentou que recebeu o convite do presidente Michel Temer para assumir o cargo \u201ccom surpresa\u201d e que o fato de faltarem apenas seis meses para o governo acabar n\u00e3o \u00e9 um problema. Para o novo ministro, o \u201cdesafio\u201d o moveu a aceitar o convite. \u201cTodos n\u00f3s brasileiros temos de acreditar no Pa\u00eds. Se eu posso dar alguma colabora\u00e7\u00e3o, eu vou dar. Se faltam seis meses, n\u00e3o \u00e9 problema meu, mas eu vou tentar nesse per\u00edodo. \u00c9 uma miss\u00e3o sair de l\u00e1 com um bom nome como sempre tive\u201d. Vieira de Mello disse que n\u00e3o queria julgar ningu\u00e9m sobre o que aconteceu na pasta e que desejava ser julgado pelo que fizesse l\u00e1 nos pr\u00f3ximos seis meses.<\/p>\n<h6 style=\"text-align: right;\"><\/h6>\n<h6 style=\"text-align: right;\">Fonte:Trbn<\/h6>\n<div class='share-to-whatsapp-wrapper'><div class='share-on-whsp'>Share on: <\/div><a data-text='Ministro do Trabalho sinaliza que pode fazer \u2018limpa\u2019 na pasta' data-link='https:\/\/newsinfoco.com.br\/inicio\/ministro-do-trabalho-sinaliza-que-pode-fazer-limpa-na-pasta\/' class='whatsapp-button whatsapp-share'>WhatsApp<\/a><div class='clear '><\/div><\/div>","protected":false},"excerpt":{"rendered":"<p>Ap\u00f3s tomar posse no Minist\u00e9rio do Trabalho, o novo titular da \u00e1rea, Caio Vieira de Mello, sinalizou que pode fazer uma \u201climpa\u201d na pasta. \u201cA senhora n\u00e3o faria?\u201d, reagiu, ao ser perguntado sobre poss\u00edvel realiza\u00e7\u00e3o de mudan\u00e7as nos cargos depois das investiga\u00e7\u00f5es que s\u00e3o realizadas pela Pol\u00edcia Federal (PF) para averiguar irregularidades na pasta. \u201cO [&hellip;]<\/p>\n","protected":false},"author":1,"featured_media":6378,"comment_status":"open","ping_status":"open","sticky":false,"template":"","format":"standard","meta":{"om_disable_all_campaigns":false,"_exactmetrics_skip_tracking":false,"_exactmetrics_sitenote_active":false,"_exactmetrics_sitenote_note":"","_exactmetrics_sitenote_category":0,"footnotes":""},"categories":[21],"tags":[],"class_list":["post-6377","post","type-post","status-publish","format-standard","has-post-thumbnail","hentry","category-brasil"],"aioseo_notices":[],"_links":{"self":[{"href":"https:\/\/newsinfoco.com.br\/inicio\/wp-json\/wp\/v2\/posts\/6377","targetHints":{"allow":["GET"]}}],"collection":[{"href":"https:\/\/newsinfoco.com.br\/inicio\/wp-json\/wp\/v2\/posts"}],"about":[{"href":"https:\/\/newsinfoco.com.br\/inicio\/wp-json\/wp\/v2\/types\/post"}],"author":[{"embeddable":true,"href":"https:\/\/newsinfoco.com.br\/inicio\/wp-json\/wp\/v2\/users\/1"}],"replies":[{"embeddable":true,"href":"https:\/\/newsinfoco.com.br\/inicio\/wp-json\/wp\/v2\/comments?post=6377"}],"version-history":[{"count":0,"href":"https:\/\/newsinfoco.com.br\/inicio\/wp-json\/wp\/v2\/posts\/6377\/revisions"}],"wp:featuredmedia":[{"embeddable":true,"href":"https:\/\/newsinfoco.com.br\/inicio\/wp-json\/wp\/v2\/media\/6378"}],"wp:attachment":[{"href":"https:\/\/newsinfoco.com.br\/inicio\/wp-json\/wp\/v2\/media?parent=6377"}],"wp:term":[{"taxonomy":"category","embeddable":true,"href":"https:\/\/newsinfoco.com.br\/inicio\/wp-json\/wp\/v2\/categories?post=6377"},{"taxonomy":"post_tag","embeddable":true,"href":"https:\/\/newsinfoco.com.br\/inicio\/wp-json\/wp\/v2\/tags?post=6377"}],"curies":[{"name":"wp","href":"https:\/\/api.w.org\/{rel}","templated":true}]}}