{"id":6486,"date":"2018-07-12T22:05:47","date_gmt":"2018-07-13T01:05:47","guid":{"rendered":"http:\/\/newsinfoco.com.br\/?p=6486"},"modified":"2018-07-12T22:05:47","modified_gmt":"2018-07-13T01:05:47","slug":"11a-parada-lgbtq-do-municipio-recebera-apoio-da-prefeitura-de-alagoinhas","status":"publish","type":"post","link":"https:\/\/newsinfoco.com.br\/inicio\/11a-parada-lgbtq-do-municipio-recebera-apoio-da-prefeitura-de-alagoinhas\/","title":{"rendered":"11\u00aa Parada LGBTQ+ do munic\u00edpio receber\u00e1 apoio da Prefeitura de Alagoinhas"},"content":{"rendered":"<p style=\"text-align: justify;\"><span style=\"color: #000000;\">Entendendo a import\u00e2ncia do movimento de L\u00e9sbicas, Gays, Bissexuais, Trans, Travestis e Queer (LGBTQ+) e a necessidade de discuss\u00e3o ampla sobre pol\u00edticas p\u00fablicas para esta popula\u00e7\u00e3o \u00e9 que a Prefeitura de Alagoinhas promoveu um encontro com representantes dos grupos LGBTQ\u2019s para defini\u00e7\u00e3o e organiza\u00e7\u00e3o da 11\u00aa Parada do Orgulho LGBTQ+ de Alagoinhas.<\/span><\/p>\n<p style=\"text-align: justify;\"><span style=\"color: #000000;\">A inten\u00e7\u00e3o \u00e9 resgatar a tradi\u00e7\u00e3o de um ato pol\u00edtico que reflete na luta pela igualdade de direitos e pela vida da popula\u00e7\u00e3o LGBTQ+ que sofre com altos \u00edndices de viol\u00eancia. Neste ano o evento ser\u00e1 realizado no domingo (22), com concentra\u00e7\u00e3o \u00e0s 14h na Avenida Juracy Magalh\u00e3es, seguindo at\u00e9 o centro da cidade. Durante o percurso, representantes dos grupos LGBTQ+ ir\u00e3o discursar sobre as pautas de pol\u00edticas p\u00fablicas e a atra\u00e7\u00e3o principal ser\u00e1 o cantor Maur\u00edcio Lins, artista que traz representatividade pelo hist\u00f3rico de luta junto \u00e0 comunidade. \u201cMinha participa\u00e7\u00e3o na Parada \u00e9 simb\u00f3lica porque eu represento a voz dos LGBT\u2019s, mas tamb\u00e9m dos negros, minha presen\u00e7a \u00e9 um ato de resist\u00eancia\u201d, disse Maur\u00edcio Lins.<\/span><\/p><div class=\"newsi-conteudo_19\" id=\"newsi-2218824171\"><a href=\"https:\/\/www.instagram.com\/prefeituraalagoinhas?igsh=YzgzdDJ1bWR3aWI4\" aria-label=\"SAVE_20251006_221555\"><img loading=\"lazy\" decoding=\"async\" src=\"https:\/\/newsinfoco.com.br\/inicio\/wp-content\/uploads\/2025\/10\/SAVE_20251006_221555-rotated.jpg\" alt=\"\"  srcset=\"https:\/\/newsinfoco.com.br\/inicio\/wp-content\/uploads\/2025\/10\/SAVE_20251006_221555-rotated.jpg 1140w, https:\/\/newsinfoco.com.br\/inicio\/wp-content\/uploads\/2025\/10\/SAVE_20251006_221555-300x52.jpg 300w, https:\/\/newsinfoco.com.br\/inicio\/wp-content\/uploads\/2025\/10\/SAVE_20251006_221555-1024x177.jpg 1024w, https:\/\/newsinfoco.com.br\/inicio\/wp-content\/uploads\/2025\/10\/SAVE_20251006_221555-768x133.jpg 768w, https:\/\/newsinfoco.com.br\/inicio\/wp-content\/uploads\/2025\/10\/SAVE_20251006_221555-600x104.jpg 600w, https:\/\/newsinfoco.com.br\/inicio\/wp-content\/uploads\/2025\/10\/SAVE_20251006_221555-696x120.jpg 696w, https:\/\/newsinfoco.com.br\/inicio\/wp-content\/uploads\/2025\/10\/SAVE_20251006_221555-1068x185.jpg 1068w\" sizes=\"(max-width: 1140px) 100vw, 1140px\" width=\"1140\" height=\"197\"   \/><\/a><\/div>\n<p style=\"text-align: justify;\"><span style=\"color: #000000;\">Para contribuir com a realiza\u00e7\u00e3o do evento a Prefeitura ir\u00e1 contribuir com o trio el\u00e9trico, atra\u00e7\u00e3o musical, ordenamento do solo, limpeza, ilumina\u00e7\u00e3o, organiza\u00e7\u00e3o e monitoramento do tr\u00e2nsito, seguran\u00e7a, kit alimenta\u00e7\u00e3o e \u00e1gua para os profissionais que ir\u00e3o trabalhar na Parada e divulga\u00e7\u00e3o do evento. A realiza\u00e7\u00e3o da 11\u00aa Parada LGBTQ+ \u00e9 uma iniciativa da Organiza\u00e7\u00e3o Homossexual Geral de Alagoinhas (OHGA), apoiada pela administra\u00e7\u00e3o municipal em conjunto com outros grupos da cidade.<\/span><\/p>\n<p style=\"text-align: justify;\"><span style=\"color: #000000;\">Ser\u00e3o mobilizadas a Secretaria Municipal de Assist\u00eancia Social (SEMAS), Secretaria Municipal de Cultura, Esporte e Turismo (SECET), Secretaria Municipal de Servi\u00e7os P\u00fablicos (SESEP), Superintend\u00eancia de Transporte e Tr\u00e2nsito (SMTT) e Guarda Civil Municipal (GCM).<\/span><\/p>\n<h6 style=\"text-align: right;\"><span style=\"color: #999999;\">Fonte: SECOM SEMAS SECET SESEP<\/span><\/h6>\n<div style=\"text-align: justify;\" align=\"right\"><\/div>\n<div class='share-to-whatsapp-wrapper'><div class='share-on-whsp'>Share on: <\/div><a data-text='11\u00aa Parada LGBTQ+ do munic\u00edpio receber\u00e1 apoio da Prefeitura de Alagoinhas' data-link='https:\/\/newsinfoco.com.br\/inicio\/11a-parada-lgbtq-do-municipio-recebera-apoio-da-prefeitura-de-alagoinhas\/' class='whatsapp-button whatsapp-share'>WhatsApp<\/a><div class='clear '><\/div><\/div>","protected":false},"excerpt":{"rendered":"<p>Entendendo a import\u00e2ncia do movimento de L\u00e9sbicas, Gays, Bissexuais, Trans, Travestis e Queer (LGBTQ+) e a necessidade de discuss\u00e3o ampla sobre pol\u00edticas p\u00fablicas para esta popula\u00e7\u00e3o \u00e9 que a Prefeitura de Alagoinhas promoveu um encontro com representantes dos grupos LGBTQ\u2019s para defini\u00e7\u00e3o e organiza\u00e7\u00e3o da 11\u00aa Parada do Orgulho LGBTQ+ de Alagoinhas. A inten\u00e7\u00e3o \u00e9 [&hellip;]<\/p>\n","protected":false},"author":1,"featured_media":3924,"comment_status":"open","ping_status":"open","sticky":false,"template":"","format":"standard","meta":{"om_disable_all_campaigns":false,"_exactmetrics_skip_tracking":false,"_exactmetrics_sitenote_active":false,"_exactmetrics_sitenote_note":"","_exactmetrics_sitenote_category":0,"footnotes":""},"categories":[38,30],"tags":[53,54,56],"class_list":["post-6486","post","type-post","status-publish","format-standard","has-post-thumbnail","hentry","category-alagoinhas-e-regiao","category-destaque","tag-alagoinhas","tag-prefeitura","tag-secom"],"aioseo_notices":[],"_links":{"self":[{"href":"https:\/\/newsinfoco.com.br\/inicio\/wp-json\/wp\/v2\/posts\/6486","targetHints":{"allow":["GET"]}}],"collection":[{"href":"https:\/\/newsinfoco.com.br\/inicio\/wp-json\/wp\/v2\/posts"}],"about":[{"href":"https:\/\/newsinfoco.com.br\/inicio\/wp-json\/wp\/v2\/types\/post"}],"author":[{"embeddable":true,"href":"https:\/\/newsinfoco.com.br\/inicio\/wp-json\/wp\/v2\/users\/1"}],"replies":[{"embeddable":true,"href":"https:\/\/newsinfoco.com.br\/inicio\/wp-json\/wp\/v2\/comments?post=6486"}],"version-history":[{"count":0,"href":"https:\/\/newsinfoco.com.br\/inicio\/wp-json\/wp\/v2\/posts\/6486\/revisions"}],"wp:featuredmedia":[{"embeddable":true,"href":"https:\/\/newsinfoco.com.br\/inicio\/wp-json\/wp\/v2\/media\/3924"}],"wp:attachment":[{"href":"https:\/\/newsinfoco.com.br\/inicio\/wp-json\/wp\/v2\/media?parent=6486"}],"wp:term":[{"taxonomy":"category","embeddable":true,"href":"https:\/\/newsinfoco.com.br\/inicio\/wp-json\/wp\/v2\/categories?post=6486"},{"taxonomy":"post_tag","embeddable":true,"href":"https:\/\/newsinfoco.com.br\/inicio\/wp-json\/wp\/v2\/tags?post=6486"}],"curies":[{"name":"wp","href":"https:\/\/api.w.org\/{rel}","templated":true}]}}