{"id":6491,"date":"2018-07-12T22:52:01","date_gmt":"2018-07-13T01:52:01","guid":{"rendered":"http:\/\/newsinfoco.com.br\/?p=6491"},"modified":"2018-07-12T22:52:01","modified_gmt":"2018-07-13T01:52:01","slug":"nova-diretoria-na-central-de-abastecimento-por-questoes-de-ordem-pessoal-luiz-cesar-souza-pede-exoneracao-e-o-oficial-osvaldo-pedro-da-cruz-assume-o-cargo","status":"publish","type":"post","link":"https:\/\/newsinfoco.com.br\/inicio\/nova-diretoria-na-central-de-abastecimento-por-questoes-de-ordem-pessoal-luiz-cesar-souza-pede-exoneracao-e-o-oficial-osvaldo-pedro-da-cruz-assume-o-cargo\/","title":{"rendered":"Nova diretoria na Central de Abastecimento: por quest\u00f5es de ordem pessoal, Luiz Cesar Souza pede exonera\u00e7\u00e3o e o oficial Osvaldo Pedro da Cruz assume o cargo"},"content":{"rendered":"<p style=\"text-align: justify;\"><span style=\"color: #000000;\">Aposentado do polo petroqu\u00edmico, onde foi coordenador de \u00e1rea, e ap\u00f3s um trabalho importante junto aos feirantes, Luiz Cesar Souza Lima, que assumiu a Central de Abastecimento em fevereiro de 2017, foi exonerado a pedido nesta quarta-feira (11).<\/span><\/p>\n<p style=\"text-align: justify;\"><span style=\"color: #000000;\">De acordo com o secret\u00e1rio de agricultura, Geraldo Almeida, a sa\u00edda do profissional se deu por vontade pr\u00f3pria. \u201cCesar sempre foi um gestor respons\u00e1vel, organizado e muito educado que provocou mudan\u00e7as importantes na Central.<\/span><br \/>\n<span style=\"color: #000000;\">Tivemos uma s\u00e9rie de pequenas, mas importantes interven\u00e7\u00f5es na estrutura que contribuem diretamente para os feirantes que trabalham no espa\u00e7o, como a elimina\u00e7\u00e3o de pontos de vazamento no telhado do galp\u00e3o principal, a constru\u00e7\u00e3o de uma escada onde era uma rampa para melhorar o acesso, a manuten\u00e7\u00e3o dos sanit\u00e1rios, a elimina\u00e7\u00e3o de esgotos que corriam a c\u00e9u aberto, a recupera\u00e7\u00e3o de port\u00f5es que estavam quebrados, entre outras a\u00e7\u00f5es que, para o cidad\u00e3o, podem parecer pequenas, mas que interferem diretamente na rotina de mais de 700 feirantes\u201d, pontuou.<\/span><\/p><div class=\"newsi-conteudo_19\" id=\"newsi-211504897\"><a href=\"https:\/\/www.instagram.com\/prefeituraalagoinhas?igsh=YzgzdDJ1bWR3aWI4\" aria-label=\"SAVE_20251006_221555\"><img loading=\"lazy\" decoding=\"async\" src=\"https:\/\/newsinfoco.com.br\/inicio\/wp-content\/uploads\/2025\/10\/SAVE_20251006_221555-rotated.jpg\" alt=\"\"  srcset=\"https:\/\/newsinfoco.com.br\/inicio\/wp-content\/uploads\/2025\/10\/SAVE_20251006_221555-rotated.jpg 1140w, https:\/\/newsinfoco.com.br\/inicio\/wp-content\/uploads\/2025\/10\/SAVE_20251006_221555-300x52.jpg 300w, https:\/\/newsinfoco.com.br\/inicio\/wp-content\/uploads\/2025\/10\/SAVE_20251006_221555-1024x177.jpg 1024w, https:\/\/newsinfoco.com.br\/inicio\/wp-content\/uploads\/2025\/10\/SAVE_20251006_221555-768x133.jpg 768w, https:\/\/newsinfoco.com.br\/inicio\/wp-content\/uploads\/2025\/10\/SAVE_20251006_221555-600x104.jpg 600w, https:\/\/newsinfoco.com.br\/inicio\/wp-content\/uploads\/2025\/10\/SAVE_20251006_221555-696x120.jpg 696w, https:\/\/newsinfoco.com.br\/inicio\/wp-content\/uploads\/2025\/10\/SAVE_20251006_221555-1068x185.jpg 1068w\" sizes=\"(max-width: 1140px) 100vw, 1140px\" width=\"1140\" height=\"197\"   \/><\/a><\/div>\n<p style=\"text-align: justify;\"><span style=\"color: #000000;\">\u00c0 frente da Central de Abastecimento, Luiz Cesar estabeleceu o cumprimento do hor\u00e1rio de funcionamento do local, das 5h \u00e0s 19h, e manteve um relacionamento direto com as pol\u00edcias militar e civil, tendo apoiado a\u00e7\u00f5es preventivas que, segundo a SEMAG, reduziram os \u00edndices de furtos e roubos na localidade.<\/span><\/p>\n<p style=\"text-align: justify;\"><span style=\"color: #000000;\">A sa\u00edda do profissional que, de acordo com a SEMAG, se deu por quest\u00f5es de ordem pessoal, deixa pela frente grandes desafios, mas o novo gestor deve usar a ampla experi\u00eancia em setores da Pol\u00edcia Militar para contribuir tanto com o ordenamento quanto com melhorias estruturais para o setor. O substituto anunciado \u00e9 o oficial da reserva da PM, Osvaldo Pedro da Cruz.<\/span><\/p>\n<h6 style=\"text-align: right;\" align=\"right\"><span style=\"color: #999999;\">Fonte: SECOM Prefeitura<\/span><\/h6>\n<div class='share-to-whatsapp-wrapper'><div class='share-on-whsp'>Share on: <\/div><a data-text='Nova diretoria na Central de Abastecimento: por quest\u00f5es de ordem pessoal, Luiz Cesar Souza pede exonera\u00e7\u00e3o e o oficial Osvaldo Pedro da Cruz assume o cargo' data-link='https:\/\/newsinfoco.com.br\/inicio\/nova-diretoria-na-central-de-abastecimento-por-questoes-de-ordem-pessoal-luiz-cesar-souza-pede-exoneracao-e-o-oficial-osvaldo-pedro-da-cruz-assume-o-cargo\/' class='whatsapp-button whatsapp-share'>WhatsApp<\/a><div class='clear '><\/div><\/div>","protected":false},"excerpt":{"rendered":"<p>Aposentado do polo petroqu\u00edmico, onde foi coordenador de \u00e1rea, e ap\u00f3s um trabalho importante junto aos feirantes, Luiz Cesar Souza Lima, que assumiu a Central de Abastecimento em fevereiro de 2017, foi exonerado a pedido nesta quarta-feira (11). De acordo com o secret\u00e1rio de agricultura, Geraldo Almeida, a sa\u00edda do profissional se deu por vontade [&hellip;]<\/p>\n","protected":false},"author":1,"featured_media":3924,"comment_status":"open","ping_status":"open","sticky":false,"template":"","format":"standard","meta":{"om_disable_all_campaigns":false,"_exactmetrics_skip_tracking":false,"_exactmetrics_sitenote_active":false,"_exactmetrics_sitenote_note":"","_exactmetrics_sitenote_category":0,"footnotes":""},"categories":[38,30],"tags":[53,54,56],"class_list":["post-6491","post","type-post","status-publish","format-standard","has-post-thumbnail","hentry","category-alagoinhas-e-regiao","category-destaque","tag-alagoinhas","tag-prefeitura","tag-secom"],"aioseo_notices":[],"_links":{"self":[{"href":"https:\/\/newsinfoco.com.br\/inicio\/wp-json\/wp\/v2\/posts\/6491","targetHints":{"allow":["GET"]}}],"collection":[{"href":"https:\/\/newsinfoco.com.br\/inicio\/wp-json\/wp\/v2\/posts"}],"about":[{"href":"https:\/\/newsinfoco.com.br\/inicio\/wp-json\/wp\/v2\/types\/post"}],"author":[{"embeddable":true,"href":"https:\/\/newsinfoco.com.br\/inicio\/wp-json\/wp\/v2\/users\/1"}],"replies":[{"embeddable":true,"href":"https:\/\/newsinfoco.com.br\/inicio\/wp-json\/wp\/v2\/comments?post=6491"}],"version-history":[{"count":0,"href":"https:\/\/newsinfoco.com.br\/inicio\/wp-json\/wp\/v2\/posts\/6491\/revisions"}],"wp:featuredmedia":[{"embeddable":true,"href":"https:\/\/newsinfoco.com.br\/inicio\/wp-json\/wp\/v2\/media\/3924"}],"wp:attachment":[{"href":"https:\/\/newsinfoco.com.br\/inicio\/wp-json\/wp\/v2\/media?parent=6491"}],"wp:term":[{"taxonomy":"category","embeddable":true,"href":"https:\/\/newsinfoco.com.br\/inicio\/wp-json\/wp\/v2\/categories?post=6491"},{"taxonomy":"post_tag","embeddable":true,"href":"https:\/\/newsinfoco.com.br\/inicio\/wp-json\/wp\/v2\/tags?post=6491"}],"curies":[{"name":"wp","href":"https:\/\/api.w.org\/{rel}","templated":true}]}}