{"id":6493,"date":"2018-07-12T23:06:26","date_gmt":"2018-07-13T02:06:26","guid":{"rendered":"http:\/\/newsinfoco.com.br\/?p=6493"},"modified":"2018-07-12T23:06:26","modified_gmt":"2018-07-13T02:06:26","slug":"com-decreto-municipal-terreiros-de-candomble-e-baianas-do-acaraje-de-alagoinhas-serao-regulamentados-e-mapeados","status":"publish","type":"post","link":"https:\/\/newsinfoco.com.br\/inicio\/com-decreto-municipal-terreiros-de-candomble-e-baianas-do-acaraje-de-alagoinhas-serao-regulamentados-e-mapeados\/","title":{"rendered":"Com decreto municipal, terreiros de Candombl\u00e9 e baianas do acaraj\u00e9 de Alagoinhas ser\u00e3o regulamentados e mapeados"},"content":{"rendered":"<p style=\"text-align: justify;\"><span style=\"color: #000000;\">Visando o combate \u00e0 exclus\u00e3o e \u00e0 desigualdade social e tendo como base, os direitos e benef\u00edcios garantidos pela pol\u00edtica nacional e estadual de promo\u00e7\u00e3o da Igualdade Racial, em um dia hist\u00f3rico e emocionante para o munic\u00edpio, o prefeito Joaquim Neto assinou,\u00a0 nesta\u00a0 quarta-feira (11), no Gabinete da Prefeitura, quatro decretos que lan\u00e7am o Programa Terreiro\u00a0 Legal, o reconhecimento e cadastramento das baianas de acaraj\u00e9, mingau e vendedoras de beiju, o reconhecimento dos templos das religi\u00f5es de matriz africana existentes no munic\u00edpio como organiza\u00e7\u00f5es religiosas para fins jur\u00eddicos administrativos e sociais, passando a ter os mesmo benef\u00edcios sociais e tribut\u00e1rios de outras religi\u00f5es, como isen\u00e7\u00e3o de impostos e capta\u00e7\u00e3o de recursos p\u00fablicos, \u00a0e a regulamenta\u00e7\u00e3o da indument\u00e1ria das baianas de acaraj\u00e9, que\u00a0 ter\u00e3o de seguir as tradi\u00e7\u00f5es para o uso de vestimenta e para montar o tabuleiro.<\/span><\/p>\n<p style=\"text-align: justify;\"><span style=\"color: #000000;\">Por meio do Programa Terreiro Legal, os Povos e Comunidades de Terreiros\u00a0 ter\u00e3o mais facilidade para fazer regulariza\u00e7\u00e3o fundi\u00e1ria e se organizar como institui\u00e7\u00f5es jur\u00eddicas. O decreto engloba\u00a0 povos e comunidades como Unzon, Mansu, Centros de Umbanda, Centros de Caboclo, de Il\u00ea Ax\u00e9 e outros. A Secretaria de Cultura, Esporte e Turismo(SECET) em parceria com a Diretoria de Repara\u00e7\u00e3o ir\u00e1 organizar um banco de dados com o registro das comunidades que existem em Alagoinhas.<\/span><\/p><div class=\"newsi-conteudo_19\" id=\"newsi-882113871\"><a href=\"https:\/\/www.instagram.com\/prefeituraalagoinhas?igsh=YzgzdDJ1bWR3aWI4\" aria-label=\"SAVE_20251006_221555\"><img loading=\"lazy\" decoding=\"async\" src=\"https:\/\/newsinfoco.com.br\/inicio\/wp-content\/uploads\/2025\/10\/SAVE_20251006_221555-rotated.jpg\" alt=\"\"  srcset=\"https:\/\/newsinfoco.com.br\/inicio\/wp-content\/uploads\/2025\/10\/SAVE_20251006_221555-rotated.jpg 1140w, https:\/\/newsinfoco.com.br\/inicio\/wp-content\/uploads\/2025\/10\/SAVE_20251006_221555-300x52.jpg 300w, https:\/\/newsinfoco.com.br\/inicio\/wp-content\/uploads\/2025\/10\/SAVE_20251006_221555-1024x177.jpg 1024w, https:\/\/newsinfoco.com.br\/inicio\/wp-content\/uploads\/2025\/10\/SAVE_20251006_221555-768x133.jpg 768w, https:\/\/newsinfoco.com.br\/inicio\/wp-content\/uploads\/2025\/10\/SAVE_20251006_221555-600x104.jpg 600w, https:\/\/newsinfoco.com.br\/inicio\/wp-content\/uploads\/2025\/10\/SAVE_20251006_221555-696x120.jpg 696w, https:\/\/newsinfoco.com.br\/inicio\/wp-content\/uploads\/2025\/10\/SAVE_20251006_221555-1068x185.jpg 1068w\" sizes=\"(max-width: 1140px) 100vw, 1140px\" width=\"1140\" height=\"197\"   \/><\/a><\/div>\n<p style=\"text-align: justify;\"><span style=\"color: #000000;\">De acordo com Luiz C\u00e9zar, presidente\u00a0 da Associa\u00e7\u00e3o dos Terreiros de Alagoinhas, fundada h\u00e1 quatro anos,\u00a0 a import\u00e2ncia da assinatura dos decretos \u00e9 uma conquista que envolve a afirma\u00e7\u00e3o da identidade e do reconhecimento do poder p\u00fablico municipal. \u201cJ\u00e1 t\u00ednhamos o nacional e o estadual e faltava o do munic\u00edpio\u201d, disse. \u201c\u00c9 mais um n\u00facleo que se abre e a cidade ir\u00e1 ganhar muito, \u00a0porque a ABAM junto com a prefeitura ir\u00e1 contribuir para se organizem e sejam conscientizadas de que precisam estar caracterizadas de acordo com as tradi\u00e7\u00f5es, porque as baianas s\u00e3o reconhecidas como profiss\u00e3o desde 14 de julho do ano passado e tamb\u00e9m isso vai ajudar muito o turismo local\u201d, afirmou No\u00e9lia Pires, \u00a0presente no evento representando a Associa\u00e7\u00e3o Nacional das Baianas de Acaraj\u00e9 \u2013 ABAM.\u00a0 \u00a0 \u00a0 \u00a0 \u00a0 \u00a0 Para Mariz\u00e9lia Soares, \u00a0diretora municipal de Repara\u00e7\u00e3o, os decretos representam um grande passo para \u00a0valoriza\u00e7\u00e3o dos povos de matriz africana das comunidades tradicionais \u201cA valoriza\u00e7\u00e3o que o prefeito esta dando \u00e0 nossa cultura e identidade \u00e9 um grande avan\u00e7o, todos j\u00e1 \u00a0est\u00e3o esperando acontecer a publica\u00e7\u00e3o para irmos para ruas. A primeira etapa ser\u00e1 de cadastro das baianas de acaraj\u00e9 e a segunda etapa ser\u00e1 de mapeamento dos terreiros\u201d, disse.<\/span><\/p>\n<p style=\"text-align: justify;\"><span style=\"color: #000000;\">Emocionada, a vice=prefeita e secretaria de Cultura, Esporte e Turismo(SECET), Iraci Gama, ressaltou \u00a0a nossa matriz cultural como ponto de uni\u00e3o. \u201cO que faz que povo seja povo s\u00e3o as suas ra\u00edzes\u201d.<\/span><\/p>\n<p style=\"text-align: justify;\"><span style=\"color: #000000;\">\u201c Todos t\u00eam liberdade de escolha de religi\u00e3o e\u00a0 com o reconhecimento dos terreiros, n\u00e3o haver\u00e1 distin\u00e7\u00f5es. \u00a0Os terreiros e suas atividades \u00a0s\u00e3o muito importantes tamb\u00e9m\u00a0\u00a0 pela fun\u00e7\u00e3o social que\u00a0 t\u00eam nas suas comunidades\u201d, afirmou o prefeito Joaquim Neto.<\/span><\/p>\n<p style=\"text-align: justify;\"><span style=\"color: #000000;\">Na oportunidade, o Joaquim Neto tamb\u00e9m assinou um Projeto de Lei que tem por objetivo o reconhecimento do acaraj\u00e9 como patrim\u00f4nio cultural do munic\u00edpio.<\/span><\/p>\n<p style=\"text-align: justify;\"><span style=\"color: #000000;\">Tamb\u00e9m estiveram presentes no evento, Cristiano Pedreira da Silva (Instituto Houri), Denise Assis dos Santos ( IFBA), a presidente do Afox\u00e9 Filhos do Congo, Lindinalva da Silva, o advogado Ant\u00f4nio Kl\u00e9ber Almeida, representando a OAB, Guarda Municipal, Salvador dos Santos, \u00a0Jovenilson de Jesus, Ana Rita Souza de Ara\u00fajo (CEN GY\u00c1NI Aebantu), Ang\u00e9lica de Almeida e Silvana Oliveira (Auterma), o Diretor de Turismo, Erivaldo da Silva, Nadinho do Congo, representando os Filhos do Congo e Luiz Carlos Medeiros, representante da Procuradora Jur\u00eddica ( PROJU).<\/span><\/p>\n<p style=\"text-align: justify;\"><span style=\"color: #000000;\">CONFIRA GALERIA DE FOTOS<\/span><\/p>\n<p><a href=\"http:\/\/newsinfoco.com.br\/wp-content\/uploads\/2018\/07\/29476728508_c305c06c28_k.jpg\"><img loading=\"lazy\" decoding=\"async\" class=\"aligncenter size-full wp-image-6494\" src=\"http:\/\/newsinfoco.com.br\/wp-content\/uploads\/2018\/07\/29476728508_c305c06c28_k.jpg\" alt=\"\" width=\"2048\" height=\"1356\" srcset=\"https:\/\/newsinfoco.com.br\/inicio\/wp-content\/uploads\/2018\/07\/29476728508_c305c06c28_k.jpg 2048w, https:\/\/newsinfoco.com.br\/inicio\/wp-content\/uploads\/2018\/07\/29476728508_c305c06c28_k-300x199.jpg 300w, https:\/\/newsinfoco.com.br\/inicio\/wp-content\/uploads\/2018\/07\/29476728508_c305c06c28_k-768x509.jpg 768w, https:\/\/newsinfoco.com.br\/inicio\/wp-content\/uploads\/2018\/07\/29476728508_c305c06c28_k-1024x678.jpg 1024w, https:\/\/newsinfoco.com.br\/inicio\/wp-content\/uploads\/2018\/07\/29476728508_c305c06c28_k-600x397.jpg 600w, https:\/\/newsinfoco.com.br\/inicio\/wp-content\/uploads\/2018\/07\/29476728508_c305c06c28_k-696x461.jpg 696w, https:\/\/newsinfoco.com.br\/inicio\/wp-content\/uploads\/2018\/07\/29476728508_c305c06c28_k-1068x707.jpg 1068w, https:\/\/newsinfoco.com.br\/inicio\/wp-content\/uploads\/2018\/07\/29476728508_c305c06c28_k-634x420.jpg 634w, https:\/\/newsinfoco.com.br\/inicio\/wp-content\/uploads\/2018\/07\/29476728508_c305c06c28_k-1320x874.jpg 1320w\" sizes=\"auto, (max-width: 2048px) 100vw, 2048px\" \/><\/a> <a href=\"http:\/\/newsinfoco.com.br\/wp-content\/uploads\/2018\/07\/41537257020_2eb4c8ba97_k.jpg\"><img loading=\"lazy\" decoding=\"async\" class=\"aligncenter size-full wp-image-6495\" src=\"http:\/\/newsinfoco.com.br\/wp-content\/uploads\/2018\/07\/41537257020_2eb4c8ba97_k.jpg\" alt=\"\" width=\"2048\" height=\"1356\" srcset=\"https:\/\/newsinfoco.com.br\/inicio\/wp-content\/uploads\/2018\/07\/41537257020_2eb4c8ba97_k.jpg 2048w, https:\/\/newsinfoco.com.br\/inicio\/wp-content\/uploads\/2018\/07\/41537257020_2eb4c8ba97_k-300x199.jpg 300w, https:\/\/newsinfoco.com.br\/inicio\/wp-content\/uploads\/2018\/07\/41537257020_2eb4c8ba97_k-768x509.jpg 768w, https:\/\/newsinfoco.com.br\/inicio\/wp-content\/uploads\/2018\/07\/41537257020_2eb4c8ba97_k-1024x678.jpg 1024w, https:\/\/newsinfoco.com.br\/inicio\/wp-content\/uploads\/2018\/07\/41537257020_2eb4c8ba97_k-600x397.jpg 600w, https:\/\/newsinfoco.com.br\/inicio\/wp-content\/uploads\/2018\/07\/41537257020_2eb4c8ba97_k-696x461.jpg 696w, https:\/\/newsinfoco.com.br\/inicio\/wp-content\/uploads\/2018\/07\/41537257020_2eb4c8ba97_k-1068x707.jpg 1068w, https:\/\/newsinfoco.com.br\/inicio\/wp-content\/uploads\/2018\/07\/41537257020_2eb4c8ba97_k-634x420.jpg 634w, https:\/\/newsinfoco.com.br\/inicio\/wp-content\/uploads\/2018\/07\/41537257020_2eb4c8ba97_k-1320x874.jpg 1320w\" sizes=\"auto, (max-width: 2048px) 100vw, 2048px\" \/><\/a> <a href=\"http:\/\/newsinfoco.com.br\/wp-content\/uploads\/2018\/07\/42629887154_318edba851_k.jpg\"><img loading=\"lazy\" decoding=\"async\" class=\"aligncenter size-full wp-image-6496\" src=\"http:\/\/newsinfoco.com.br\/wp-content\/uploads\/2018\/07\/42629887154_318edba851_k.jpg\" alt=\"\" width=\"2048\" height=\"1356\" srcset=\"https:\/\/newsinfoco.com.br\/inicio\/wp-content\/uploads\/2018\/07\/42629887154_318edba851_k.jpg 2048w, https:\/\/newsinfoco.com.br\/inicio\/wp-content\/uploads\/2018\/07\/42629887154_318edba851_k-300x199.jpg 300w, https:\/\/newsinfoco.com.br\/inicio\/wp-content\/uploads\/2018\/07\/42629887154_318edba851_k-768x509.jpg 768w, https:\/\/newsinfoco.com.br\/inicio\/wp-content\/uploads\/2018\/07\/42629887154_318edba851_k-1024x678.jpg 1024w, https:\/\/newsinfoco.com.br\/inicio\/wp-content\/uploads\/2018\/07\/42629887154_318edba851_k-600x397.jpg 600w, https:\/\/newsinfoco.com.br\/inicio\/wp-content\/uploads\/2018\/07\/42629887154_318edba851_k-696x461.jpg 696w, https:\/\/newsinfoco.com.br\/inicio\/wp-content\/uploads\/2018\/07\/42629887154_318edba851_k-1068x707.jpg 1068w, https:\/\/newsinfoco.com.br\/inicio\/wp-content\/uploads\/2018\/07\/42629887154_318edba851_k-634x420.jpg 634w, https:\/\/newsinfoco.com.br\/inicio\/wp-content\/uploads\/2018\/07\/42629887154_318edba851_k-1320x874.jpg 1320w\" sizes=\"auto, (max-width: 2048px) 100vw, 2048px\" \/><\/a> <a href=\"http:\/\/newsinfoco.com.br\/wp-content\/uploads\/2018\/07\/43346788451_fe86c2d98c_k.jpg\"><img loading=\"lazy\" decoding=\"async\" class=\"aligncenter size-full wp-image-6498\" src=\"http:\/\/newsinfoco.com.br\/wp-content\/uploads\/2018\/07\/43346788451_fe86c2d98c_k.jpg\" alt=\"\" width=\"2048\" height=\"1356\" srcset=\"https:\/\/newsinfoco.com.br\/inicio\/wp-content\/uploads\/2018\/07\/43346788451_fe86c2d98c_k.jpg 2048w, https:\/\/newsinfoco.com.br\/inicio\/wp-content\/uploads\/2018\/07\/43346788451_fe86c2d98c_k-300x199.jpg 300w, https:\/\/newsinfoco.com.br\/inicio\/wp-content\/uploads\/2018\/07\/43346788451_fe86c2d98c_k-768x509.jpg 768w, https:\/\/newsinfoco.com.br\/inicio\/wp-content\/uploads\/2018\/07\/43346788451_fe86c2d98c_k-1024x678.jpg 1024w, https:\/\/newsinfoco.com.br\/inicio\/wp-content\/uploads\/2018\/07\/43346788451_fe86c2d98c_k-600x397.jpg 600w, https:\/\/newsinfoco.com.br\/inicio\/wp-content\/uploads\/2018\/07\/43346788451_fe86c2d98c_k-696x461.jpg 696w, https:\/\/newsinfoco.com.br\/inicio\/wp-content\/uploads\/2018\/07\/43346788451_fe86c2d98c_k-1068x707.jpg 1068w, https:\/\/newsinfoco.com.br\/inicio\/wp-content\/uploads\/2018\/07\/43346788451_fe86c2d98c_k-634x420.jpg 634w, https:\/\/newsinfoco.com.br\/inicio\/wp-content\/uploads\/2018\/07\/43346788451_fe86c2d98c_k-1320x874.jpg 1320w\" sizes=\"auto, (max-width: 2048px) 100vw, 2048px\" \/><\/a><\/p>\n<h6 style=\"text-align: right;\"><span style=\"color: #999999;\">Fonte: SECOM SECET\u00a0<\/span><\/h6>\n<div class='share-to-whatsapp-wrapper'><div class='share-on-whsp'>Share on: <\/div><a data-text='Com decreto municipal, terreiros de Candombl\u00e9 e baianas do acaraj\u00e9 de Alagoinhas ser\u00e3o regulamentados e mapeados' data-link='https:\/\/newsinfoco.com.br\/inicio\/com-decreto-municipal-terreiros-de-candomble-e-baianas-do-acaraje-de-alagoinhas-serao-regulamentados-e-mapeados\/' class='whatsapp-button whatsapp-share'>WhatsApp<\/a><div class='clear '><\/div><\/div>","protected":false},"excerpt":{"rendered":"<p>Visando o combate \u00e0 exclus\u00e3o e \u00e0 desigualdade social e tendo como base, os direitos e benef\u00edcios garantidos pela pol\u00edtica nacional e estadual de promo\u00e7\u00e3o da Igualdade Racial, em um dia hist\u00f3rico e emocionante para o munic\u00edpio, o prefeito Joaquim Neto assinou,\u00a0 nesta\u00a0 quarta-feira (11), no Gabinete da Prefeitura, quatro decretos que lan\u00e7am o Programa [&hellip;]<\/p>\n","protected":false},"author":1,"featured_media":6497,"comment_status":"open","ping_status":"open","sticky":false,"template":"","format":"standard","meta":{"om_disable_all_campaigns":false,"_exactmetrics_skip_tracking":false,"_exactmetrics_sitenote_active":false,"_exactmetrics_sitenote_note":"","_exactmetrics_sitenote_category":0,"footnotes":""},"categories":[38,30],"tags":[53,54,56],"class_list":["post-6493","post","type-post","status-publish","format-standard","has-post-thumbnail","hentry","category-alagoinhas-e-regiao","category-destaque","tag-alagoinhas","tag-prefeitura","tag-secom"],"aioseo_notices":[],"_links":{"self":[{"href":"https:\/\/newsinfoco.com.br\/inicio\/wp-json\/wp\/v2\/posts\/6493","targetHints":{"allow":["GET"]}}],"collection":[{"href":"https:\/\/newsinfoco.com.br\/inicio\/wp-json\/wp\/v2\/posts"}],"about":[{"href":"https:\/\/newsinfoco.com.br\/inicio\/wp-json\/wp\/v2\/types\/post"}],"author":[{"embeddable":true,"href":"https:\/\/newsinfoco.com.br\/inicio\/wp-json\/wp\/v2\/users\/1"}],"replies":[{"embeddable":true,"href":"https:\/\/newsinfoco.com.br\/inicio\/wp-json\/wp\/v2\/comments?post=6493"}],"version-history":[{"count":0,"href":"https:\/\/newsinfoco.com.br\/inicio\/wp-json\/wp\/v2\/posts\/6493\/revisions"}],"wp:featuredmedia":[{"embeddable":true,"href":"https:\/\/newsinfoco.com.br\/inicio\/wp-json\/wp\/v2\/media\/6497"}],"wp:attachment":[{"href":"https:\/\/newsinfoco.com.br\/inicio\/wp-json\/wp\/v2\/media?parent=6493"}],"wp:term":[{"taxonomy":"category","embeddable":true,"href":"https:\/\/newsinfoco.com.br\/inicio\/wp-json\/wp\/v2\/categories?post=6493"},{"taxonomy":"post_tag","embeddable":true,"href":"https:\/\/newsinfoco.com.br\/inicio\/wp-json\/wp\/v2\/tags?post=6493"}],"curies":[{"name":"wp","href":"https:\/\/api.w.org\/{rel}","templated":true}]}}