{"id":6510,"date":"2018-07-13T14:15:33","date_gmt":"2018-07-13T17:15:33","guid":{"rendered":"http:\/\/newsinfoco.com.br\/?p=6510"},"modified":"2018-07-13T14:15:33","modified_gmt":"2018-07-13T17:15:33","slug":"joaquim-neto-recebe-homenagem-na-inauguracao-do-novo-clube-recreativo-calcadao","status":"publish","type":"post","link":"https:\/\/newsinfoco.com.br\/inicio\/joaquim-neto-recebe-homenagem-na-inauguracao-do-novo-clube-recreativo-calcadao\/","title":{"rendered":"Joaquim Neto recebe homenagem na inaugura\u00e7\u00e3o do novo Clube Recreativo Cal\u00e7ad\u00e3o"},"content":{"rendered":"<p style=\"text-align: justify;\"><span style=\"color: #000000;\">O prefeito Joaquim Neto, foi inaugurado na noite desta quinta-feira (12), com a presen\u00e7a do prefeito Joaquim Neto, da vice-prefeita e secret\u00e1ria de Cultura, Esporte e Lazer, Iraci gama, Presidente da C\u00e2mara de Vereadores, Roberto Torres, diretor de Esportes, Luiz Ornelas ( Bar\u00e3o), Secret\u00e1rio da SEDEA, Jos\u00e9 Ed\u00e9sio, e o chefe de Gabinete, Raimundo Queiroz, o novo espa\u00e7o do Clube Recreativo Cal\u00e7ad\u00e3o.<\/span><br \/>\n<span style=\"color: #000000;\">Fundado no dia 1\u00ba de mar\u00e7o de 1985, o clube funcionava pr\u00f3ximo \u00e0 sede da Secretaria de Sa\u00fade, num local conhecido como antigo bistr\u00f4 e agora est\u00e1 instalado ao lado do Sindicato dos Comerci\u00e1rios, num espa\u00e7o tamb\u00e9m cedido pela Prefeitura, que patrocinou a pintura e o piso. O clube possui 40 s\u00f3cios que se re\u00fanem de segunda \u00e0 s\u00e1bado, das 14h \u00e1s 20h e aos domingos, das 9h \u00e0s 20h para disputar campeonatos de domin\u00f3, baralho e dama e xadrez.Cada s\u00f3cio paga R$ 20 para a manuten\u00e7\u00e3o do espa\u00e7o.<\/span><br \/>\n<span style=\"color: #000000;\">Na solenidade de inaugura\u00e7\u00e3o, Joaquim Neto recebeu das m\u00e3os do presidente do clube, Pedro Jos\u00e9 Vieira Filho, uma ta\u00e7a que simboliza o acesso \u00e1 primeira divis\u00e3o do Time do Atl\u00e9tico de Alagoinhas, o Carcar\u00e1.O presidente Pedro Vieira agradeceu o apoio do prefeito \u00e0s iniciativas do clube e o prefeito destacou a import\u00e2ncia do espa\u00e7o para o conv\u00edvio social e lazer dos aposentados e trabalhadores em geral.<\/span><br \/>\n<span style=\"color: #000000;\">\u201cEspero que desfrutem deste novo espa\u00e7o que est\u00e1 bem estruturado e que integra pessoas que fazem parte da hist\u00f3ria de Alagoinhas e tamb\u00e9m do Esporte da cidade\u201d, disse Joaquim Neto.<\/span><\/p>\n<p style=\"text-align: justify;\"><span style=\"color: #000000;\">CONFIRA GALERIA DE FOTOS:<\/span><\/p><div class=\"newsi-conteudo_19\" id=\"newsi-89512257\"><a href=\"https:\/\/www.instagram.com\/prefeituraalagoinhas?igsh=YzgzdDJ1bWR3aWI4\" aria-label=\"SAVE_20251006_221555\"><img loading=\"lazy\" decoding=\"async\" src=\"https:\/\/newsinfoco.com.br\/inicio\/wp-content\/uploads\/2025\/10\/SAVE_20251006_221555-rotated.jpg\" alt=\"\"  srcset=\"https:\/\/newsinfoco.com.br\/inicio\/wp-content\/uploads\/2025\/10\/SAVE_20251006_221555-rotated.jpg 1140w, https:\/\/newsinfoco.com.br\/inicio\/wp-content\/uploads\/2025\/10\/SAVE_20251006_221555-300x52.jpg 300w, https:\/\/newsinfoco.com.br\/inicio\/wp-content\/uploads\/2025\/10\/SAVE_20251006_221555-1024x177.jpg 1024w, https:\/\/newsinfoco.com.br\/inicio\/wp-content\/uploads\/2025\/10\/SAVE_20251006_221555-768x133.jpg 768w, https:\/\/newsinfoco.com.br\/inicio\/wp-content\/uploads\/2025\/10\/SAVE_20251006_221555-600x104.jpg 600w, https:\/\/newsinfoco.com.br\/inicio\/wp-content\/uploads\/2025\/10\/SAVE_20251006_221555-696x120.jpg 696w, https:\/\/newsinfoco.com.br\/inicio\/wp-content\/uploads\/2025\/10\/SAVE_20251006_221555-1068x185.jpg 1068w\" sizes=\"(max-width: 1140px) 100vw, 1140px\" width=\"1140\" height=\"197\"   \/><\/a><\/div>\n<p><a href=\"http:\/\/newsinfoco.com.br\/wp-content\/uploads\/2018\/07\/28502620877_703b59ec61_k.jpg\"><img loading=\"lazy\" decoding=\"async\" class=\"aligncenter size-full wp-image-6511\" src=\"http:\/\/newsinfoco.com.br\/wp-content\/uploads\/2018\/07\/28502620877_703b59ec61_k.jpg\" alt=\"\" width=\"2048\" height=\"1356\" srcset=\"https:\/\/newsinfoco.com.br\/inicio\/wp-content\/uploads\/2018\/07\/28502620877_703b59ec61_k.jpg 2048w, https:\/\/newsinfoco.com.br\/inicio\/wp-content\/uploads\/2018\/07\/28502620877_703b59ec61_k-300x199.jpg 300w, https:\/\/newsinfoco.com.br\/inicio\/wp-content\/uploads\/2018\/07\/28502620877_703b59ec61_k-768x509.jpg 768w, https:\/\/newsinfoco.com.br\/inicio\/wp-content\/uploads\/2018\/07\/28502620877_703b59ec61_k-1024x678.jpg 1024w, https:\/\/newsinfoco.com.br\/inicio\/wp-content\/uploads\/2018\/07\/28502620877_703b59ec61_k-600x397.jpg 600w, https:\/\/newsinfoco.com.br\/inicio\/wp-content\/uploads\/2018\/07\/28502620877_703b59ec61_k-696x461.jpg 696w, https:\/\/newsinfoco.com.br\/inicio\/wp-content\/uploads\/2018\/07\/28502620877_703b59ec61_k-1068x707.jpg 1068w, https:\/\/newsinfoco.com.br\/inicio\/wp-content\/uploads\/2018\/07\/28502620877_703b59ec61_k-634x420.jpg 634w, https:\/\/newsinfoco.com.br\/inicio\/wp-content\/uploads\/2018\/07\/28502620877_703b59ec61_k-1320x874.jpg 1320w\" sizes=\"auto, (max-width: 2048px) 100vw, 2048px\" \/><\/a> <a href=\"http:\/\/newsinfoco.com.br\/wp-content\/uploads\/2018\/07\/42467725255_c5cdf1a9ec_k.jpg\"><img loading=\"lazy\" decoding=\"async\" class=\"aligncenter size-full wp-image-6513\" src=\"http:\/\/newsinfoco.com.br\/wp-content\/uploads\/2018\/07\/42467725255_c5cdf1a9ec_k.jpg\" alt=\"\" width=\"2048\" height=\"1356\" srcset=\"https:\/\/newsinfoco.com.br\/inicio\/wp-content\/uploads\/2018\/07\/42467725255_c5cdf1a9ec_k.jpg 2048w, https:\/\/newsinfoco.com.br\/inicio\/wp-content\/uploads\/2018\/07\/42467725255_c5cdf1a9ec_k-300x199.jpg 300w, https:\/\/newsinfoco.com.br\/inicio\/wp-content\/uploads\/2018\/07\/42467725255_c5cdf1a9ec_k-768x509.jpg 768w, https:\/\/newsinfoco.com.br\/inicio\/wp-content\/uploads\/2018\/07\/42467725255_c5cdf1a9ec_k-1024x678.jpg 1024w, https:\/\/newsinfoco.com.br\/inicio\/wp-content\/uploads\/2018\/07\/42467725255_c5cdf1a9ec_k-600x397.jpg 600w, https:\/\/newsinfoco.com.br\/inicio\/wp-content\/uploads\/2018\/07\/42467725255_c5cdf1a9ec_k-696x461.jpg 696w, https:\/\/newsinfoco.com.br\/inicio\/wp-content\/uploads\/2018\/07\/42467725255_c5cdf1a9ec_k-1068x707.jpg 1068w, https:\/\/newsinfoco.com.br\/inicio\/wp-content\/uploads\/2018\/07\/42467725255_c5cdf1a9ec_k-634x420.jpg 634w, https:\/\/newsinfoco.com.br\/inicio\/wp-content\/uploads\/2018\/07\/42467725255_c5cdf1a9ec_k-1320x874.jpg 1320w\" sizes=\"auto, (max-width: 2048px) 100vw, 2048px\" \/><\/a> <a href=\"http:\/\/newsinfoco.com.br\/wp-content\/uploads\/2018\/07\/42467725255_c5cdf1a9ec_k-1.jpg\"><img loading=\"lazy\" decoding=\"async\" class=\"aligncenter size-full wp-image-6514\" src=\"http:\/\/newsinfoco.com.br\/wp-content\/uploads\/2018\/07\/42467725255_c5cdf1a9ec_k-1.jpg\" alt=\"\" width=\"2048\" height=\"1356\" srcset=\"https:\/\/newsinfoco.com.br\/inicio\/wp-content\/uploads\/2018\/07\/42467725255_c5cdf1a9ec_k-1.jpg 2048w, https:\/\/newsinfoco.com.br\/inicio\/wp-content\/uploads\/2018\/07\/42467725255_c5cdf1a9ec_k-1-300x199.jpg 300w, https:\/\/newsinfoco.com.br\/inicio\/wp-content\/uploads\/2018\/07\/42467725255_c5cdf1a9ec_k-1-768x509.jpg 768w, https:\/\/newsinfoco.com.br\/inicio\/wp-content\/uploads\/2018\/07\/42467725255_c5cdf1a9ec_k-1-1024x678.jpg 1024w, https:\/\/newsinfoco.com.br\/inicio\/wp-content\/uploads\/2018\/07\/42467725255_c5cdf1a9ec_k-1-600x397.jpg 600w, https:\/\/newsinfoco.com.br\/inicio\/wp-content\/uploads\/2018\/07\/42467725255_c5cdf1a9ec_k-1-696x461.jpg 696w, https:\/\/newsinfoco.com.br\/inicio\/wp-content\/uploads\/2018\/07\/42467725255_c5cdf1a9ec_k-1-1068x707.jpg 1068w, https:\/\/newsinfoco.com.br\/inicio\/wp-content\/uploads\/2018\/07\/42467725255_c5cdf1a9ec_k-1-634x420.jpg 634w, https:\/\/newsinfoco.com.br\/inicio\/wp-content\/uploads\/2018\/07\/42467725255_c5cdf1a9ec_k-1-1320x874.jpg 1320w\" sizes=\"auto, (max-width: 2048px) 100vw, 2048px\" \/><\/a> <a href=\"http:\/\/newsinfoco.com.br\/wp-content\/uploads\/2018\/07\/42655336554_5df6003938_k.jpg\"><img loading=\"lazy\" decoding=\"async\" class=\"size-full wp-image-6515 aligncenter\" src=\"http:\/\/newsinfoco.com.br\/wp-content\/uploads\/2018\/07\/42655336554_5df6003938_k.jpg\" alt=\"\" width=\"2048\" height=\"1356\" srcset=\"https:\/\/newsinfoco.com.br\/inicio\/wp-content\/uploads\/2018\/07\/42655336554_5df6003938_k.jpg 2048w, https:\/\/newsinfoco.com.br\/inicio\/wp-content\/uploads\/2018\/07\/42655336554_5df6003938_k-300x199.jpg 300w, https:\/\/newsinfoco.com.br\/inicio\/wp-content\/uploads\/2018\/07\/42655336554_5df6003938_k-768x509.jpg 768w, https:\/\/newsinfoco.com.br\/inicio\/wp-content\/uploads\/2018\/07\/42655336554_5df6003938_k-1024x678.jpg 1024w, https:\/\/newsinfoco.com.br\/inicio\/wp-content\/uploads\/2018\/07\/42655336554_5df6003938_k-600x397.jpg 600w, https:\/\/newsinfoco.com.br\/inicio\/wp-content\/uploads\/2018\/07\/42655336554_5df6003938_k-696x461.jpg 696w, https:\/\/newsinfoco.com.br\/inicio\/wp-content\/uploads\/2018\/07\/42655336554_5df6003938_k-1068x707.jpg 1068w, https:\/\/newsinfoco.com.br\/inicio\/wp-content\/uploads\/2018\/07\/42655336554_5df6003938_k-634x420.jpg 634w, https:\/\/newsinfoco.com.br\/inicio\/wp-content\/uploads\/2018\/07\/42655336554_5df6003938_k-1320x874.jpg 1320w\" sizes=\"auto, (max-width: 2048px) 100vw, 2048px\" \/><\/a><\/p>\n<p>&nbsp;<\/p>\n<h6 style=\"text-align: right;\"><span style=\"color: #999999;\">Fonte: SECOM SEDEA<\/span><\/h6>\n<div class='share-to-whatsapp-wrapper'><div class='share-on-whsp'>Share on: <\/div><a data-text='Joaquim Neto recebe homenagem na inaugura\u00e7\u00e3o do novo Clube Recreativo Cal\u00e7ad\u00e3o' data-link='https:\/\/newsinfoco.com.br\/inicio\/joaquim-neto-recebe-homenagem-na-inauguracao-do-novo-clube-recreativo-calcadao\/' class='whatsapp-button whatsapp-share'>WhatsApp<\/a><div class='clear '><\/div><\/div>","protected":false},"excerpt":{"rendered":"<p>O prefeito Joaquim Neto, foi inaugurado na noite desta quinta-feira (12), com a presen\u00e7a do prefeito Joaquim Neto, da vice-prefeita e secret\u00e1ria de Cultura, Esporte e Lazer, Iraci gama, Presidente da C\u00e2mara de Vereadores, Roberto Torres, diretor de Esportes, Luiz Ornelas ( Bar\u00e3o), Secret\u00e1rio da SEDEA, Jos\u00e9 Ed\u00e9sio, e o chefe de Gabinete, Raimundo Queiroz, [&hellip;]<\/p>\n","protected":false},"author":1,"featured_media":6512,"comment_status":"open","ping_status":"open","sticky":false,"template":"","format":"standard","meta":{"om_disable_all_campaigns":false,"_exactmetrics_skip_tracking":false,"_exactmetrics_sitenote_active":false,"_exactmetrics_sitenote_note":"","_exactmetrics_sitenote_category":0,"footnotes":""},"categories":[38,30],"tags":[53,54,130],"class_list":["post-6510","post","type-post","status-publish","format-standard","has-post-thumbnail","hentry","category-alagoinhas-e-regiao","category-destaque","tag-alagoinhas","tag-prefeitura","tag-secom-sedea"],"aioseo_notices":[],"_links":{"self":[{"href":"https:\/\/newsinfoco.com.br\/inicio\/wp-json\/wp\/v2\/posts\/6510","targetHints":{"allow":["GET"]}}],"collection":[{"href":"https:\/\/newsinfoco.com.br\/inicio\/wp-json\/wp\/v2\/posts"}],"about":[{"href":"https:\/\/newsinfoco.com.br\/inicio\/wp-json\/wp\/v2\/types\/post"}],"author":[{"embeddable":true,"href":"https:\/\/newsinfoco.com.br\/inicio\/wp-json\/wp\/v2\/users\/1"}],"replies":[{"embeddable":true,"href":"https:\/\/newsinfoco.com.br\/inicio\/wp-json\/wp\/v2\/comments?post=6510"}],"version-history":[{"count":0,"href":"https:\/\/newsinfoco.com.br\/inicio\/wp-json\/wp\/v2\/posts\/6510\/revisions"}],"wp:featuredmedia":[{"embeddable":true,"href":"https:\/\/newsinfoco.com.br\/inicio\/wp-json\/wp\/v2\/media\/6512"}],"wp:attachment":[{"href":"https:\/\/newsinfoco.com.br\/inicio\/wp-json\/wp\/v2\/media?parent=6510"}],"wp:term":[{"taxonomy":"category","embeddable":true,"href":"https:\/\/newsinfoco.com.br\/inicio\/wp-json\/wp\/v2\/categories?post=6510"},{"taxonomy":"post_tag","embeddable":true,"href":"https:\/\/newsinfoco.com.br\/inicio\/wp-json\/wp\/v2\/tags?post=6510"}],"curies":[{"name":"wp","href":"https:\/\/api.w.org\/{rel}","templated":true}]}}