{"id":6520,"date":"2018-07-13T14:29:30","date_gmt":"2018-07-13T17:29:30","guid":{"rendered":"http:\/\/newsinfoco.com.br\/?p=6520"},"modified":"2018-07-13T14:29:30","modified_gmt":"2018-07-13T17:29:30","slug":"inclusao-formacao-para-conselheiros-do-orgao-municipal-de-direitos-da-pessoa-com-deficiencia-e-realizada-em-alagoinhas-com-apoio-do-poder-publico","status":"publish","type":"post","link":"https:\/\/newsinfoco.com.br\/inicio\/inclusao-formacao-para-conselheiros-do-orgao-municipal-de-direitos-da-pessoa-com-deficiencia-e-realizada-em-alagoinhas-com-apoio-do-poder-publico\/","title":{"rendered":"Inclus\u00e3o: forma\u00e7\u00e3o para conselheiros do \u00f3rg\u00e3o municipal de Direitos da Pessoa com Defici\u00eancia \u00e9 realizada em Alagoinhas com apoio do poder p\u00fablico"},"content":{"rendered":"<p style=\"text-align: justify;\"><span style=\"color: #000000;\">A Prefeitura de Alagoinhas, atrav\u00e9s da Secretaria Municipal de Assist\u00eancia Social (SEMAS) e do Conselho Municipal da Pessoa com Defici\u00eancia, promoveu, nesta sexta-feira (13), a 1\u00aa capacita\u00e7\u00e3o para conselheiros do setor j\u00e1 realizada no munic\u00edpio.<\/span><\/p>\n<p style=\"text-align: justify;\"><span style=\"color: #000000;\">A atividade contou com a participa\u00e7\u00e3o do formador Josiel Bomfim Barreto, convidado do Conselho Estadual dos Direitos da Pessoa com Defici\u00eancia (COEDE) e presidente do Conselho Municipal dos Direitos da Pessoa com Defici\u00eancia de Santo Ant\u00f4nio de Jesus, que ministrou uma palestra sobre o papel dos conselheiros na busca por pol\u00edticas p\u00fablicas inclusivas.<\/span><\/p><div class=\"newsi-conteudo_19\" id=\"newsi-1580582432\"><a href=\"https:\/\/www.instagram.com\/prefeituraalagoinhas?igsh=YzgzdDJ1bWR3aWI4\" aria-label=\"SAVE_20251006_221555\"><img loading=\"lazy\" decoding=\"async\" src=\"https:\/\/newsinfoco.com.br\/inicio\/wp-content\/uploads\/2025\/10\/SAVE_20251006_221555-rotated.jpg\" alt=\"\"  srcset=\"https:\/\/newsinfoco.com.br\/inicio\/wp-content\/uploads\/2025\/10\/SAVE_20251006_221555-rotated.jpg 1140w, https:\/\/newsinfoco.com.br\/inicio\/wp-content\/uploads\/2025\/10\/SAVE_20251006_221555-300x52.jpg 300w, https:\/\/newsinfoco.com.br\/inicio\/wp-content\/uploads\/2025\/10\/SAVE_20251006_221555-1024x177.jpg 1024w, https:\/\/newsinfoco.com.br\/inicio\/wp-content\/uploads\/2025\/10\/SAVE_20251006_221555-768x133.jpg 768w, https:\/\/newsinfoco.com.br\/inicio\/wp-content\/uploads\/2025\/10\/SAVE_20251006_221555-600x104.jpg 600w, https:\/\/newsinfoco.com.br\/inicio\/wp-content\/uploads\/2025\/10\/SAVE_20251006_221555-696x120.jpg 696w, https:\/\/newsinfoco.com.br\/inicio\/wp-content\/uploads\/2025\/10\/SAVE_20251006_221555-1068x185.jpg 1068w\" sizes=\"(max-width: 1140px) 100vw, 1140px\" width=\"1140\" height=\"197\"   \/><\/a><\/div>\n<p style=\"text-align: justify;\"><span style=\"color: #000000;\">De acordo com a presidente do Conselho Municipal de Pessoa com Defici\u00eancia, Rosimeire da Silva Santos, a capacita\u00e7\u00e3o contou com 2 momentos, o primeiro deles no per\u00edodo da manh\u00e3, com foco nas atribui\u00e7\u00f5es, significados e designa\u00e7\u00f5es do Conselho da Pessoa com Defici\u00eancia e o segundo com base no controle social, nos instrumentos p\u00fablicos e nas pol\u00edticas p\u00fablicas para pessoas com defici\u00eancia.<\/span><\/p>\n<p style=\"text-align: justify;\"><span style=\"color: #000000;\">\u201cA nossa postura, enquanto \u00f3rg\u00e3o que busca esses direitos, \u00e9 ser um grande aliado. Estamos nessa busca e temos certeza de que, junto com o poder p\u00fablico, vamos avan\u00e7ar muito mais. Estamos hoje empoderando os conselheiros, j\u00e1 que esse Conselho h\u00e1 muito tempo existia, mas a lei ainda n\u00e3o havia sido implantada. As pessoas que fazem parte dele ainda n\u00e3o sabem realmente como desenvolver cada um o seu papel. Ent\u00e3o hoje o COEDE vem com essa parceria para que a gente possa se empoderar, saber dos direitos e trabalhar pela inclus\u00e3o em todas as esferas\u201d, afirmou Rosimeire da Silva Santos.<\/span><\/p>\n<p style=\"text-align: justify;\"><span style=\"color: #000000;\">Segundo ela, a forma\u00e7\u00e3o \u00e9 importante para que os conselheiros possam deliberar, acompanhar e contribuir para a inclus\u00e3o da pessoa com defici\u00eancia nas pol\u00edticas setoriais de educa\u00e7\u00e3o, sa\u00fade, trabalho, assist\u00eancia social, transporte, lazer, esportes e pol\u00edtica urbana.<\/span><\/p>\n<p style=\"text-align: justify;\"><span style=\"color: #000000;\">Os dados do \u00faltimo censo do Instituto Brasileiro de Geografia e Estat\u00edstica (IBGE) divulgado, em 2010, apontavam que, no Brasil, 45,6 milh\u00f5es de pessoas possu\u00edam algum tipo de defici\u00eancia.<\/span><\/p>\n<p style=\"text-align: justify;\"><span style=\"color: #000000;\">Em Alagoinhas, o intuito dos debates, dos semin\u00e1rios e de capacita\u00e7\u00f5es, a exemplo da forma\u00e7\u00e3o realizada nesta sexta-feira, junto aos conselheiros do setor, segundo a presidente do Conselho da Pessoa com Defici\u00eancia, \u00e9 justamente contribuir para que as pol\u00edticas inclusivas continuem sendo foco de reflex\u00f5es, debates e a\u00e7\u00f5es junto \u00e0s esferas p\u00fablicas municipais.<\/span><\/p>\n<p style=\"text-align: justify;\"><span style=\"color: #000000;\">A forma\u00e7\u00e3o para conselheiros, que se concretizou como a 1\u00aa forma\u00e7\u00e3o deste tipo realizada em Alagoinhas, foi ministrada na sede da Secretaria de Cultura, Esporte e Turismo (SECET), que fica no pr\u00e9dio da Biblioteca P\u00fablica Maria Feij\u00f3. A previs\u00e3o \u00e9 de que, nos 2 turnos, cerca de 16 conselheiros participem da capacita\u00e7\u00e3o<\/span><\/p>\n<p><a href=\"http:\/\/newsinfoco.com.br\/wp-content\/uploads\/2018\/07\/29512711248_1d78fc8309_k.jpg\"><img loading=\"lazy\" decoding=\"async\" class=\"aligncenter size-full wp-image-6522\" src=\"http:\/\/newsinfoco.com.br\/wp-content\/uploads\/2018\/07\/29512711248_1d78fc8309_k.jpg\" alt=\"\" width=\"2048\" height=\"1356\" srcset=\"https:\/\/newsinfoco.com.br\/inicio\/wp-content\/uploads\/2018\/07\/29512711248_1d78fc8309_k.jpg 2048w, https:\/\/newsinfoco.com.br\/inicio\/wp-content\/uploads\/2018\/07\/29512711248_1d78fc8309_k-300x199.jpg 300w, https:\/\/newsinfoco.com.br\/inicio\/wp-content\/uploads\/2018\/07\/29512711248_1d78fc8309_k-768x509.jpg 768w, https:\/\/newsinfoco.com.br\/inicio\/wp-content\/uploads\/2018\/07\/29512711248_1d78fc8309_k-1024x678.jpg 1024w, https:\/\/newsinfoco.com.br\/inicio\/wp-content\/uploads\/2018\/07\/29512711248_1d78fc8309_k-600x397.jpg 600w, https:\/\/newsinfoco.com.br\/inicio\/wp-content\/uploads\/2018\/07\/29512711248_1d78fc8309_k-696x461.jpg 696w, https:\/\/newsinfoco.com.br\/inicio\/wp-content\/uploads\/2018\/07\/29512711248_1d78fc8309_k-1068x707.jpg 1068w, https:\/\/newsinfoco.com.br\/inicio\/wp-content\/uploads\/2018\/07\/29512711248_1d78fc8309_k-634x420.jpg 634w, https:\/\/newsinfoco.com.br\/inicio\/wp-content\/uploads\/2018\/07\/29512711248_1d78fc8309_k-1320x874.jpg 1320w\" sizes=\"auto, (max-width: 2048px) 100vw, 2048px\" \/><\/a> <a href=\"http:\/\/newsinfoco.com.br\/wp-content\/uploads\/2018\/07\/29512718848_5ede474cb2_k.jpg\"><img loading=\"lazy\" decoding=\"async\" class=\"aligncenter size-full wp-image-6523\" src=\"http:\/\/newsinfoco.com.br\/wp-content\/uploads\/2018\/07\/29512718848_5ede474cb2_k.jpg\" alt=\"\" width=\"2048\" height=\"1356\" srcset=\"https:\/\/newsinfoco.com.br\/inicio\/wp-content\/uploads\/2018\/07\/29512718848_5ede474cb2_k.jpg 2048w, https:\/\/newsinfoco.com.br\/inicio\/wp-content\/uploads\/2018\/07\/29512718848_5ede474cb2_k-300x199.jpg 300w, https:\/\/newsinfoco.com.br\/inicio\/wp-content\/uploads\/2018\/07\/29512718848_5ede474cb2_k-768x509.jpg 768w, https:\/\/newsinfoco.com.br\/inicio\/wp-content\/uploads\/2018\/07\/29512718848_5ede474cb2_k-1024x678.jpg 1024w, https:\/\/newsinfoco.com.br\/inicio\/wp-content\/uploads\/2018\/07\/29512718848_5ede474cb2_k-600x397.jpg 600w, https:\/\/newsinfoco.com.br\/inicio\/wp-content\/uploads\/2018\/07\/29512718848_5ede474cb2_k-696x461.jpg 696w, https:\/\/newsinfoco.com.br\/inicio\/wp-content\/uploads\/2018\/07\/29512718848_5ede474cb2_k-1068x707.jpg 1068w, https:\/\/newsinfoco.com.br\/inicio\/wp-content\/uploads\/2018\/07\/29512718848_5ede474cb2_k-634x420.jpg 634w, https:\/\/newsinfoco.com.br\/inicio\/wp-content\/uploads\/2018\/07\/29512718848_5ede474cb2_k-1320x874.jpg 1320w\" sizes=\"auto, (max-width: 2048px) 100vw, 2048px\" \/><\/a> <a href=\"http:\/\/newsinfoco.com.br\/wp-content\/uploads\/2018\/07\/42478502955_6b1caafc01_k.jpg\"><img loading=\"lazy\" decoding=\"async\" class=\"aligncenter size-full wp-image-6524\" src=\"http:\/\/newsinfoco.com.br\/wp-content\/uploads\/2018\/07\/42478502955_6b1caafc01_k.jpg\" alt=\"\" width=\"2048\" height=\"1356\" srcset=\"https:\/\/newsinfoco.com.br\/inicio\/wp-content\/uploads\/2018\/07\/42478502955_6b1caafc01_k.jpg 2048w, https:\/\/newsinfoco.com.br\/inicio\/wp-content\/uploads\/2018\/07\/42478502955_6b1caafc01_k-300x199.jpg 300w, https:\/\/newsinfoco.com.br\/inicio\/wp-content\/uploads\/2018\/07\/42478502955_6b1caafc01_k-768x509.jpg 768w, https:\/\/newsinfoco.com.br\/inicio\/wp-content\/uploads\/2018\/07\/42478502955_6b1caafc01_k-1024x678.jpg 1024w, https:\/\/newsinfoco.com.br\/inicio\/wp-content\/uploads\/2018\/07\/42478502955_6b1caafc01_k-600x397.jpg 600w, https:\/\/newsinfoco.com.br\/inicio\/wp-content\/uploads\/2018\/07\/42478502955_6b1caafc01_k-696x461.jpg 696w, https:\/\/newsinfoco.com.br\/inicio\/wp-content\/uploads\/2018\/07\/42478502955_6b1caafc01_k-1068x707.jpg 1068w, https:\/\/newsinfoco.com.br\/inicio\/wp-content\/uploads\/2018\/07\/42478502955_6b1caafc01_k-634x420.jpg 634w, https:\/\/newsinfoco.com.br\/inicio\/wp-content\/uploads\/2018\/07\/42478502955_6b1caafc01_k-1320x874.jpg 1320w\" sizes=\"auto, (max-width: 2048px) 100vw, 2048px\" \/><\/a><\/p>\n<h6 style=\"text-align: right;\"><span style=\"color: #999999;\">Fonte: SECOM SEMAS Prefeitura<\/span><\/h6>\n<div class='share-to-whatsapp-wrapper'><div class='share-on-whsp'>Share on: <\/div><a data-text='Inclus\u00e3o: forma\u00e7\u00e3o para conselheiros do \u00f3rg\u00e3o municipal de Direitos da Pessoa com Defici\u00eancia \u00e9 realizada em Alagoinhas com apoio do poder p\u00fablico' data-link='https:\/\/newsinfoco.com.br\/inicio\/inclusao-formacao-para-conselheiros-do-orgao-municipal-de-direitos-da-pessoa-com-deficiencia-e-realizada-em-alagoinhas-com-apoio-do-poder-publico\/' class='whatsapp-button whatsapp-share'>WhatsApp<\/a><div class='clear '><\/div><\/div>","protected":false},"excerpt":{"rendered":"<p>A Prefeitura de Alagoinhas, atrav\u00e9s da Secretaria Municipal de Assist\u00eancia Social (SEMAS) e do Conselho Municipal da Pessoa com Defici\u00eancia, promoveu, nesta sexta-feira (13), a 1\u00aa capacita\u00e7\u00e3o para conselheiros do setor j\u00e1 realizada no munic\u00edpio. A atividade contou com a participa\u00e7\u00e3o do formador Josiel Bomfim Barreto, convidado do Conselho Estadual dos Direitos da Pessoa com [&hellip;]<\/p>\n","protected":false},"author":1,"featured_media":6521,"comment_status":"open","ping_status":"open","sticky":false,"template":"","format":"standard","meta":{"om_disable_all_campaigns":false,"_exactmetrics_skip_tracking":false,"_exactmetrics_sitenote_active":false,"_exactmetrics_sitenote_note":"","_exactmetrics_sitenote_category":0,"footnotes":""},"categories":[38,30],"tags":[53,54,120],"class_list":["post-6520","post","type-post","status-publish","format-standard","has-post-thumbnail","hentry","category-alagoinhas-e-regiao","category-destaque","tag-alagoinhas","tag-prefeitura","tag-secom-semas"],"aioseo_notices":[],"_links":{"self":[{"href":"https:\/\/newsinfoco.com.br\/inicio\/wp-json\/wp\/v2\/posts\/6520","targetHints":{"allow":["GET"]}}],"collection":[{"href":"https:\/\/newsinfoco.com.br\/inicio\/wp-json\/wp\/v2\/posts"}],"about":[{"href":"https:\/\/newsinfoco.com.br\/inicio\/wp-json\/wp\/v2\/types\/post"}],"author":[{"embeddable":true,"href":"https:\/\/newsinfoco.com.br\/inicio\/wp-json\/wp\/v2\/users\/1"}],"replies":[{"embeddable":true,"href":"https:\/\/newsinfoco.com.br\/inicio\/wp-json\/wp\/v2\/comments?post=6520"}],"version-history":[{"count":0,"href":"https:\/\/newsinfoco.com.br\/inicio\/wp-json\/wp\/v2\/posts\/6520\/revisions"}],"wp:featuredmedia":[{"embeddable":true,"href":"https:\/\/newsinfoco.com.br\/inicio\/wp-json\/wp\/v2\/media\/6521"}],"wp:attachment":[{"href":"https:\/\/newsinfoco.com.br\/inicio\/wp-json\/wp\/v2\/media?parent=6520"}],"wp:term":[{"taxonomy":"category","embeddable":true,"href":"https:\/\/newsinfoco.com.br\/inicio\/wp-json\/wp\/v2\/categories?post=6520"},{"taxonomy":"post_tag","embeddable":true,"href":"https:\/\/newsinfoco.com.br\/inicio\/wp-json\/wp\/v2\/tags?post=6520"}],"curies":[{"name":"wp","href":"https:\/\/api.w.org\/{rel}","templated":true}]}}