{"id":6527,"date":"2018-07-13T18:06:17","date_gmt":"2018-07-13T21:06:17","guid":{"rendered":"http:\/\/newsinfoco.com.br\/?p=6527"},"modified":"2018-07-13T18:06:17","modified_gmt":"2018-07-13T21:06:17","slug":"prefeitura-de-alagoinhas-participa-de-uma-mesa-de-dialogo-sobre-racismo-ambiental-no-encontro-territorial-de-inhambupe-neste-domingo-15","status":"publish","type":"post","link":"https:\/\/newsinfoco.com.br\/inicio\/prefeitura-de-alagoinhas-participa-de-uma-mesa-de-dialogo-sobre-racismo-ambiental-no-encontro-territorial-de-inhambupe-neste-domingo-15\/","title":{"rendered":"Prefeitura de Alagoinhas participa de uma mesa de di\u00e1logo sobre racismo ambiental no Encontro Territorial de Inhambupe, neste domingo (15)"},"content":{"rendered":"<p style=\"text-align: justify;\"><span style=\"color: #000000;\">Em mais um passo para fortalecer o debate no \u00e2mbito municipal e trazer \u00e0 discuss\u00e3o a quest\u00e3o racial, religiosa, hist\u00f3rica e cultural, a Prefeitura de Alagoinhas participa, neste domingo (15), de uma mesa de di\u00e1logo sobre Racismo Ambiental promovida pela Rede Jovem de Candombl\u00e9 Orooni. O evento, que chega \u00e0 11\u00aa edi\u00e7\u00e3o, come\u00e7a \u00e0s 9h deste domingo, na Associa\u00e7\u00e3o Recreativa Cultural de Inhambupe.<\/span><\/p>\n<p style=\"text-align: justify;\"><span style=\"color: #000000;\">Representando Alagoinhas no cerne das discuss\u00f5es sobre racismo ambiental e sobre a import\u00e2ncia dos povos de matriz africana na afirma\u00e7\u00e3o da cultura, da religi\u00e3o e do desenvolvimento, a professora Iraci Gama, secret\u00e1ria de Cultura, Esporte e Turismo (SECET), vice-prefeita da cidade, e a diretora municipal de repara\u00e7\u00e3o Marizelia Soares comp\u00f5em a mesa de debate e discorrem sobre a\u00e7\u00f5es que dialogam com as comunidades tradicionais e os povos de terreiros.<\/span><\/p><div class=\"newsi-conteudo_19\" id=\"newsi-1966668355\"><a href=\"https:\/\/www.instagram.com\/prefeituraalagoinhas?igsh=YzgzdDJ1bWR3aWI4\" aria-label=\"SAVE_20251006_221555\"><img loading=\"lazy\" decoding=\"async\" src=\"https:\/\/newsinfoco.com.br\/inicio\/wp-content\/uploads\/2025\/10\/SAVE_20251006_221555-rotated.jpg\" alt=\"\"  srcset=\"https:\/\/newsinfoco.com.br\/inicio\/wp-content\/uploads\/2025\/10\/SAVE_20251006_221555-rotated.jpg 1140w, https:\/\/newsinfoco.com.br\/inicio\/wp-content\/uploads\/2025\/10\/SAVE_20251006_221555-300x52.jpg 300w, https:\/\/newsinfoco.com.br\/inicio\/wp-content\/uploads\/2025\/10\/SAVE_20251006_221555-1024x177.jpg 1024w, https:\/\/newsinfoco.com.br\/inicio\/wp-content\/uploads\/2025\/10\/SAVE_20251006_221555-768x133.jpg 768w, https:\/\/newsinfoco.com.br\/inicio\/wp-content\/uploads\/2025\/10\/SAVE_20251006_221555-600x104.jpg 600w, https:\/\/newsinfoco.com.br\/inicio\/wp-content\/uploads\/2025\/10\/SAVE_20251006_221555-696x120.jpg 696w, https:\/\/newsinfoco.com.br\/inicio\/wp-content\/uploads\/2025\/10\/SAVE_20251006_221555-1068x185.jpg 1068w\" sizes=\"(max-width: 1140px) 100vw, 1140px\" width=\"1140\" height=\"197\"   \/><\/a><\/div>\n<p style=\"text-align: justify;\"><span style=\"color: #000000;\">\u201cA import\u00e2ncia \u00e9 o conhecimento, trazer para Alagoinhas conhecimento, falar sobre o que \u00e9 o racismo ambiental e, como aqui na cidade, a gente j\u00e1 tem uma rede de racismo institucional, essa rede j\u00e1 vai fortalecer a discuss\u00e3o sobre pol\u00edticas p\u00fablicas. Vamos participar da roda de di\u00e1logo, dos debates e j\u00e1 vamos fazer a ponte para o pr\u00f3ximo encontro territorial, que dever\u00e1 ser em Alagoinhas\u201d, pontuou Marizelia Soares.<\/span><\/p>\n<p style=\"text-align: justify;\"><span style=\"color: #000000;\">A organiza\u00e7\u00e3o do evento informou que o prop\u00f3sito da a\u00e7\u00e3o \u00e9 fomentar lideran\u00e7as juvenis para combater o racismo, o \u00f3dio religioso e o preconceito. Ser\u00e3o abordados os principais desafios para a preserva\u00e7\u00e3o de rios e mananciais. Os participantes tamb\u00e9m poder\u00e3o acompanhar di\u00e1logos sobre a necessidade de conscientiza\u00e7\u00e3o quanto \u00e0 manuten\u00e7\u00e3o das \u00e1guas e sobre a rela\u00e7\u00e3o fundamental entre a conserva\u00e7\u00e3o do meio ambiente e a tradi\u00e7\u00e3o das religi\u00f5es de matriz africana.<\/span><\/p>\n<p style=\"text-align: justify;\"><span style=\"color: #000000;\">\u201cSer\u00e1 um encontro importante que deve gerar encaminhamentos positivos para a nossa regi\u00e3o e para toda a comunidade\u201d, finalizou a Diretora de Repara\u00e7\u00e3o.<\/span><\/p>\n<h6 style=\"text-align: right;\"><span style=\"color: #999999;\">Fonte: SECOM SECET<\/span><\/h6>\n<p>&nbsp;<\/p>\n<div class='share-to-whatsapp-wrapper'><div class='share-on-whsp'>Share on: <\/div><a data-text='Prefeitura de Alagoinhas participa de uma mesa de di\u00e1logo sobre racismo ambiental no Encontro Territorial de Inhambupe, neste domingo (15)' data-link='https:\/\/newsinfoco.com.br\/inicio\/prefeitura-de-alagoinhas-participa-de-uma-mesa-de-dialogo-sobre-racismo-ambiental-no-encontro-territorial-de-inhambupe-neste-domingo-15\/' class='whatsapp-button whatsapp-share'>WhatsApp<\/a><div class='clear '><\/div><\/div>","protected":false},"excerpt":{"rendered":"<p>Em mais um passo para fortalecer o debate no \u00e2mbito municipal e trazer \u00e0 discuss\u00e3o a quest\u00e3o racial, religiosa, hist\u00f3rica e cultural, a Prefeitura de Alagoinhas participa, neste domingo (15), de uma mesa de di\u00e1logo sobre Racismo Ambiental promovida pela Rede Jovem de Candombl\u00e9 Orooni. O evento, que chega \u00e0 11\u00aa edi\u00e7\u00e3o, come\u00e7a \u00e0s 9h [&hellip;]<\/p>\n","protected":false},"author":1,"featured_media":6528,"comment_status":"open","ping_status":"open","sticky":false,"template":"","format":"standard","meta":{"om_disable_all_campaigns":false,"_exactmetrics_skip_tracking":false,"_exactmetrics_sitenote_active":false,"_exactmetrics_sitenote_note":"","_exactmetrics_sitenote_category":0,"footnotes":""},"categories":[38,30],"tags":[53,54,121],"class_list":["post-6527","post","type-post","status-publish","format-standard","has-post-thumbnail","hentry","category-alagoinhas-e-regiao","category-destaque","tag-alagoinhas","tag-prefeitura","tag-secom-secet"],"aioseo_notices":[],"_links":{"self":[{"href":"https:\/\/newsinfoco.com.br\/inicio\/wp-json\/wp\/v2\/posts\/6527","targetHints":{"allow":["GET"]}}],"collection":[{"href":"https:\/\/newsinfoco.com.br\/inicio\/wp-json\/wp\/v2\/posts"}],"about":[{"href":"https:\/\/newsinfoco.com.br\/inicio\/wp-json\/wp\/v2\/types\/post"}],"author":[{"embeddable":true,"href":"https:\/\/newsinfoco.com.br\/inicio\/wp-json\/wp\/v2\/users\/1"}],"replies":[{"embeddable":true,"href":"https:\/\/newsinfoco.com.br\/inicio\/wp-json\/wp\/v2\/comments?post=6527"}],"version-history":[{"count":0,"href":"https:\/\/newsinfoco.com.br\/inicio\/wp-json\/wp\/v2\/posts\/6527\/revisions"}],"wp:featuredmedia":[{"embeddable":true,"href":"https:\/\/newsinfoco.com.br\/inicio\/wp-json\/wp\/v2\/media\/6528"}],"wp:attachment":[{"href":"https:\/\/newsinfoco.com.br\/inicio\/wp-json\/wp\/v2\/media?parent=6527"}],"wp:term":[{"taxonomy":"category","embeddable":true,"href":"https:\/\/newsinfoco.com.br\/inicio\/wp-json\/wp\/v2\/categories?post=6527"},{"taxonomy":"post_tag","embeddable":true,"href":"https:\/\/newsinfoco.com.br\/inicio\/wp-json\/wp\/v2\/tags?post=6527"}],"curies":[{"name":"wp","href":"https:\/\/api.w.org\/{rel}","templated":true}]}}