{"id":6530,"date":"2018-07-13T18:12:08","date_gmt":"2018-07-13T21:12:08","guid":{"rendered":"http:\/\/newsinfoco.com.br\/?p=6530"},"modified":"2018-07-13T18:12:08","modified_gmt":"2018-07-13T21:12:08","slug":"prefeitura-participa-de-caminhada-em-comemoracao-aos-28-anos-do-estatuto-da-crianca-e-do-adolescente","status":"publish","type":"post","link":"https:\/\/newsinfoco.com.br\/inicio\/prefeitura-participa-de-caminhada-em-comemoracao-aos-28-anos-do-estatuto-da-crianca-e-do-adolescente\/","title":{"rendered":"Prefeitura participa de caminhada em comemora\u00e7\u00e3o aos 28 anos do Estatuto da Crian\u00e7a e do Adolescente"},"content":{"rendered":"<p style=\"text-align: justify;\"><span style=\"color: #000000;\">Comemorando 28 anos de cria\u00e7\u00e3o do Estatuto da Crian\u00e7a e do Adolescente (ECA), a Pastoral do Menor organizou uma caminhada, com apoio da Prefeitura de Alagoinhas, por meio da Secretaria Municipal de Assist\u00eancia Social (SEMAS) e participa\u00e7\u00e3o da APAE e Pestalozzi, na manh\u00e3 desta sexta-feira (13). A concentra\u00e7\u00e3o aconteceu \u00e0s 8h30 na Pra\u00e7a Ruy Barbosa e seguiu at\u00e9 o estacionamento da prefeitura.<\/span><\/p>\n<p style=\"text-align: justify;\"><span style=\"color: #000000;\">A mobiliza\u00e7\u00e3o chama aten\u00e7\u00e3o para a import\u00e2ncia da garantia dos direitos das crian\u00e7as e adolescentes e, principalmente, o pleno funcionamento das pol\u00edticas p\u00fablicas que oferecem seguran\u00e7a, educa\u00e7\u00e3o e oportunidades aos jovens de modo geral, em especial, aqueles em situa\u00e7\u00e3o de vulnerabilidade social.<\/span><\/p><div class=\"newsi-conteudo_19\" id=\"newsi-376282516\"><a href=\"https:\/\/www.instagram.com\/prefeituraalagoinhas?igsh=YzgzdDJ1bWR3aWI4\" aria-label=\"SAVE_20251006_221555\"><img loading=\"lazy\" decoding=\"async\" src=\"https:\/\/newsinfoco.com.br\/inicio\/wp-content\/uploads\/2025\/10\/SAVE_20251006_221555-rotated.jpg\" alt=\"\"  srcset=\"https:\/\/newsinfoco.com.br\/inicio\/wp-content\/uploads\/2025\/10\/SAVE_20251006_221555-rotated.jpg 1140w, https:\/\/newsinfoco.com.br\/inicio\/wp-content\/uploads\/2025\/10\/SAVE_20251006_221555-300x52.jpg 300w, https:\/\/newsinfoco.com.br\/inicio\/wp-content\/uploads\/2025\/10\/SAVE_20251006_221555-1024x177.jpg 1024w, https:\/\/newsinfoco.com.br\/inicio\/wp-content\/uploads\/2025\/10\/SAVE_20251006_221555-768x133.jpg 768w, https:\/\/newsinfoco.com.br\/inicio\/wp-content\/uploads\/2025\/10\/SAVE_20251006_221555-600x104.jpg 600w, https:\/\/newsinfoco.com.br\/inicio\/wp-content\/uploads\/2025\/10\/SAVE_20251006_221555-696x120.jpg 696w, https:\/\/newsinfoco.com.br\/inicio\/wp-content\/uploads\/2025\/10\/SAVE_20251006_221555-1068x185.jpg 1068w\" sizes=\"(max-width: 1140px) 100vw, 1140px\" width=\"1140\" height=\"197\"   \/><\/a><\/div>\n<h6 style=\"text-align: right;\"><span style=\"color: #999999;\">Fonte: SECOM SEMAS<\/span><\/h6>\n<div class='share-to-whatsapp-wrapper'><div class='share-on-whsp'>Share on: <\/div><a data-text='Prefeitura participa de caminhada em comemora\u00e7\u00e3o aos 28 anos do Estatuto da Crian\u00e7a e do Adolescente' data-link='https:\/\/newsinfoco.com.br\/inicio\/prefeitura-participa-de-caminhada-em-comemoracao-aos-28-anos-do-estatuto-da-crianca-e-do-adolescente\/' class='whatsapp-button whatsapp-share'>WhatsApp<\/a><div class='clear '><\/div><\/div>","protected":false},"excerpt":{"rendered":"<p>Comemorando 28 anos de cria\u00e7\u00e3o do Estatuto da Crian\u00e7a e do Adolescente (ECA), a Pastoral do Menor organizou uma caminhada, com apoio da Prefeitura de Alagoinhas, por meio da Secretaria Municipal de Assist\u00eancia Social (SEMAS) e participa\u00e7\u00e3o da APAE e Pestalozzi, na manh\u00e3 desta sexta-feira (13). A concentra\u00e7\u00e3o aconteceu \u00e0s 8h30 na Pra\u00e7a Ruy Barbosa [&hellip;]<\/p>\n","protected":false},"author":1,"featured_media":6531,"comment_status":"open","ping_status":"open","sticky":false,"template":"","format":"standard","meta":{"om_disable_all_campaigns":false,"_exactmetrics_skip_tracking":false,"_exactmetrics_sitenote_active":false,"_exactmetrics_sitenote_note":"","_exactmetrics_sitenote_category":0,"footnotes":""},"categories":[38,30],"tags":[53,54,120],"class_list":["post-6530","post","type-post","status-publish","format-standard","has-post-thumbnail","hentry","category-alagoinhas-e-regiao","category-destaque","tag-alagoinhas","tag-prefeitura","tag-secom-semas"],"aioseo_notices":[],"_links":{"self":[{"href":"https:\/\/newsinfoco.com.br\/inicio\/wp-json\/wp\/v2\/posts\/6530","targetHints":{"allow":["GET"]}}],"collection":[{"href":"https:\/\/newsinfoco.com.br\/inicio\/wp-json\/wp\/v2\/posts"}],"about":[{"href":"https:\/\/newsinfoco.com.br\/inicio\/wp-json\/wp\/v2\/types\/post"}],"author":[{"embeddable":true,"href":"https:\/\/newsinfoco.com.br\/inicio\/wp-json\/wp\/v2\/users\/1"}],"replies":[{"embeddable":true,"href":"https:\/\/newsinfoco.com.br\/inicio\/wp-json\/wp\/v2\/comments?post=6530"}],"version-history":[{"count":0,"href":"https:\/\/newsinfoco.com.br\/inicio\/wp-json\/wp\/v2\/posts\/6530\/revisions"}],"wp:featuredmedia":[{"embeddable":true,"href":"https:\/\/newsinfoco.com.br\/inicio\/wp-json\/wp\/v2\/media\/6531"}],"wp:attachment":[{"href":"https:\/\/newsinfoco.com.br\/inicio\/wp-json\/wp\/v2\/media?parent=6530"}],"wp:term":[{"taxonomy":"category","embeddable":true,"href":"https:\/\/newsinfoco.com.br\/inicio\/wp-json\/wp\/v2\/categories?post=6530"},{"taxonomy":"post_tag","embeddable":true,"href":"https:\/\/newsinfoco.com.br\/inicio\/wp-json\/wp\/v2\/tags?post=6530"}],"curies":[{"name":"wp","href":"https:\/\/api.w.org\/{rel}","templated":true}]}}