{"id":6606,"date":"2018-07-14T21:21:37","date_gmt":"2018-07-15T00:21:37","guid":{"rendered":"http:\/\/newsinfoco.com.br\/?p=6606"},"modified":"2018-07-14T21:21:37","modified_gmt":"2018-07-15T00:21:37","slug":"stf-da-mais-30-dias-para-que-investigacao-contra-aecio-neves-seja-concluida","status":"publish","type":"post","link":"https:\/\/newsinfoco.com.br\/inicio\/stf-da-mais-30-dias-para-que-investigacao-contra-aecio-neves-seja-concluida\/","title":{"rendered":"STF d\u00e1 mais 30 dias para que investiga\u00e7\u00e3o contra A\u00e9cio Neves seja conclu\u00edda"},"content":{"rendered":"<p class=\" \" style=\"text-align: justify;\"><span style=\"color: #000000;\">A presidente do Supremo Tribunal Federal (STF), ministra C\u00e1rmen L\u00facia, concedeu mais 30 dias para que a investiga\u00e7\u00e3o contra A\u00e9cio Neves (PSDB-MG) seja conclu\u00edda pela Pol\u00edcia Federal e pela Procuradoria-Geral da Rep\u00fablica, no inqu\u00e9rito que apura supostos repasses irregulares da Odebrecht ao ent\u00e3o candidato, em 2014.<\/span><\/p>\n<p style=\"text-align: justify;\"><span style=\"color: #000000;\">Inicialmente, a PF e a PGR tinham pedido mais 60 dias para concluir a\u00a0<strong>investiga\u00e7\u00e3o contra A\u00e9cio Neves<\/strong>\u00a0, mas a ministra decidiu liberar apenas 30 dias. Para C\u00e1rmen L\u00facia, o per\u00edodo \u00e9 suficiente para \u201cevitar dila\u00e7\u00f5es processuais indevidas\u201d.\u00a0<\/span><\/p><div class=\"newsi-conteudo_19\" id=\"newsi-1270803934\"><a href=\"https:\/\/www.instagram.com\/prefeituraalagoinhas?igsh=YzgzdDJ1bWR3aWI4\" aria-label=\"SAVE_20251006_221555\"><img loading=\"lazy\" decoding=\"async\" src=\"https:\/\/newsinfoco.com.br\/inicio\/wp-content\/uploads\/2025\/10\/SAVE_20251006_221555-rotated.jpg\" alt=\"\"  srcset=\"https:\/\/newsinfoco.com.br\/inicio\/wp-content\/uploads\/2025\/10\/SAVE_20251006_221555-rotated.jpg 1140w, https:\/\/newsinfoco.com.br\/inicio\/wp-content\/uploads\/2025\/10\/SAVE_20251006_221555-300x52.jpg 300w, https:\/\/newsinfoco.com.br\/inicio\/wp-content\/uploads\/2025\/10\/SAVE_20251006_221555-1024x177.jpg 1024w, https:\/\/newsinfoco.com.br\/inicio\/wp-content\/uploads\/2025\/10\/SAVE_20251006_221555-768x133.jpg 768w, https:\/\/newsinfoco.com.br\/inicio\/wp-content\/uploads\/2025\/10\/SAVE_20251006_221555-600x104.jpg 600w, https:\/\/newsinfoco.com.br\/inicio\/wp-content\/uploads\/2025\/10\/SAVE_20251006_221555-696x120.jpg 696w, https:\/\/newsinfoco.com.br\/inicio\/wp-content\/uploads\/2025\/10\/SAVE_20251006_221555-1068x185.jpg 1068w\" sizes=\"(max-width: 1140px) 100vw, 1140px\" width=\"1140\" height=\"197\"   \/><\/a><\/div>\n<p style=\"text-align: justify;\"><span style=\"color: #000000;\">A presidente do STF estava de plant\u00e3o nessa sexta-feira (13) e, por isso, foi quem decidiu pelo prazo de prorroga\u00e7\u00e3o. Normalmente, seria o ministro Edson Fachin a atender o requerimento, uma vez que \u00e9 o relator dos processos da\u00a0<strong>Opera\u00e7\u00e3o Lava Jato<\/strong>\u00a0na Corte.<\/span><\/p>\n<h3 style=\"text-align: justify;\"><span style=\"color: #000000;\">Investiga\u00e7\u00e3o sobre A\u00e9cio Neves em campanha<\/span><\/h3>\n<p style=\"text-align: justify;\"><span style=\"color: #000000;\">O inqu\u00e9rito investiga o suposto\u00a0<strong>r<\/strong>ecebimento de R$ 30 milh\u00f5es da Odebrecht para que o senador influenciasse o andamento dos projetos de hidrel\u00e9tricas do Rio Madeira, as usinas de Santo Ant\u00f4nio e Jirau. O dinheiro teria sido repassado durante a\u00a0<strong>campanha do tucano \u00e0 presid\u00eancia<\/strong>\u00a0, em 2014. Al\u00e9m da Odebrecht, tamb\u00e9m \u00e9 apurada a propina de R$ 20 milh\u00f5es pela Andrade Gutierrez.\u00a0<\/span><\/p>\n<p style=\"text-align: justify;\"><span style=\"color: #000000;\">Em abril deste ano, A\u00e9cio prestou depoimento sobre esse inqu\u00e9rito na sede da Pol\u00edcia Federal, em Bras\u00edlia. Na ocasi\u00e3o, o advogado de defesa Alberto Zacharias Toron destacou que os \u201cpr\u00f3prios delatores [das empreiteiras na Opera\u00e7\u00e3o Lava Jato] afirmaram nos depoimentos que as contribui\u00e7\u00f5es financeiras feitas pela Odebrecht \u00e0s campanhas do PSDB nunca estiveram vinculadas a qualquer contrapartida\u201d.\u00a0<\/span><\/p>\n<p style=\"text-align: justify;\"><span style=\"color: #000000;\">Em depoimentos de dela\u00e7\u00e3o premiada, o ex-presidente da empreiteira Marcelo Odebrecht e outros executivos do grupo disseram que o senador recebeu propina para atuar favoravelmente aos interesses da empresa. O objetivo, segundo os delatores, seria obter apoio parlamentar para a constru\u00e7\u00e3o das usinas hidrel\u00e9tricas de Santo Ant\u00f4nio e Jirau, no Rio Madeira, em Rond\u00f4nia.<\/span><\/p>\n<p style=\"text-align: justify;\"><span style=\"color: #000000;\">A\u00a0<strong>investiga\u00e7\u00e3o contra A\u00e9cio Neves<\/strong>\u00a0foi autorizada pelo STF ap\u00f3s a abertura de 76 inqu\u00e9ritos no ano passado por Fachin, com base nos depoimentos de dela\u00e7\u00e3o premiada de ex-executivos da empresa<\/span>.<\/p>\n<h6 style=\"text-align: right;\"><strong>Fonte:ig<\/strong><\/h6>\n<div class='share-to-whatsapp-wrapper'><div class='share-on-whsp'>Share on: <\/div><a data-text='STF d\u00e1 mais 30 dias para que investiga\u00e7\u00e3o contra A\u00e9cio Neves seja conclu\u00edda' data-link='https:\/\/newsinfoco.com.br\/inicio\/stf-da-mais-30-dias-para-que-investigacao-contra-aecio-neves-seja-concluida\/' class='whatsapp-button whatsapp-share'>WhatsApp<\/a><div class='clear '><\/div><\/div>","protected":false},"excerpt":{"rendered":"<p>A presidente do Supremo Tribunal Federal (STF), ministra C\u00e1rmen L\u00facia, concedeu mais 30 dias para que a investiga\u00e7\u00e3o contra A\u00e9cio Neves (PSDB-MG) seja conclu\u00edda pela Pol\u00edcia Federal e pela Procuradoria-Geral da Rep\u00fablica, no inqu\u00e9rito que apura supostos repasses irregulares da Odebrecht ao ent\u00e3o candidato, em 2014. Inicialmente, a PF e a PGR tinham pedido mais [&hellip;]<\/p>\n","protected":false},"author":1,"featured_media":6607,"comment_status":"open","ping_status":"open","sticky":false,"template":"","format":"standard","meta":{"om_disable_all_campaigns":false,"_exactmetrics_skip_tracking":false,"_exactmetrics_sitenote_active":false,"_exactmetrics_sitenote_note":"","_exactmetrics_sitenote_category":0,"footnotes":""},"categories":[21],"tags":[],"class_list":["post-6606","post","type-post","status-publish","format-standard","has-post-thumbnail","hentry","category-brasil"],"aioseo_notices":[],"_links":{"self":[{"href":"https:\/\/newsinfoco.com.br\/inicio\/wp-json\/wp\/v2\/posts\/6606","targetHints":{"allow":["GET"]}}],"collection":[{"href":"https:\/\/newsinfoco.com.br\/inicio\/wp-json\/wp\/v2\/posts"}],"about":[{"href":"https:\/\/newsinfoco.com.br\/inicio\/wp-json\/wp\/v2\/types\/post"}],"author":[{"embeddable":true,"href":"https:\/\/newsinfoco.com.br\/inicio\/wp-json\/wp\/v2\/users\/1"}],"replies":[{"embeddable":true,"href":"https:\/\/newsinfoco.com.br\/inicio\/wp-json\/wp\/v2\/comments?post=6606"}],"version-history":[{"count":0,"href":"https:\/\/newsinfoco.com.br\/inicio\/wp-json\/wp\/v2\/posts\/6606\/revisions"}],"wp:featuredmedia":[{"embeddable":true,"href":"https:\/\/newsinfoco.com.br\/inicio\/wp-json\/wp\/v2\/media\/6607"}],"wp:attachment":[{"href":"https:\/\/newsinfoco.com.br\/inicio\/wp-json\/wp\/v2\/media?parent=6606"}],"wp:term":[{"taxonomy":"category","embeddable":true,"href":"https:\/\/newsinfoco.com.br\/inicio\/wp-json\/wp\/v2\/categories?post=6606"},{"taxonomy":"post_tag","embeddable":true,"href":"https:\/\/newsinfoco.com.br\/inicio\/wp-json\/wp\/v2\/tags?post=6606"}],"curies":[{"name":"wp","href":"https:\/\/api.w.org\/{rel}","templated":true}]}}