{"id":6613,"date":"2018-07-14T21:30:57","date_gmt":"2018-07-15T00:30:57","guid":{"rendered":"http:\/\/newsinfoco.com.br\/?p=6613"},"modified":"2018-07-14T21:30:57","modified_gmt":"2018-07-15T00:30:57","slug":"esplanadaprefeitura-divulga-volta-as-aulas-e-sindicato-rebate-a-greve-continua","status":"publish","type":"post","link":"https:\/\/newsinfoco.com.br\/inicio\/esplanadaprefeitura-divulga-volta-as-aulas-e-sindicato-rebate-a-greve-continua\/","title":{"rendered":"Esplanada:Prefeitura divulga volta as aulas e sindicato rebate &#8221;A greve continua&#8221;"},"content":{"rendered":"<p style=\"text-align: justify;\"><span style=\"color: #000000;\">O comunicado do governo municipal foi divulgado neste s\u00e1bado (14), atrav\u00e9s das redes sociais da Prefeitura. Confira:<\/span><\/p>\n<p><span style=\"color: #000000;\">&#8221;A Prefeitura de Esplanada, por meio da Secretaria Municipal de Educa\u00e7\u00e3o, informa aos pais\/m\u00e3es\/respons\u00e1veis que as aulas j\u00e1 recome\u00e7aram na maioria das unidades de ensino.\u00a0<\/span><\/p><div class=\"newsi-conteudo_19\" id=\"newsi-3856195164\"><a href=\"https:\/\/www.instagram.com\/prefeituraalagoinhas?igsh=YzgzdDJ1bWR3aWI4\" aria-label=\"SAVE_20251006_221555\"><img loading=\"lazy\" decoding=\"async\" src=\"https:\/\/newsinfoco.com.br\/inicio\/wp-content\/uploads\/2025\/10\/SAVE_20251006_221555-rotated.jpg\" alt=\"\"  srcset=\"https:\/\/newsinfoco.com.br\/inicio\/wp-content\/uploads\/2025\/10\/SAVE_20251006_221555-rotated.jpg 1140w, https:\/\/newsinfoco.com.br\/inicio\/wp-content\/uploads\/2025\/10\/SAVE_20251006_221555-300x52.jpg 300w, https:\/\/newsinfoco.com.br\/inicio\/wp-content\/uploads\/2025\/10\/SAVE_20251006_221555-1024x177.jpg 1024w, https:\/\/newsinfoco.com.br\/inicio\/wp-content\/uploads\/2025\/10\/SAVE_20251006_221555-768x133.jpg 768w, https:\/\/newsinfoco.com.br\/inicio\/wp-content\/uploads\/2025\/10\/SAVE_20251006_221555-600x104.jpg 600w, https:\/\/newsinfoco.com.br\/inicio\/wp-content\/uploads\/2025\/10\/SAVE_20251006_221555-696x120.jpg 696w, https:\/\/newsinfoco.com.br\/inicio\/wp-content\/uploads\/2025\/10\/SAVE_20251006_221555-1068x185.jpg 1068w\" sizes=\"(max-width: 1140px) 100vw, 1140px\" width=\"1140\" height=\"197\"   \/><\/a><\/div>\n<p><span style=\"color: #000000;\">Continuem enviando as crian\u00e7as \u00e0 escola. Qualquer d\u00favida, dirijam-se \u00e0s unidades escolares em busca de maiores informa\u00e7\u00f5es. N\u00e3o acreditem em not\u00edcias falsas que est\u00e3o sendo propagadas.&#8221;, disse o governo oficialmente.<\/span><\/p>\n<p><span style=\"color: #000000;\">Por sua vez o Sindserme &#8211; Sindicato do Servidores P\u00fablicos Municipais de Esplanada rebate nas redes sociais que a greve continua para toda categoria paralisada.<\/span><\/p>\n<p><span style=\"color: #000000;\">Populares relatam que ent\u00e3o ouvindo dois carros de som nas ruas. Onde um informa que a greve continua e o outro diz que as aulas est\u00e3o de volta.<\/span><\/p>\n<p><span style=\"color: #000000;\">&#8221;Sinceramente \u00e9 uma falta de respeito com a popula\u00e7\u00e3o. As crian\u00e7as que est\u00e3o nas ruas ou em casa sem ter o que fazer precisam voltar para escola, j\u00e1 temos o pior IDEB da regi\u00e3o, querem o qu\u00ea mais?&#8221;, disse Maria J\u00falia, 20 anos.<\/span><\/p>\n<p><span style=\"color: #000000;\">&#8221;Eu percebo que ambos os lados est\u00e3o desviando o foco, os servidores precisam de aten\u00e7\u00e3o, mas n\u00e3o precisa ir ao campo pol\u00edtico, bem como o governo n\u00e3o necessita perseguir, mas vamos ver no que isso vai dar&#8221;, destacou Stella Rocha, 30 anos.<\/span><\/p>\n<p>&nbsp;<\/p>\n<pre style=\"text-align: right;\">Fonte:Esplanadanews<\/pre>\n<div class='share-to-whatsapp-wrapper'><div class='share-on-whsp'>Share on: <\/div><a data-text='Esplanada:Prefeitura divulga volta as aulas e sindicato rebate ''A greve continua''' data-link='https:\/\/newsinfoco.com.br\/inicio\/esplanadaprefeitura-divulga-volta-as-aulas-e-sindicato-rebate-a-greve-continua\/' class='whatsapp-button whatsapp-share'>WhatsApp<\/a><div class='clear '><\/div><\/div>","protected":false},"excerpt":{"rendered":"<p>O comunicado do governo municipal foi divulgado neste s\u00e1bado (14), atrav\u00e9s das redes sociais da Prefeitura. Confira: &#8221;A Prefeitura de Esplanada, por meio da Secretaria Municipal de Educa\u00e7\u00e3o, informa aos pais\/m\u00e3es\/respons\u00e1veis que as aulas j\u00e1 recome\u00e7aram na maioria das unidades de ensino.\u00a0 Continuem enviando as crian\u00e7as \u00e0 escola. Qualquer d\u00favida, dirijam-se \u00e0s unidades escolares em [&hellip;]<\/p>\n","protected":false},"author":1,"featured_media":6614,"comment_status":"open","ping_status":"open","sticky":false,"template":"","format":"standard","meta":{"om_disable_all_campaigns":false,"_exactmetrics_skip_tracking":false,"_exactmetrics_sitenote_active":false,"_exactmetrics_sitenote_note":"","_exactmetrics_sitenote_category":0,"footnotes":""},"categories":[38],"tags":[],"class_list":["post-6613","post","type-post","status-publish","format-standard","has-post-thumbnail","hentry","category-alagoinhas-e-regiao"],"aioseo_notices":[],"_links":{"self":[{"href":"https:\/\/newsinfoco.com.br\/inicio\/wp-json\/wp\/v2\/posts\/6613","targetHints":{"allow":["GET"]}}],"collection":[{"href":"https:\/\/newsinfoco.com.br\/inicio\/wp-json\/wp\/v2\/posts"}],"about":[{"href":"https:\/\/newsinfoco.com.br\/inicio\/wp-json\/wp\/v2\/types\/post"}],"author":[{"embeddable":true,"href":"https:\/\/newsinfoco.com.br\/inicio\/wp-json\/wp\/v2\/users\/1"}],"replies":[{"embeddable":true,"href":"https:\/\/newsinfoco.com.br\/inicio\/wp-json\/wp\/v2\/comments?post=6613"}],"version-history":[{"count":0,"href":"https:\/\/newsinfoco.com.br\/inicio\/wp-json\/wp\/v2\/posts\/6613\/revisions"}],"wp:featuredmedia":[{"embeddable":true,"href":"https:\/\/newsinfoco.com.br\/inicio\/wp-json\/wp\/v2\/media\/6614"}],"wp:attachment":[{"href":"https:\/\/newsinfoco.com.br\/inicio\/wp-json\/wp\/v2\/media?parent=6613"}],"wp:term":[{"taxonomy":"category","embeddable":true,"href":"https:\/\/newsinfoco.com.br\/inicio\/wp-json\/wp\/v2\/categories?post=6613"},{"taxonomy":"post_tag","embeddable":true,"href":"https:\/\/newsinfoco.com.br\/inicio\/wp-json\/wp\/v2\/tags?post=6613"}],"curies":[{"name":"wp","href":"https:\/\/api.w.org\/{rel}","templated":true}]}}