{"id":6617,"date":"2018-07-14T21:33:37","date_gmt":"2018-07-15T00:33:37","guid":{"rendered":"http:\/\/newsinfoco.com.br\/?p=6617"},"modified":"2018-07-14T21:33:37","modified_gmt":"2018-07-15T00:33:37","slug":"gratuidade-de-energia-pode-gerar-impacto-de-r-742-milhoes-por-ano","status":"publish","type":"post","link":"https:\/\/newsinfoco.com.br\/inicio\/gratuidade-de-energia-pode-gerar-impacto-de-r-742-milhoes-por-ano\/","title":{"rendered":"Gratuidade de energia pode gerar impacto de R$ 742 milh\u00f5es por ano"},"content":{"rendered":"<p style=\"text-align: justify;\"><span style=\"color: #000000;\">A gratuidade do pagamento da conta de luz para as fam\u00edlias de baixa renda que consomem at\u00e9 70 quilowatts-hora por m\u00eas pode gerar um impacto de R$ 742 milh\u00f5es por ano, com aumento de 0,5% na conta de luz dos consumidores, segundo a Ag\u00eancia Nacional de Energia El\u00e9trica (Aneel).<\/span><\/p>\n<p style=\"text-align: justify;\"><span style=\"color: #000000;\">A isen\u00e7\u00e3o foi inclu\u00edda por meio de emenda na\u00a0<a style=\"color: #000000;\" href=\"http:\/\/agenciabrasil.ebc.com.br\/politica\/noticia\/2018-07\/camara-aprova-isencao-de-energia-para-familias-de-baixa-renda\" target=\"_blank\" rel=\"noopener\">C\u00e2mara dos Deputados<\/a>\u00a0a projeto de lei que viabiliza a privatiza\u00e7\u00e3o de seis distribuidoras de energia el\u00e9trica da Eletrobras na Regi\u00e3o Norte. O projeto ainda precisa ser aprovado pelo Senado e sancionado pelo presidente Michel Temer para ter validade.<\/span><\/p><div class=\"newsi-conteudo_19\" id=\"newsi-881273955\"><a href=\"https:\/\/www.instagram.com\/prefeituraalagoinhas?igsh=YzgzdDJ1bWR3aWI4\" aria-label=\"SAVE_20251006_221555\"><img loading=\"lazy\" decoding=\"async\" src=\"https:\/\/newsinfoco.com.br\/inicio\/wp-content\/uploads\/2025\/10\/SAVE_20251006_221555-rotated.jpg\" alt=\"\"  srcset=\"https:\/\/newsinfoco.com.br\/inicio\/wp-content\/uploads\/2025\/10\/SAVE_20251006_221555-rotated.jpg 1140w, https:\/\/newsinfoco.com.br\/inicio\/wp-content\/uploads\/2025\/10\/SAVE_20251006_221555-300x52.jpg 300w, https:\/\/newsinfoco.com.br\/inicio\/wp-content\/uploads\/2025\/10\/SAVE_20251006_221555-1024x177.jpg 1024w, https:\/\/newsinfoco.com.br\/inicio\/wp-content\/uploads\/2025\/10\/SAVE_20251006_221555-768x133.jpg 768w, https:\/\/newsinfoco.com.br\/inicio\/wp-content\/uploads\/2025\/10\/SAVE_20251006_221555-600x104.jpg 600w, https:\/\/newsinfoco.com.br\/inicio\/wp-content\/uploads\/2025\/10\/SAVE_20251006_221555-696x120.jpg 696w, https:\/\/newsinfoco.com.br\/inicio\/wp-content\/uploads\/2025\/10\/SAVE_20251006_221555-1068x185.jpg 1068w\" sizes=\"(max-width: 1140px) 100vw, 1140px\" width=\"1140\" height=\"197\"   \/><\/a><\/div>\n<p style=\"text-align: justify;\"><span style=\"color: #000000;\">A Conta de Desenvolvimento Energ\u00e9tico (CDE) j\u00e1 tem a tarifa social. Caso a medida seja aprovada, os gastos por ano com a medida subir\u00e3o de R$ 2,28 bilh\u00f5es para R$ 3,02 bilh\u00f5es.<\/span><\/p>\n<p style=\"text-align: justify;\"><span style=\"color: #000000;\">Atualmente, a tarifa social de energia estabelece descontos ao consumidor de baixa renda cadastrado no valor de 65% no consumo registrado de at\u00e9 30 kWh\/m\u00eas; de 40% na faixa de 31 kWh at\u00e9 100 kWh\/m\u00eas; e de 10% na faixa de 101 kWh at\u00e9 220 kWh\/m\u00eas. A isen\u00e7\u00e3o no pagamento, atualmente, atinge apenas \u00edndios e quilombolas.<\/span><\/p>\n<p style=\"text-align: justify;\"><span style=\"color: #000000;\">Outra emenda aprovada permite a pequenas centrais hidrel\u00e9tricas com pelo menos uma unidade geradora (turbina) em funcionamento terem seu prazo de autoriza\u00e7\u00e3o contado a partir da opera\u00e7\u00e3o comercial dessa unidade, exceto as que tiverem penalidade pela Aneel quanto ao cronograma de implanta\u00e7\u00e3o. A Aneel informou que ainda est\u00e1 avaliando o impacto dessa emenda.<\/span><\/p>\n<p>&nbsp;<\/p>\n<p style=\"text-align: right;\">Fonte:EBC<\/p>\n<div class='share-to-whatsapp-wrapper'><div class='share-on-whsp'>Share on: <\/div><a data-text='Gratuidade de energia pode gerar impacto de R$ 742 milh\u00f5es por ano' data-link='https:\/\/newsinfoco.com.br\/inicio\/gratuidade-de-energia-pode-gerar-impacto-de-r-742-milhoes-por-ano\/' class='whatsapp-button whatsapp-share'>WhatsApp<\/a><div class='clear '><\/div><\/div>","protected":false},"excerpt":{"rendered":"<p>A gratuidade do pagamento da conta de luz para as fam\u00edlias de baixa renda que consomem at\u00e9 70 quilowatts-hora por m\u00eas pode gerar um impacto de R$ 742 milh\u00f5es por ano, com aumento de 0,5% na conta de luz dos consumidores, segundo a Ag\u00eancia Nacional de Energia El\u00e9trica (Aneel). A isen\u00e7\u00e3o foi inclu\u00edda por meio [&hellip;]<\/p>\n","protected":false},"author":1,"featured_media":6618,"comment_status":"open","ping_status":"open","sticky":false,"template":"","format":"standard","meta":{"om_disable_all_campaigns":false,"_exactmetrics_skip_tracking":false,"_exactmetrics_sitenote_active":false,"_exactmetrics_sitenote_note":"","_exactmetrics_sitenote_category":0,"footnotes":""},"categories":[21],"tags":[],"class_list":["post-6617","post","type-post","status-publish","format-standard","has-post-thumbnail","hentry","category-brasil"],"aioseo_notices":[],"_links":{"self":[{"href":"https:\/\/newsinfoco.com.br\/inicio\/wp-json\/wp\/v2\/posts\/6617","targetHints":{"allow":["GET"]}}],"collection":[{"href":"https:\/\/newsinfoco.com.br\/inicio\/wp-json\/wp\/v2\/posts"}],"about":[{"href":"https:\/\/newsinfoco.com.br\/inicio\/wp-json\/wp\/v2\/types\/post"}],"author":[{"embeddable":true,"href":"https:\/\/newsinfoco.com.br\/inicio\/wp-json\/wp\/v2\/users\/1"}],"replies":[{"embeddable":true,"href":"https:\/\/newsinfoco.com.br\/inicio\/wp-json\/wp\/v2\/comments?post=6617"}],"version-history":[{"count":0,"href":"https:\/\/newsinfoco.com.br\/inicio\/wp-json\/wp\/v2\/posts\/6617\/revisions"}],"wp:featuredmedia":[{"embeddable":true,"href":"https:\/\/newsinfoco.com.br\/inicio\/wp-json\/wp\/v2\/media\/6618"}],"wp:attachment":[{"href":"https:\/\/newsinfoco.com.br\/inicio\/wp-json\/wp\/v2\/media?parent=6617"}],"wp:term":[{"taxonomy":"category","embeddable":true,"href":"https:\/\/newsinfoco.com.br\/inicio\/wp-json\/wp\/v2\/categories?post=6617"},{"taxonomy":"post_tag","embeddable":true,"href":"https:\/\/newsinfoco.com.br\/inicio\/wp-json\/wp\/v2\/tags?post=6617"}],"curies":[{"name":"wp","href":"https:\/\/api.w.org\/{rel}","templated":true}]}}