{"id":6692,"date":"2018-07-16T17:55:13","date_gmt":"2018-07-16T20:55:13","guid":{"rendered":"http:\/\/newsinfoco.com.br\/?p=6692"},"modified":"2018-07-16T17:55:13","modified_gmt":"2018-07-16T20:55:13","slug":"inscricoes-para-cursos-de-qualificacao-profissional-sao-prorrogadas-ate-esta-terca-feira-17","status":"publish","type":"post","link":"https:\/\/newsinfoco.com.br\/inicio\/inscricoes-para-cursos-de-qualificacao-profissional-sao-prorrogadas-ate-esta-terca-feira-17\/","title":{"rendered":"Inscri\u00e7\u00f5es para cursos de qualifica\u00e7\u00e3o profissional s\u00e3o prorrogadas at\u00e9 esta ter\u00e7a-feira (17)"},"content":{"rendered":"<p style=\"text-align: justify;\"><span style=\"color: #000000;\">O projeto Alagoinhas Sustent\u00e1vel \u00e9 fruto de uma parceria entre a Secretaria Municipal de Assist\u00eancia Social (SEMAS), Uni\u00e3o Europ\u00e9ia e AVSI Brasil. O intuito \u00e9 garantir qualifica\u00e7\u00e3o profissional por meio de cursos, como; panifica\u00e7\u00e3o b\u00e1sica (60h) \u2013 restam 5 vagas, pizzaiolo (60h) \u2013 restam 5 vagas, excel\u00eancia no atendimento (20h) \u2013 restam 5 vagas e a\u00e7ougueiro (160h) \u2013\u00a0 restam 15 vagas.<\/span><\/p>\n<p style=\"text-align: justify;\"><span style=\"color: #000000;\">Interessados podem realizar inscri\u00e7\u00f5es at\u00e9 esta ter\u00e7a-feira (17) preenchendo formul\u00e1rio online: \u00a0<a style=\"color: #000000;\" href=\"https:\/\/docs.google.com\/forms\/d\/e\/1FAIpQLSfcr1bEIQAgI-9Q0vJop-nMGLnrLPYZo9n5Bj9ehvFPdN6iPw\/viewform\">clique aqui<\/a>, ou presencialmente levando RG, CPF e comprovante de resid\u00eancia at\u00e9 as 12h. A prova ser\u00e1 aplicada \u00e0s 14h no IFBaiano e aqueles que realizaram inscri\u00e7\u00f5es online devem levar os documentos necess\u00e1rios no dia da prova. Os cursos s\u00e3o destinados prioritariamente para moradores dos bairros do Mangal\u00f4, Jambreiro e Cruzeiro do Monte.<\/span><\/p><div class=\"newsi-conteudo_19\" id=\"newsi-3585667720\"><a href=\"https:\/\/www.instagram.com\/prefeituraalagoinhas?igsh=YzgzdDJ1bWR3aWI4\" aria-label=\"SAVE_20251006_221555\"><img loading=\"lazy\" decoding=\"async\" src=\"https:\/\/newsinfoco.com.br\/inicio\/wp-content\/uploads\/2025\/10\/SAVE_20251006_221555-rotated.jpg\" alt=\"\"  srcset=\"https:\/\/newsinfoco.com.br\/inicio\/wp-content\/uploads\/2025\/10\/SAVE_20251006_221555-rotated.jpg 1140w, https:\/\/newsinfoco.com.br\/inicio\/wp-content\/uploads\/2025\/10\/SAVE_20251006_221555-300x52.jpg 300w, https:\/\/newsinfoco.com.br\/inicio\/wp-content\/uploads\/2025\/10\/SAVE_20251006_221555-1024x177.jpg 1024w, https:\/\/newsinfoco.com.br\/inicio\/wp-content\/uploads\/2025\/10\/SAVE_20251006_221555-768x133.jpg 768w, https:\/\/newsinfoco.com.br\/inicio\/wp-content\/uploads\/2025\/10\/SAVE_20251006_221555-600x104.jpg 600w, https:\/\/newsinfoco.com.br\/inicio\/wp-content\/uploads\/2025\/10\/SAVE_20251006_221555-696x120.jpg 696w, https:\/\/newsinfoco.com.br\/inicio\/wp-content\/uploads\/2025\/10\/SAVE_20251006_221555-1068x185.jpg 1068w\" sizes=\"(max-width: 1140px) 100vw, 1140px\" width=\"1140\" height=\"197\"   \/><\/a><\/div>\n<p style=\"text-align: justify;\"><span style=\"color: #000000;\"><strong>CURSOS OFERTADOS:<\/strong><\/span><\/p>\n<p style=\"text-align: justify;\"><span style=\"color: #000000;\">Pizzaiolo:<\/span><\/p>\n<p style=\"text-align: justify;\"><span style=\"color: #000000;\">Turno: matutino<\/span><\/p>\n<p style=\"text-align: justify;\"><span style=\"color: #000000;\">Local: SENAI<\/span><\/p>\n<p style=\"text-align: justify;\"><span style=\"color: #000000;\">Idade: a partir de 18 anos<\/span><\/p>\n<p style=\"text-align: justify;\">\n<p style=\"text-align: justify;\"><span style=\"color: #000000;\"><strong>Panifica\u00e7\u00e3o B\u00e1sica:<\/strong><\/span><\/p>\n<p style=\"text-align: justify;\"><span style=\"color: #000000;\">Turno: matutino<\/span><\/p>\n<p style=\"text-align: justify;\"><span style=\"color: #000000;\">Local: SENAI<\/span><\/p>\n<p style=\"text-align: justify;\"><span style=\"color: #000000;\">Idade: a partir de 18 anos<\/span><\/p>\n<p style=\"text-align: justify;\">\n<p style=\"text-align: justify;\"><span style=\"color: #000000;\"><strong>A\u00e7ougueiro:<\/strong><\/span><\/p>\n<p style=\"text-align: justify;\"><span style=\"color: #000000;\">Turno: vespertino<\/span><\/p>\n<p style=\"text-align: justify;\"><span style=\"color: #000000;\">Local: SENAI<\/span><\/p>\n<p style=\"text-align: justify;\"><span style=\"color: #000000;\">Idade: a partir de 18 anos<\/span><\/p>\n<p style=\"text-align: justify;\">\n<p style=\"text-align: justify;\"><span style=\"color: #000000;\"><strong>Atendimento ao Cliente:<\/strong><\/span><\/p>\n<p style=\"text-align: justify;\"><span style=\"color: #000000;\">Turno: vespertino<\/span><\/p>\n<p style=\"text-align: justify;\"><span style=\"color: #000000;\">Local: SENAC<\/span><\/p>\n<p style=\"text-align: justify;\"><span style=\"color: #000000;\">Idade: a partir de 16 anos<\/span><\/p>\n<h6 style=\"text-align: right;\"><span style=\"color: #999999;\">Fonte: SECOM SEMAS<\/span><\/h6>\n<div style=\"text-align: justify;\" align=\"right\"><\/div>\n<div class='share-to-whatsapp-wrapper'><div class='share-on-whsp'>Share on: <\/div><a data-text='Inscri\u00e7\u00f5es para cursos de qualifica\u00e7\u00e3o profissional s\u00e3o prorrogadas at\u00e9 esta ter\u00e7a-feira (17)' data-link='https:\/\/newsinfoco.com.br\/inicio\/inscricoes-para-cursos-de-qualificacao-profissional-sao-prorrogadas-ate-esta-terca-feira-17\/' class='whatsapp-button whatsapp-share'>WhatsApp<\/a><div class='clear '><\/div><\/div>","protected":false},"excerpt":{"rendered":"<p>O projeto Alagoinhas Sustent\u00e1vel \u00e9 fruto de uma parceria entre a Secretaria Municipal de Assist\u00eancia Social (SEMAS), Uni\u00e3o Europ\u00e9ia e AVSI Brasil. O intuito \u00e9 garantir qualifica\u00e7\u00e3o profissional por meio de cursos, como; panifica\u00e7\u00e3o b\u00e1sica (60h) \u2013 restam 5 vagas, pizzaiolo (60h) \u2013 restam 5 vagas, excel\u00eancia no atendimento (20h) \u2013 restam 5 vagas e [&hellip;]<\/p>\n","protected":false},"author":1,"featured_media":629,"comment_status":"open","ping_status":"open","sticky":false,"template":"","format":"standard","meta":{"om_disable_all_campaigns":false,"_exactmetrics_skip_tracking":false,"_exactmetrics_sitenote_active":false,"_exactmetrics_sitenote_note":"","_exactmetrics_sitenote_category":0,"footnotes":""},"categories":[38,30],"tags":[53,54,120],"class_list":["post-6692","post","type-post","status-publish","format-standard","has-post-thumbnail","hentry","category-alagoinhas-e-regiao","category-destaque","tag-alagoinhas","tag-prefeitura","tag-secom-semas"],"aioseo_notices":[],"_links":{"self":[{"href":"https:\/\/newsinfoco.com.br\/inicio\/wp-json\/wp\/v2\/posts\/6692","targetHints":{"allow":["GET"]}}],"collection":[{"href":"https:\/\/newsinfoco.com.br\/inicio\/wp-json\/wp\/v2\/posts"}],"about":[{"href":"https:\/\/newsinfoco.com.br\/inicio\/wp-json\/wp\/v2\/types\/post"}],"author":[{"embeddable":true,"href":"https:\/\/newsinfoco.com.br\/inicio\/wp-json\/wp\/v2\/users\/1"}],"replies":[{"embeddable":true,"href":"https:\/\/newsinfoco.com.br\/inicio\/wp-json\/wp\/v2\/comments?post=6692"}],"version-history":[{"count":0,"href":"https:\/\/newsinfoco.com.br\/inicio\/wp-json\/wp\/v2\/posts\/6692\/revisions"}],"wp:featuredmedia":[{"embeddable":true,"href":"https:\/\/newsinfoco.com.br\/inicio\/wp-json\/wp\/v2\/media\/629"}],"wp:attachment":[{"href":"https:\/\/newsinfoco.com.br\/inicio\/wp-json\/wp\/v2\/media?parent=6692"}],"wp:term":[{"taxonomy":"category","embeddable":true,"href":"https:\/\/newsinfoco.com.br\/inicio\/wp-json\/wp\/v2\/categories?post=6692"},{"taxonomy":"post_tag","embeddable":true,"href":"https:\/\/newsinfoco.com.br\/inicio\/wp-json\/wp\/v2\/tags?post=6692"}],"curies":[{"name":"wp","href":"https:\/\/api.w.org\/{rel}","templated":true}]}}