{"id":6694,"date":"2018-07-16T17:59:16","date_gmt":"2018-07-16T20:59:16","guid":{"rendered":"http:\/\/newsinfoco.com.br\/?p=6694"},"modified":"2018-07-16T17:59:16","modified_gmt":"2018-07-16T20:59:16","slug":"campanha-de-vacinacao-antirrabica-segue-em-alagoinhas","status":"publish","type":"post","link":"https:\/\/newsinfoco.com.br\/inicio\/campanha-de-vacinacao-antirrabica-segue-em-alagoinhas\/","title":{"rendered":"Campanha de Vacina\u00e7\u00e3o Antirr\u00e1bica segue em Alagoinhas"},"content":{"rendered":"<p style=\"text-align: justify;\"><span style=\"color: #000000;\">A Vacina\u00e7\u00e3o Antirr\u00e1bica 2018 iniciou no dia 11 de julho e vai at\u00e9 dia 4 de agosto em Alagoinhas. A vacina\u00e7\u00e3o \u00e9 gratuita e est\u00e1 sendo realizada nos bairros por agentes comunit\u00e1rios de Sa\u00fade at\u00e9 4 de agosto, em pontos definidos pelas Unidades de Sa\u00fade de cada \u00e1rea, e desde esta segunda-feira(16) at\u00e9 dia 31 de julho, a vacina\u00e7\u00e3o ser\u00e1 realizada pela Unidade M\u00f3vel em 11 localidades \u00a0da zona rural . Os donos de animais tamb\u00e9m podem se dirigir \u00e0 Vigil\u00e2ncia Sanit\u00e1ria, das 8h \u00e0s 13h, para que recebam a vacina.Todos os animais a partir de tr\u00eas meses e f\u00eameas paridas h\u00e1 mais de 15 dias devem ser imunizados.<\/span><\/p>\n<p style=\"text-align: justify;\"><span style=\"color: #000000;\">A coordenadora da Vigil\u00e2ncia Epidemiol\u00f3gica, Claudine Ramos, explica que manter o animal com as vacinas em dia \u00e9 umas das responsabilidades importantes de quem cria. \u201cIsso se chama posse respons\u00e1vel. As pessoas precisam ter consci\u00eancia de que para se ter um animal de estima\u00e7\u00e3o \u00e9 preciso tamb\u00e9m ter responsabilidade sobre eles\u201d, destacou.<\/span><\/p><div class=\"newsi-conteudo_19\" id=\"newsi-1851746908\"><a href=\"https:\/\/www.instagram.com\/prefeituraalagoinhas?igsh=YzgzdDJ1bWR3aWI4\" aria-label=\"SAVE_20251006_221555\"><img loading=\"lazy\" decoding=\"async\" src=\"https:\/\/newsinfoco.com.br\/inicio\/wp-content\/uploads\/2025\/10\/SAVE_20251006_221555-rotated.jpg\" alt=\"\"  srcset=\"https:\/\/newsinfoco.com.br\/inicio\/wp-content\/uploads\/2025\/10\/SAVE_20251006_221555-rotated.jpg 1140w, https:\/\/newsinfoco.com.br\/inicio\/wp-content\/uploads\/2025\/10\/SAVE_20251006_221555-300x52.jpg 300w, https:\/\/newsinfoco.com.br\/inicio\/wp-content\/uploads\/2025\/10\/SAVE_20251006_221555-1024x177.jpg 1024w, https:\/\/newsinfoco.com.br\/inicio\/wp-content\/uploads\/2025\/10\/SAVE_20251006_221555-768x133.jpg 768w, https:\/\/newsinfoco.com.br\/inicio\/wp-content\/uploads\/2025\/10\/SAVE_20251006_221555-600x104.jpg 600w, https:\/\/newsinfoco.com.br\/inicio\/wp-content\/uploads\/2025\/10\/SAVE_20251006_221555-696x120.jpg 696w, https:\/\/newsinfoco.com.br\/inicio\/wp-content\/uploads\/2025\/10\/SAVE_20251006_221555-1068x185.jpg 1068w\" sizes=\"(max-width: 1140px) 100vw, 1140px\" width=\"1140\" height=\"197\"   \/><\/a><\/div>\n<p style=\"text-align: justify;\"><span style=\"color: #000000;\">A Raiva<\/span><\/p>\n<p style=\"text-align: justify;\"><span style=\"color: #000000;\">A raiva \u00e9 uma doen\u00e7a considerada incur\u00e1vel e a taxa de mortalidade \u00e9 de quase 100%. Ela \u00e9 causada por um v\u00edrus e \u00e9 transmitida ao ser humano atrav\u00e9s do contato da saliva (mordida ou lambedura) de animais que est\u00e3o contaminados, bastando que algum tipo de ferida j\u00e1 existente entre em contato com a saliva do animal doente.<\/span><\/p>\n<p style=\"text-align: justify;\"><span style=\"color: #000000;\">Cuidados<\/span><\/p>\n<p style=\"text-align: justify;\"><span style=\"color: #000000;\">Se a pessoa for agredida por qualquer animal, deve-se lavar imediatamente a ferida com \u00e1gua e sab\u00e3o e procurar imediatamente um servi\u00e7o de sa\u00fade para obter orienta\u00e7\u00f5es sobre indica\u00e7\u00e3o de vacina ou soro.<\/span><\/p>\n<p style=\"text-align: justify;\"><span style=\"color: #000000;\">Quando a agress\u00e3o for por c\u00e3es ou gatos, os animais dever\u00e3o ser confinados por dez dias ap\u00f3s a agress\u00e3o, para observa\u00e7\u00e3o de sintomas da doen\u00e7a. Se o animal morrer, deve-se informar o departamento de zoonoses do munic\u00edpio, imediatamente.<\/span><\/p>\n<p style=\"text-align: justify;\"><span style=\"color: #000000;\">Sintomas<\/span><\/p>\n<p style=\"text-align: justify;\"><span style=\"color: #000000;\">Os principais sinais cl\u00ednicos da raiva s\u00e3o: perda de apetite, altera\u00e7\u00f5es de comportamento, agita\u00e7\u00e3o e agressividade, sendo estes os primeiros; seguidos de agita\u00e7\u00e3o, agressividade extrema, falta de coordena\u00e7\u00e3o motora, paralisia de m\u00fasculos da degluti\u00e7\u00e3o e da mand\u00edbula, que resulta em saliva\u00e7\u00e3o e dificuldade em engolir.<\/span><\/p>\n<p style=\"text-align: justify;\"><span style=\"color: #000000;\">Caso seu animal de estima\u00e7\u00e3o apresente alguns destes sintomas, procure assist\u00eancia veterin\u00e1ria o quanto antes para iniciar o tratamento, j\u00e1 que em quest\u00e3o de onze dias seu animal pode vir a \u00f3bito. A vacina antirr\u00e1bica \u00e9 ainda a \u00fanica forma de preven\u00e7\u00e3o contra a doen\u00e7a.<\/span><\/p>\n<p><img decoding=\"async\" src=\"https:\/\/www.alagoinhas.ba.gov.br\/wp-content\/uploads\/2018\/07\/37003639_1813056435457936_1497378032069902336_n.jpg\" \/><\/p>\n<h6 style=\"text-align: right;\"><span style=\"color: #999999;\">Fonte: SECOM SESAU<\/span><\/h6>\n<div class='share-to-whatsapp-wrapper'><div class='share-on-whsp'>Share on: <\/div><a data-text='Campanha de Vacina\u00e7\u00e3o Antirr\u00e1bica segue em Alagoinhas' data-link='https:\/\/newsinfoco.com.br\/inicio\/campanha-de-vacinacao-antirrabica-segue-em-alagoinhas\/' class='whatsapp-button whatsapp-share'>WhatsApp<\/a><div class='clear '><\/div><\/div>","protected":false},"excerpt":{"rendered":"<p>A Vacina\u00e7\u00e3o Antirr\u00e1bica 2018 iniciou no dia 11 de julho e vai at\u00e9 dia 4 de agosto em Alagoinhas. A vacina\u00e7\u00e3o \u00e9 gratuita e est\u00e1 sendo realizada nos bairros por agentes comunit\u00e1rios de Sa\u00fade at\u00e9 4 de agosto, em pontos definidos pelas Unidades de Sa\u00fade de cada \u00e1rea, e desde esta segunda-feira(16) at\u00e9 dia 31 [&hellip;]<\/p>\n","protected":false},"author":1,"featured_media":6695,"comment_status":"open","ping_status":"open","sticky":false,"template":"","format":"standard","meta":{"om_disable_all_campaigns":false,"_exactmetrics_skip_tracking":false,"_exactmetrics_sitenote_active":false,"_exactmetrics_sitenote_note":"","_exactmetrics_sitenote_category":0,"footnotes":""},"categories":[38,30],"tags":[53,54,56],"class_list":["post-6694","post","type-post","status-publish","format-standard","has-post-thumbnail","hentry","category-alagoinhas-e-regiao","category-destaque","tag-alagoinhas","tag-prefeitura","tag-secom"],"aioseo_notices":[],"_links":{"self":[{"href":"https:\/\/newsinfoco.com.br\/inicio\/wp-json\/wp\/v2\/posts\/6694","targetHints":{"allow":["GET"]}}],"collection":[{"href":"https:\/\/newsinfoco.com.br\/inicio\/wp-json\/wp\/v2\/posts"}],"about":[{"href":"https:\/\/newsinfoco.com.br\/inicio\/wp-json\/wp\/v2\/types\/post"}],"author":[{"embeddable":true,"href":"https:\/\/newsinfoco.com.br\/inicio\/wp-json\/wp\/v2\/users\/1"}],"replies":[{"embeddable":true,"href":"https:\/\/newsinfoco.com.br\/inicio\/wp-json\/wp\/v2\/comments?post=6694"}],"version-history":[{"count":0,"href":"https:\/\/newsinfoco.com.br\/inicio\/wp-json\/wp\/v2\/posts\/6694\/revisions"}],"wp:featuredmedia":[{"embeddable":true,"href":"https:\/\/newsinfoco.com.br\/inicio\/wp-json\/wp\/v2\/media\/6695"}],"wp:attachment":[{"href":"https:\/\/newsinfoco.com.br\/inicio\/wp-json\/wp\/v2\/media?parent=6694"}],"wp:term":[{"taxonomy":"category","embeddable":true,"href":"https:\/\/newsinfoco.com.br\/inicio\/wp-json\/wp\/v2\/categories?post=6694"},{"taxonomy":"post_tag","embeddable":true,"href":"https:\/\/newsinfoco.com.br\/inicio\/wp-json\/wp\/v2\/tags?post=6694"}],"curies":[{"name":"wp","href":"https:\/\/api.w.org\/{rel}","templated":true}]}}