{"id":6697,"date":"2018-07-16T18:02:49","date_gmt":"2018-07-16T21:02:49","guid":{"rendered":"http:\/\/newsinfoco.com.br\/?p=6697"},"modified":"2018-07-16T18:02:49","modified_gmt":"2018-07-16T21:02:49","slug":"prefeitura-divulga-programacao-de-atividades-dos-cras-para-esta-semana","status":"publish","type":"post","link":"https:\/\/newsinfoco.com.br\/inicio\/prefeitura-divulga-programacao-de-atividades-dos-cras-para-esta-semana\/","title":{"rendered":"Prefeitura divulga programa\u00e7\u00e3o de atividades dos CRAS para esta semana"},"content":{"rendered":"<p style=\"text-align: justify;\"><span style=\"color: #000000;\">Com o objetivo cont\u00ednuo de garantir os direitos socioassistenciais o CRAS da Pra\u00e7a do CEU, Nova Bras\u00edlia e Riacho da Guia realizam nesta semana, as seguintes atividades:<\/span><\/p>\n<p style=\"text-align: justify;\">\n<p style=\"text-align: justify;\"><span style=\"color: #000000;\"><strong>Programa\u00e7\u00e3o Pra\u00e7a do CEU:<\/strong><\/span><\/p>\n<p style=\"text-align: justify;\"><span style=\"color: #000000;\"><strong>Ter\u00e7a-feira (17):<\/strong><\/span><\/p><div class=\"newsi-conteudo_19\" id=\"newsi-2082843274\"><a href=\"https:\/\/www.instagram.com\/prefeituraalagoinhas?igsh=YzgzdDJ1bWR3aWI4\" aria-label=\"SAVE_20251006_221555\"><img loading=\"lazy\" decoding=\"async\" src=\"https:\/\/newsinfoco.com.br\/inicio\/wp-content\/uploads\/2025\/10\/SAVE_20251006_221555-rotated.jpg\" alt=\"\"  srcset=\"https:\/\/newsinfoco.com.br\/inicio\/wp-content\/uploads\/2025\/10\/SAVE_20251006_221555-rotated.jpg 1140w, https:\/\/newsinfoco.com.br\/inicio\/wp-content\/uploads\/2025\/10\/SAVE_20251006_221555-300x52.jpg 300w, https:\/\/newsinfoco.com.br\/inicio\/wp-content\/uploads\/2025\/10\/SAVE_20251006_221555-1024x177.jpg 1024w, https:\/\/newsinfoco.com.br\/inicio\/wp-content\/uploads\/2025\/10\/SAVE_20251006_221555-768x133.jpg 768w, https:\/\/newsinfoco.com.br\/inicio\/wp-content\/uploads\/2025\/10\/SAVE_20251006_221555-600x104.jpg 600w, https:\/\/newsinfoco.com.br\/inicio\/wp-content\/uploads\/2025\/10\/SAVE_20251006_221555-696x120.jpg 696w, https:\/\/newsinfoco.com.br\/inicio\/wp-content\/uploads\/2025\/10\/SAVE_20251006_221555-1068x185.jpg 1068w\" sizes=\"(max-width: 1140px) 100vw, 1140px\" width=\"1140\" height=\"197\"   \/><\/a><\/div>\n<p style=\"text-align: justify;\"><span style=\"color: #000000;\">Manh\u00e3 \u2013 Sala de Espera<\/span><\/p>\n<p style=\"text-align: justify;\"><span style=\"color: #000000;\">Tarde \u2013 Grupo de Mulheres: Como tem sido suas amizades?<\/span><\/p>\n<p style=\"text-align: justify;\"><span style=\"color: #000000;\">Grupo do PAIF<\/span><\/p>\n<p style=\"text-align: justify;\">\n<p style=\"text-align: justify;\"><span style=\"color: #000000;\"><strong>Quarta-feira (18):<\/strong><\/span><\/p>\n<p style=\"text-align: justify;\"><span style=\"color: #000000;\">Tarde \u2013 Oficina de Violinos M\u00e1gicos;<\/span><\/p>\n<p style=\"text-align: justify;\"><span style=\"color: #000000;\">Oficina de Dan\u00e7a com Crian\u00e7as;<\/span><\/p>\n<p style=\"text-align: justify;\"><span style=\"color: #000000;\">Reuni\u00e3o com T\u00e9cnicos.<\/span><\/p>\n<p style=\"text-align: justify;\">\n<p style=\"text-align: justify;\"><span style=\"color: #000000;\"><strong>Quinta-feira (19):<\/strong><\/span><\/p>\n<p style=\"text-align: justify;\"><span style=\"color: #000000;\">Manh\u00e3 e Tarde: Grupo de Adolescentes \u2013 Cine CRAS, Conta Comigo.<\/span><\/p>\n<p style=\"text-align: justify;\"><span style=\"color: #000000;\">Tarde: Grupo de idosas \u2013 Oficina de pintura em tela, falando sobre amizade.<\/span><\/p>\n<p style=\"text-align: justify;\">\n<p style=\"text-align: justify;\"><span style=\"color: #000000;\"><strong>Sexta-feira (20):<\/strong><\/span><\/p>\n<p style=\"text-align: justify;\"><span style=\"color: #000000;\">Manh\u00e3 \u2013 Sala de espera.<\/span><\/p>\n<p style=\"text-align: justify;\">\n<p style=\"text-align: justify;\"><span style=\"color: #000000;\">Manh\u00e3 e tarde:<\/span><\/p>\n<p style=\"text-align: justify;\"><span style=\"color: #000000;\">Oficina de futebol;<\/span><\/p>\n<p style=\"text-align: justify;\"><span style=\"color: #000000;\">Grupo de Crian\u00e7as de 09 a 11 anos, com Cine CRAS \u2013 Duda e os Gnomos.<\/span><\/p>\n<p style=\"text-align: justify;\">\n<p style=\"text-align: justify;\">\n<p style=\"text-align: justify;\"><span style=\"color: #000000;\"><strong>Programa\u00e7\u00e3o Nova Bras\u00edlia:<\/strong><\/span><\/p>\n<p style=\"text-align: justify;\"><span style=\"color: #000000;\"><strong>Ter\u00e7a-feira (17):<\/strong><\/span><\/p>\n<p style=\"text-align: justify;\"><span style=\"color: #000000;\">Manh\u00e3: SCFV\/Oficinas;<\/span><\/p>\n<p style=\"text-align: justify;\"><span style=\"color: #000000;\">Oficina Violinos M\u00e1gicos;<\/span><\/p>\n<p style=\"text-align: justify;\"><span style=\"color: #000000;\">Oficina de futebol na comunidade da Baixa da Candeia;<\/span><\/p>\n<p style=\"text-align: justify;\"><span style=\"color: #000000;\">Encontro com os Facilitadores das Oficinas.<\/span><\/p>\n<p style=\"text-align: justify;\">\n<p style=\"text-align: justify;\"><span style=\"color: #000000;\"><strong>Tarde: SCFV\/Oficinas<\/strong><\/span><\/p>\n<p style=\"text-align: justify;\"><span style=\"color: #000000;\">Oficina Violinos M\u00e1gicos;<\/span><\/p>\n<p style=\"text-align: justify;\"><span style=\"color: #000000;\">Oficina de futebol na comunidade da Baixa da Candeia;<\/span><\/p>\n<p style=\"text-align: justify;\"><span style=\"color: #000000;\">SCFV \u2013 Idosos;<\/span><\/p>\n<p style=\"text-align: justify;\"><span style=\"color: #000000;\">Atividades: Roda de Conversa envolvendo o resgate de mem\u00f3rias; Exposi\u00e7\u00e3o de Filme \/ Curta metragem, tendo como tem\u00e1tica base o ECA.<\/span><\/p>\n<p style=\"text-align: justify;\">\n<p style=\"text-align: justify;\"><span style=\"color: #000000;\"><strong>Quarta-feira (18):<\/strong><\/span><\/p>\n<p style=\"text-align: justify;\"><span style=\"color: #000000;\">Manh\u00e3: SCFV\/Oficinas;<\/span><\/p>\n<p style=\"text-align: justify;\"><span style=\"color: #000000;\">Oficina de dan\u00e7a com crian\u00e7as e adolescentes;<\/span><\/p>\n<p style=\"text-align: justify;\">\n<p style=\"text-align: justify;\"><span style=\"color: #000000;\">Tarde:<\/span><\/p>\n<p style=\"text-align: justify;\"><span style=\"color: #000000;\">Oficina de dan\u00e7a com mulheres e idosos.<\/span><\/p>\n<p style=\"text-align: justify;\">\n<p style=\"text-align: justify;\"><span style=\"color: #000000;\"><strong>Quinta-feira (19):<\/strong><\/span><\/p>\n<p style=\"text-align: justify;\"><span style=\"color: #000000;\">Tarde: SCFV\/ Mulheres;<\/span><\/p>\n<p style=\"text-align: justify;\"><span style=\"color: #000000;\">Atividade: Oficina de papietagem;<\/span><\/p>\n<p style=\"text-align: justify;\"><span style=\"color: #000000;\">PAIF: Roda de conversa com benefici\u00e1rios do Programa Bolsa Fam\u00edlia.<\/span><\/p>\n<p style=\"text-align: justify;\">\n<p style=\"text-align: justify;\"><span style=\"color: #000000;\"><strong>Sexta-feira (20):<\/strong><\/span><\/p>\n<p style=\"text-align: justify;\"><span style=\"color: #000000;\">Manha e tarde: SCFV \u2013 Crian\u00e7as (06 a 08 anos)<\/span><\/p>\n<p style=\"text-align: justify;\"><span style=\"color: #000000;\">Atividades: Constru\u00e7\u00e3o, montagem e aplica\u00e7\u00e3o do jogo de mem\u00f3ria envolvendo os direitos e deveres das crian\u00e7as e adolescentes;<\/span><\/p>\n<p style=\"text-align: justify;\"><span style=\"color: #000000;\">SCFV \u2013 Crian\u00e7as (09 a 11 anos);<\/span><\/p>\n<p style=\"text-align: justify;\"><span style=\"color: #000000;\">Atividades: Oficina de arte com jornal.<\/span><\/p>\n<p style=\"text-align: justify;\">\n<p style=\"text-align: justify;\"><span style=\"color: #000000;\">Tarde: SCFV \u2013 Oficinas<\/span><\/p>\n<p style=\"text-align: justify;\"><span style=\"color: #000000;\">Oficina de Dan\u00e7a com mulheres e idosas da comunidade da Baixa da Candeia.<\/span><\/p>\n<p style=\"text-align: justify;\">\n<p style=\"text-align: justify;\"><span style=\"color: #000000;\"><strong>Programa\u00e7\u00e3o Riacho da Guia:<\/strong><\/span><\/p>\n<p style=\"text-align: justify;\"><span style=\"color: #000000;\"><strong>Ter\u00e7a-feira (17):<\/strong><\/span><\/p>\n<p style=\"text-align: justify;\"><span style=\"color: #000000;\">Tarde: SCFV \u2013 Grupo de Mulheres \u2013 Visita ao n\u00facleo Ecossocial da Copener.<\/span><\/p>\n<p style=\"text-align: justify;\">\n<p style=\"text-align: justify;\"><span style=\"color: #000000;\"><strong>Quarta-feira (18):<\/strong><\/span><\/p>\n<p style=\"text-align: justify;\"><span style=\"color: #000000;\">Manh\u00e3: Reuni\u00e3o de equipe;<\/span><\/p>\n<p style=\"text-align: justify;\"><span style=\"color: #000000;\">Manh\u00e3 e tarde: Oficina de futebol;<\/span><\/p>\n<p style=\"text-align: justify;\"><span style=\"color: #000000;\">Tarde: SCFV \u2013 Grupo de Crian\u00e7as \u2013 Visita ao n\u00facleo Ecossocial da Copener.<\/span><\/p>\n<p style=\"text-align: justify;\">\n<p style=\"text-align: justify;\"><span style=\"color: #000000;\"><strong>Quinta-feira (19):<\/strong><\/span><\/p>\n<p style=\"text-align: justify;\"><span style=\"color: #000000;\">Manh\u00e3 e Tarde: SCFV \u2013 Grupo de Adolescentes \u2013 Visita ao n\u00facleo Ecossocial da Copener;<\/span><\/p>\n<p style=\"text-align: justify;\"><span style=\"color: #000000;\">Oficina de dan\u00e7a infantil e idosos.<\/span><\/p>\n<div style=\"text-align: justify;\" align=\"right\"><\/div>\n<div class='share-to-whatsapp-wrapper'><div class='share-on-whsp'>Share on: <\/div><a data-text='Prefeitura divulga programa\u00e7\u00e3o de atividades dos CRAS para esta semana' data-link='https:\/\/newsinfoco.com.br\/inicio\/prefeitura-divulga-programacao-de-atividades-dos-cras-para-esta-semana\/' class='whatsapp-button whatsapp-share'>WhatsApp<\/a><div class='clear '><\/div><\/div>","protected":false},"excerpt":{"rendered":"<p>Com o objetivo cont\u00ednuo de garantir os direitos socioassistenciais o CRAS da Pra\u00e7a do CEU, Nova Bras\u00edlia e Riacho da Guia realizam nesta semana, as seguintes atividades: Programa\u00e7\u00e3o Pra\u00e7a do CEU: Ter\u00e7a-feira (17): Manh\u00e3 \u2013 Sala de Espera Tarde \u2013 Grupo de Mulheres: Como tem sido suas amizades? Grupo do PAIF Quarta-feira (18): Tarde \u2013 [&hellip;]<\/p>\n","protected":false},"author":1,"featured_media":6698,"comment_status":"open","ping_status":"open","sticky":false,"template":"","format":"standard","meta":{"om_disable_all_campaigns":false,"_exactmetrics_skip_tracking":false,"_exactmetrics_sitenote_active":false,"_exactmetrics_sitenote_note":"","_exactmetrics_sitenote_category":0,"footnotes":""},"categories":[38,30],"tags":[53,54,133],"class_list":["post-6697","post","type-post","status-publish","format-standard","has-post-thumbnail","hentry","category-alagoinhas-e-regiao","category-destaque","tag-alagoinhas","tag-prefeitura","tag-secom-cras"],"aioseo_notices":[],"_links":{"self":[{"href":"https:\/\/newsinfoco.com.br\/inicio\/wp-json\/wp\/v2\/posts\/6697","targetHints":{"allow":["GET"]}}],"collection":[{"href":"https:\/\/newsinfoco.com.br\/inicio\/wp-json\/wp\/v2\/posts"}],"about":[{"href":"https:\/\/newsinfoco.com.br\/inicio\/wp-json\/wp\/v2\/types\/post"}],"author":[{"embeddable":true,"href":"https:\/\/newsinfoco.com.br\/inicio\/wp-json\/wp\/v2\/users\/1"}],"replies":[{"embeddable":true,"href":"https:\/\/newsinfoco.com.br\/inicio\/wp-json\/wp\/v2\/comments?post=6697"}],"version-history":[{"count":0,"href":"https:\/\/newsinfoco.com.br\/inicio\/wp-json\/wp\/v2\/posts\/6697\/revisions"}],"wp:featuredmedia":[{"embeddable":true,"href":"https:\/\/newsinfoco.com.br\/inicio\/wp-json\/wp\/v2\/media\/6698"}],"wp:attachment":[{"href":"https:\/\/newsinfoco.com.br\/inicio\/wp-json\/wp\/v2\/media?parent=6697"}],"wp:term":[{"taxonomy":"category","embeddable":true,"href":"https:\/\/newsinfoco.com.br\/inicio\/wp-json\/wp\/v2\/categories?post=6697"},{"taxonomy":"post_tag","embeddable":true,"href":"https:\/\/newsinfoco.com.br\/inicio\/wp-json\/wp\/v2\/tags?post=6697"}],"curies":[{"name":"wp","href":"https:\/\/api.w.org\/{rel}","templated":true}]}}