{"id":6757,"date":"2018-07-17T20:17:13","date_gmt":"2018-07-17T23:17:13","guid":{"rendered":"http:\/\/newsinfoco.com.br\/?p=6757"},"modified":"2018-07-17T20:17:13","modified_gmt":"2018-07-17T23:17:13","slug":"i-semana-municipal-de-prevencao-as-drogas-de-alagoinhas-recebe-estreia-do-espetaculo-labirinto-no-centro-de-cultura","status":"publish","type":"post","link":"https:\/\/newsinfoco.com.br\/inicio\/i-semana-municipal-de-prevencao-as-drogas-de-alagoinhas-recebe-estreia-do-espetaculo-labirinto-no-centro-de-cultura\/","title":{"rendered":"I Semana Municipal de Preven\u00e7\u00e3o \u00e0s Drogas de Alagoinhas recebe estreia do espet\u00e1culo \u2018Labirinto\u2019, no Centro de Cultura"},"content":{"rendered":"<p style=\"text-align: justify;\"><span style=\"color: #000000;\">A arte \u00e9 uma das maiores ferramentas para a educa\u00e7\u00e3o, socializa\u00e7\u00e3o e ressocializa\u00e7\u00e3o, por isto, a Prefeitura de Alagoinhas inaugura a I Semana Municipal de Preven\u00e7\u00e3o, Conscientiza\u00e7\u00e3o e Combate ao Uso de Drogas na Inf\u00e2ncia e na Adolesc\u00eancia trazendo para o Centro de Cultura a estreia do espet\u00e1culo \u201cLabirinto\u201d, desenvolvido pelo Grupo de Teatro da Pol\u00edcia Militar da Bahia. A pe\u00e7a conta a hist\u00f3ria de adolescentes que s\u00e3o aliciados pelo mundo do tr\u00e1fico e uso de drogas. De maneira l\u00fadica, o roteiro discute as problem\u00e1ticas relacionadas \u00e0 quest\u00e3o e provoca a reflex\u00e3o de jovens e adultos.<\/span><\/p>\n<p style=\"text-align: justify;\"><span style=\"color: #000000;\">Cumprindo o exposto na Lei Municipal N\u00ba 2.425\/2018, de autoria dos vereadores Jo\u00e3o Henrique e Pastor Lins, a Secretaria Municipal de Educa\u00e7\u00e3o (SEDUC) antecipou a produ\u00e7\u00e3o do evento, que, por lei, teria obrigatoriedade de realiza\u00e7\u00e3o apenas em 2019. De acordo com o Art. 1\u00ba o evento deve ser realizado, anualmente, na primeira semana do m\u00eas de junho, fazendo rela\u00e7\u00e3o ao Dia Internacional de Combate ao Uso de Drogas.<\/span><\/p><div class=\"newsi-conteudo_19\" id=\"newsi-3551711552\"><a href=\"https:\/\/www.instagram.com\/prefeituraalagoinhas?igsh=YzgzdDJ1bWR3aWI4\" aria-label=\"SAVE_20251006_221555\"><img loading=\"lazy\" decoding=\"async\" src=\"https:\/\/newsinfoco.com.br\/inicio\/wp-content\/uploads\/2025\/10\/SAVE_20251006_221555-rotated.jpg\" alt=\"\"  srcset=\"https:\/\/newsinfoco.com.br\/inicio\/wp-content\/uploads\/2025\/10\/SAVE_20251006_221555-rotated.jpg 1140w, https:\/\/newsinfoco.com.br\/inicio\/wp-content\/uploads\/2025\/10\/SAVE_20251006_221555-300x52.jpg 300w, https:\/\/newsinfoco.com.br\/inicio\/wp-content\/uploads\/2025\/10\/SAVE_20251006_221555-1024x177.jpg 1024w, https:\/\/newsinfoco.com.br\/inicio\/wp-content\/uploads\/2025\/10\/SAVE_20251006_221555-768x133.jpg 768w, https:\/\/newsinfoco.com.br\/inicio\/wp-content\/uploads\/2025\/10\/SAVE_20251006_221555-600x104.jpg 600w, https:\/\/newsinfoco.com.br\/inicio\/wp-content\/uploads\/2025\/10\/SAVE_20251006_221555-696x120.jpg 696w, https:\/\/newsinfoco.com.br\/inicio\/wp-content\/uploads\/2025\/10\/SAVE_20251006_221555-1068x185.jpg 1068w\" sizes=\"(max-width: 1140px) 100vw, 1140px\" width=\"1140\" height=\"197\"   \/><\/a><\/div>\n<p style=\"text-align: justify;\"><span style=\"color: #000000;\">\u201c\u00c9 muito importante ver o audit\u00f3rio lotado de jovens atentos \u00e0s mensagens que estamos passando hoje. Nossa gest\u00e3o est\u00e1 muito honrada de fazer sua parte neste processo de forma\u00e7\u00e3o de adultos conscientes. Entendemos o tamanho da import\u00e2ncia do tema e da nossa responsabilidade e, por isso, decidimos antecipar a realiza\u00e7\u00e3o do evento j\u00e1 em 2018\u201d, afirma Joaquim Neto.<\/span><\/p>\n<p style=\"text-align: justify;\"><span style=\"color: #000000;\">Os autores da lei participaram da abertura do evento e mostraram-se satisfeitos com o compromisso da administra\u00e7\u00e3o municipal. \u201cEu entendo a preven\u00e7\u00e3o como a principal arma para o combate \u00e0s drogas e por isso me sinto feliz de ter participado da idealiza\u00e7\u00e3o do projeto na C\u00e2mara de Vereadores\u201d, explica o vereador Pastor Lins. Enquanto isso, o vereador Jo\u00e3o Henrique avalia a participa\u00e7\u00e3o do poder p\u00fablico neste processo. \u201cA prefeitura n\u00e3o pode ficar fora dessa responsabilidade de construir um mundo melhor para todos e, por isso, fico feliz de ser o autor dessa lei. Espero que isso se torne um legado para toda Alagoinhas\u201d, concluiu.<\/span><\/p>\n<p style=\"text-align: justify;\"><span style=\"color: #000000;\">Durante as cinco sess\u00f5es que ser\u00e3o realizadas entre esta ter\u00e7a-feira (17) e quarta-feira (18), a estimativa de p\u00fablico \u00e9 de pelo menos 3 mil alunos da rede municipal e estadual de ensino. O Grupo de Teatro da PM-BA existe h\u00e1 20 anos e j\u00e1 apresentou 46 espet\u00e1culos para um p\u00fablico de mais de 1 milh\u00e3o de pessoas. Felizes por estrear o espet\u00e1culo novo em sua primeira apresenta\u00e7\u00e3o na cidade, o grupo dialoga com os jovens numa linguagem pr\u00f3xima e respons\u00e1vel.<\/span><\/p>\n<p style=\"text-align: justify;\"><span style=\"color: #000000;\">\u201cNossa inten\u00e7\u00e3o \u00e9 que, atrav\u00e9s deste trabalho, possamos despertar afeto e melhorar o ambiente social, tudo isso porque utilizamos a arte como ferramenta de seguran\u00e7a p\u00fablica tamb\u00e9m\u201d, explica o Capit\u00e3o Elton Santana, diretor e chefe da sess\u00e3o de artes do Departamento de Comunica\u00e7\u00e3o Social da PM.<\/span><\/p>\n<p style=\"text-align: justify;\"><span style=\"color: #000000;\">Os alunos que lotaram o Centro de Cultura assistiram atentos \u00e0 pe\u00e7a at\u00e9 o fim, \u201ceu achei uma \u00f3tima apresenta\u00e7\u00e3o. O que eu achei mais legal nessa mensagem foi a import\u00e2ncia de conversar sobre isso na escola e com os pais, que muitas vezes evitam falar sobre isso. Adorei a pe\u00e7a porque ela nos ajuda a enxergar outros caminhos para nossa vida bem melhores que o uso de drogas\u201d, revela Jaina, estudante da Escola Municipal Irene de Andrade.<\/span><\/p>\n<p style=\"text-align: justify;\"><span style=\"color: #000000;\">Al\u00e9m das apresenta\u00e7\u00f5es teatrais, o Centro de Cultura tamb\u00e9m ser\u00e1 palco da forma\u00e7\u00e3o da turma do PROERD. \u201cTemos uma parceria estreita com a Pol\u00edcia Militar e o PROERD \u00e9 fruto de mais um projeto em conjunto. Nos preocupamos com o futuro dos nossos jovens e seguimos sempre apostando na educa\u00e7\u00e3o como o \u00fanico caminho poss\u00edvel\u201d, diz Fabr\u00edcio Faro, secret\u00e1rio de educa\u00e7\u00e3o.<\/span><\/p>\n<p style=\"text-align: justify;\"><span style=\"color: #000000;\">A semana de atividades seguir\u00e1 at\u00e9 31 de julho com a\u00e7\u00f5es nas unidades escolares, cujo tema ter\u00e1 enfoque tanto na preven\u00e7\u00e3o ao uso de drogas, quanto na promo\u00e7\u00e3o da sa\u00fade mental.<\/span><\/p>\n<p style=\"text-align: justify;\">\n<p style=\"text-align: justify;\"><span style=\"color: #000000;\"><strong>CONFIRA GALERIA DE FOTOS:<\/strong><\/span><\/p>\n<p><a href=\"http:\/\/newsinfoco.com.br\/wp-content\/uploads\/2018\/07\/28586000877_1d288fee7b_k.jpg\"><img loading=\"lazy\" decoding=\"async\" class=\"aligncenter size-full wp-image-6758\" src=\"http:\/\/newsinfoco.com.br\/wp-content\/uploads\/2018\/07\/28586000877_1d288fee7b_k.jpg\" alt=\"\" width=\"2048\" height=\"1356\" srcset=\"https:\/\/newsinfoco.com.br\/inicio\/wp-content\/uploads\/2018\/07\/28586000877_1d288fee7b_k.jpg 2048w, https:\/\/newsinfoco.com.br\/inicio\/wp-content\/uploads\/2018\/07\/28586000877_1d288fee7b_k-300x199.jpg 300w, https:\/\/newsinfoco.com.br\/inicio\/wp-content\/uploads\/2018\/07\/28586000877_1d288fee7b_k-768x509.jpg 768w, https:\/\/newsinfoco.com.br\/inicio\/wp-content\/uploads\/2018\/07\/28586000877_1d288fee7b_k-1024x678.jpg 1024w, https:\/\/newsinfoco.com.br\/inicio\/wp-content\/uploads\/2018\/07\/28586000877_1d288fee7b_k-600x397.jpg 600w, https:\/\/newsinfoco.com.br\/inicio\/wp-content\/uploads\/2018\/07\/28586000877_1d288fee7b_k-696x461.jpg 696w, https:\/\/newsinfoco.com.br\/inicio\/wp-content\/uploads\/2018\/07\/28586000877_1d288fee7b_k-1068x707.jpg 1068w, https:\/\/newsinfoco.com.br\/inicio\/wp-content\/uploads\/2018\/07\/28586000877_1d288fee7b_k-634x420.jpg 634w, https:\/\/newsinfoco.com.br\/inicio\/wp-content\/uploads\/2018\/07\/28586000877_1d288fee7b_k-1320x874.jpg 1320w\" sizes=\"auto, (max-width: 2048px) 100vw, 2048px\" \/><\/a> <a href=\"http:\/\/newsinfoco.com.br\/wp-content\/uploads\/2018\/07\/29601861098_9e01e773f2_k.jpg\"><img loading=\"lazy\" decoding=\"async\" class=\"aligncenter size-full wp-image-6759\" src=\"http:\/\/newsinfoco.com.br\/wp-content\/uploads\/2018\/07\/29601861098_9e01e773f2_k.jpg\" alt=\"\" width=\"2048\" height=\"1356\" srcset=\"https:\/\/newsinfoco.com.br\/inicio\/wp-content\/uploads\/2018\/07\/29601861098_9e01e773f2_k.jpg 2048w, https:\/\/newsinfoco.com.br\/inicio\/wp-content\/uploads\/2018\/07\/29601861098_9e01e773f2_k-300x199.jpg 300w, https:\/\/newsinfoco.com.br\/inicio\/wp-content\/uploads\/2018\/07\/29601861098_9e01e773f2_k-768x509.jpg 768w, https:\/\/newsinfoco.com.br\/inicio\/wp-content\/uploads\/2018\/07\/29601861098_9e01e773f2_k-1024x678.jpg 1024w, https:\/\/newsinfoco.com.br\/inicio\/wp-content\/uploads\/2018\/07\/29601861098_9e01e773f2_k-600x397.jpg 600w, https:\/\/newsinfoco.com.br\/inicio\/wp-content\/uploads\/2018\/07\/29601861098_9e01e773f2_k-696x461.jpg 696w, https:\/\/newsinfoco.com.br\/inicio\/wp-content\/uploads\/2018\/07\/29601861098_9e01e773f2_k-1068x707.jpg 1068w, https:\/\/newsinfoco.com.br\/inicio\/wp-content\/uploads\/2018\/07\/29601861098_9e01e773f2_k-634x420.jpg 634w, https:\/\/newsinfoco.com.br\/inicio\/wp-content\/uploads\/2018\/07\/29601861098_9e01e773f2_k-1320x874.jpg 1320w\" sizes=\"auto, (max-width: 2048px) 100vw, 2048px\" \/><\/a> <a href=\"http:\/\/newsinfoco.com.br\/wp-content\/uploads\/2018\/07\/42756278574_9005d4f542_k.jpg\"><img loading=\"lazy\" decoding=\"async\" class=\"aligncenter size-full wp-image-6760\" src=\"http:\/\/newsinfoco.com.br\/wp-content\/uploads\/2018\/07\/42756278574_9005d4f542_k.jpg\" alt=\"\" width=\"2048\" height=\"1356\" srcset=\"https:\/\/newsinfoco.com.br\/inicio\/wp-content\/uploads\/2018\/07\/42756278574_9005d4f542_k.jpg 2048w, https:\/\/newsinfoco.com.br\/inicio\/wp-content\/uploads\/2018\/07\/42756278574_9005d4f542_k-300x199.jpg 300w, https:\/\/newsinfoco.com.br\/inicio\/wp-content\/uploads\/2018\/07\/42756278574_9005d4f542_k-768x509.jpg 768w, https:\/\/newsinfoco.com.br\/inicio\/wp-content\/uploads\/2018\/07\/42756278574_9005d4f542_k-1024x678.jpg 1024w, https:\/\/newsinfoco.com.br\/inicio\/wp-content\/uploads\/2018\/07\/42756278574_9005d4f542_k-600x397.jpg 600w, https:\/\/newsinfoco.com.br\/inicio\/wp-content\/uploads\/2018\/07\/42756278574_9005d4f542_k-696x461.jpg 696w, https:\/\/newsinfoco.com.br\/inicio\/wp-content\/uploads\/2018\/07\/42756278574_9005d4f542_k-1068x707.jpg 1068w, https:\/\/newsinfoco.com.br\/inicio\/wp-content\/uploads\/2018\/07\/42756278574_9005d4f542_k-634x420.jpg 634w, https:\/\/newsinfoco.com.br\/inicio\/wp-content\/uploads\/2018\/07\/42756278574_9005d4f542_k-1320x874.jpg 1320w\" sizes=\"auto, (max-width: 2048px) 100vw, 2048px\" \/><\/a> <a href=\"http:\/\/newsinfoco.com.br\/wp-content\/uploads\/2018\/07\/42756307644_675b6e32e8_k.jpg\"><img loading=\"lazy\" decoding=\"async\" class=\"aligncenter size-full wp-image-6761\" src=\"http:\/\/newsinfoco.com.br\/wp-content\/uploads\/2018\/07\/42756307644_675b6e32e8_k.jpg\" alt=\"\" width=\"2048\" height=\"1356\" srcset=\"https:\/\/newsinfoco.com.br\/inicio\/wp-content\/uploads\/2018\/07\/42756307644_675b6e32e8_k.jpg 2048w, https:\/\/newsinfoco.com.br\/inicio\/wp-content\/uploads\/2018\/07\/42756307644_675b6e32e8_k-300x199.jpg 300w, https:\/\/newsinfoco.com.br\/inicio\/wp-content\/uploads\/2018\/07\/42756307644_675b6e32e8_k-768x509.jpg 768w, https:\/\/newsinfoco.com.br\/inicio\/wp-content\/uploads\/2018\/07\/42756307644_675b6e32e8_k-1024x678.jpg 1024w, https:\/\/newsinfoco.com.br\/inicio\/wp-content\/uploads\/2018\/07\/42756307644_675b6e32e8_k-600x397.jpg 600w, https:\/\/newsinfoco.com.br\/inicio\/wp-content\/uploads\/2018\/07\/42756307644_675b6e32e8_k-696x461.jpg 696w, https:\/\/newsinfoco.com.br\/inicio\/wp-content\/uploads\/2018\/07\/42756307644_675b6e32e8_k-1068x707.jpg 1068w, https:\/\/newsinfoco.com.br\/inicio\/wp-content\/uploads\/2018\/07\/42756307644_675b6e32e8_k-634x420.jpg 634w, https:\/\/newsinfoco.com.br\/inicio\/wp-content\/uploads\/2018\/07\/42756307644_675b6e32e8_k-1320x874.jpg 1320w\" sizes=\"auto, (max-width: 2048px) 100vw, 2048px\" \/><\/a> <a href=\"http:\/\/newsinfoco.com.br\/wp-content\/uploads\/2018\/07\/42756311334_32d7c53ac1_k.jpg\"><img loading=\"lazy\" decoding=\"async\" class=\"aligncenter size-full wp-image-6762\" src=\"http:\/\/newsinfoco.com.br\/wp-content\/uploads\/2018\/07\/42756311334_32d7c53ac1_k.jpg\" alt=\"\" width=\"2048\" height=\"1356\" srcset=\"https:\/\/newsinfoco.com.br\/inicio\/wp-content\/uploads\/2018\/07\/42756311334_32d7c53ac1_k.jpg 2048w, https:\/\/newsinfoco.com.br\/inicio\/wp-content\/uploads\/2018\/07\/42756311334_32d7c53ac1_k-300x199.jpg 300w, https:\/\/newsinfoco.com.br\/inicio\/wp-content\/uploads\/2018\/07\/42756311334_32d7c53ac1_k-768x509.jpg 768w, https:\/\/newsinfoco.com.br\/inicio\/wp-content\/uploads\/2018\/07\/42756311334_32d7c53ac1_k-1024x678.jpg 1024w, https:\/\/newsinfoco.com.br\/inicio\/wp-content\/uploads\/2018\/07\/42756311334_32d7c53ac1_k-600x397.jpg 600w, https:\/\/newsinfoco.com.br\/inicio\/wp-content\/uploads\/2018\/07\/42756311334_32d7c53ac1_k-696x461.jpg 696w, https:\/\/newsinfoco.com.br\/inicio\/wp-content\/uploads\/2018\/07\/42756311334_32d7c53ac1_k-1068x707.jpg 1068w, https:\/\/newsinfoco.com.br\/inicio\/wp-content\/uploads\/2018\/07\/42756311334_32d7c53ac1_k-634x420.jpg 634w, https:\/\/newsinfoco.com.br\/inicio\/wp-content\/uploads\/2018\/07\/42756311334_32d7c53ac1_k-1320x874.jpg 1320w\" sizes=\"auto, (max-width: 2048px) 100vw, 2048px\" \/><\/a> <a href=\"http:\/\/newsinfoco.com.br\/wp-content\/uploads\/2018\/07\/43472649421_875206fb6d_k.jpg\"><img loading=\"lazy\" decoding=\"async\" class=\"size-full wp-image-6763 alignright\" src=\"http:\/\/newsinfoco.com.br\/wp-content\/uploads\/2018\/07\/43472649421_875206fb6d_k.jpg\" alt=\"\" width=\"2048\" height=\"1356\" srcset=\"https:\/\/newsinfoco.com.br\/inicio\/wp-content\/uploads\/2018\/07\/43472649421_875206fb6d_k.jpg 2048w, https:\/\/newsinfoco.com.br\/inicio\/wp-content\/uploads\/2018\/07\/43472649421_875206fb6d_k-300x199.jpg 300w, https:\/\/newsinfoco.com.br\/inicio\/wp-content\/uploads\/2018\/07\/43472649421_875206fb6d_k-768x509.jpg 768w, https:\/\/newsinfoco.com.br\/inicio\/wp-content\/uploads\/2018\/07\/43472649421_875206fb6d_k-1024x678.jpg 1024w, https:\/\/newsinfoco.com.br\/inicio\/wp-content\/uploads\/2018\/07\/43472649421_875206fb6d_k-600x397.jpg 600w, https:\/\/newsinfoco.com.br\/inicio\/wp-content\/uploads\/2018\/07\/43472649421_875206fb6d_k-696x461.jpg 696w, https:\/\/newsinfoco.com.br\/inicio\/wp-content\/uploads\/2018\/07\/43472649421_875206fb6d_k-1068x707.jpg 1068w, https:\/\/newsinfoco.com.br\/inicio\/wp-content\/uploads\/2018\/07\/43472649421_875206fb6d_k-634x420.jpg 634w, https:\/\/newsinfoco.com.br\/inicio\/wp-content\/uploads\/2018\/07\/43472649421_875206fb6d_k-1320x874.jpg 1320w\" sizes=\"auto, (max-width: 2048px) 100vw, 2048px\" \/><\/a><\/p>\n<p>&nbsp;<\/p>\n<p>&nbsp;<\/p>\n<p>&nbsp;<\/p>\n<p>&nbsp;<\/p>\n<p>&nbsp;<\/p>\n<p>&nbsp;<\/p>\n<p>&nbsp;<\/p>\n<p>&nbsp;<\/p>\n<p>&nbsp;<\/p>\n<p>&nbsp;<\/p>\n<h6 style=\"text-align: right;\"><span style=\"color: #999999;\">Fonte: SECOM SEDUC<\/span><\/h6>\n<div class='share-to-whatsapp-wrapper'><div class='share-on-whsp'>Share on: <\/div><a data-text='I Semana Municipal de Preven\u00e7\u00e3o \u00e0s Drogas de Alagoinhas recebe estreia do espet\u00e1culo \u2018Labirinto\u2019, no Centro de Cultura' data-link='https:\/\/newsinfoco.com.br\/inicio\/i-semana-municipal-de-prevencao-as-drogas-de-alagoinhas-recebe-estreia-do-espetaculo-labirinto-no-centro-de-cultura\/' class='whatsapp-button whatsapp-share'>WhatsApp<\/a><div class='clear '><\/div><\/div>","protected":false},"excerpt":{"rendered":"<p>A arte \u00e9 uma das maiores ferramentas para a educa\u00e7\u00e3o, socializa\u00e7\u00e3o e ressocializa\u00e7\u00e3o, por isto, a Prefeitura de Alagoinhas inaugura a I Semana Municipal de Preven\u00e7\u00e3o, Conscientiza\u00e7\u00e3o e Combate ao Uso de Drogas na Inf\u00e2ncia e na Adolesc\u00eancia trazendo para o Centro de Cultura a estreia do espet\u00e1culo \u201cLabirinto\u201d, desenvolvido pelo Grupo de Teatro da [&hellip;]<\/p>\n","protected":false},"author":1,"featured_media":6763,"comment_status":"open","ping_status":"open","sticky":false,"template":"","format":"standard","meta":{"om_disable_all_campaigns":false,"_exactmetrics_skip_tracking":false,"_exactmetrics_sitenote_active":false,"_exactmetrics_sitenote_note":"","_exactmetrics_sitenote_category":0,"footnotes":""},"categories":[38,30],"tags":[53,54,107],"class_list":["post-6757","post","type-post","status-publish","format-standard","has-post-thumbnail","hentry","category-alagoinhas-e-regiao","category-destaque","tag-alagoinhas","tag-prefeitura","tag-secom-seduc"],"aioseo_notices":[],"_links":{"self":[{"href":"https:\/\/newsinfoco.com.br\/inicio\/wp-json\/wp\/v2\/posts\/6757","targetHints":{"allow":["GET"]}}],"collection":[{"href":"https:\/\/newsinfoco.com.br\/inicio\/wp-json\/wp\/v2\/posts"}],"about":[{"href":"https:\/\/newsinfoco.com.br\/inicio\/wp-json\/wp\/v2\/types\/post"}],"author":[{"embeddable":true,"href":"https:\/\/newsinfoco.com.br\/inicio\/wp-json\/wp\/v2\/users\/1"}],"replies":[{"embeddable":true,"href":"https:\/\/newsinfoco.com.br\/inicio\/wp-json\/wp\/v2\/comments?post=6757"}],"version-history":[{"count":0,"href":"https:\/\/newsinfoco.com.br\/inicio\/wp-json\/wp\/v2\/posts\/6757\/revisions"}],"wp:featuredmedia":[{"embeddable":true,"href":"https:\/\/newsinfoco.com.br\/inicio\/wp-json\/wp\/v2\/media\/6763"}],"wp:attachment":[{"href":"https:\/\/newsinfoco.com.br\/inicio\/wp-json\/wp\/v2\/media?parent=6757"}],"wp:term":[{"taxonomy":"category","embeddable":true,"href":"https:\/\/newsinfoco.com.br\/inicio\/wp-json\/wp\/v2\/categories?post=6757"},{"taxonomy":"post_tag","embeddable":true,"href":"https:\/\/newsinfoco.com.br\/inicio\/wp-json\/wp\/v2\/tags?post=6757"}],"curies":[{"name":"wp","href":"https:\/\/api.w.org\/{rel}","templated":true}]}}