{"id":6923,"date":"2018-07-20T15:38:46","date_gmt":"2018-07-20T18:38:46","guid":{"rendered":"http:\/\/newsinfoco.com.br\/?p=6923"},"modified":"2018-07-20T15:38:46","modified_gmt":"2018-07-20T18:38:46","slug":"promocao-de-comportamentos-empreendedores-na-gestao-publica-municipal-workshop-interno-do-programa-cidade-empreendedora-reune-representantes-das-pastas-municipais-na-sedea","status":"publish","type":"post","link":"https:\/\/newsinfoco.com.br\/inicio\/promocao-de-comportamentos-empreendedores-na-gestao-publica-municipal-workshop-interno-do-programa-cidade-empreendedora-reune-representantes-das-pastas-municipais-na-sedea\/","title":{"rendered":"Promo\u00e7\u00e3o de comportamentos empreendedores na gest\u00e3o p\u00fablica municipal: Workshop interno do programa Cidade Empreendedora re\u00fane representantes das pastas municipais na SEDEA"},"content":{"rendered":"<p style=\"text-align: justify;\"><span style=\"color: #000000;\">Com a assinatura do termo de ades\u00e3o ao programa \u201cCidade Empreendedora\u201d, do SEBRAE, pelo prefeito Joaquim Neto, no \u00faltimo dia 12, a Secretaria Municipal de Desenvolvimento e Meio Ambiente (SEDEA) promoveu, nesta sexta-feira (20), mais uma iniciativa para criar, no munic\u00edpio, um ambiente favor\u00e1vel ao desenvolvimento de neg\u00f3cios na regi\u00e3o. \u00c9 que a pasta reuniu representantes das secretarias municipais, membros do governo e integrantes da equipe t\u00e9cnica do SEBRAE para um Workshop interno.<\/span><\/p>\n<p style=\"text-align: justify;\"><span style=\"color: #000000;\">A medida teve como objetivo principal apresentar os eixos de atua\u00e7\u00e3o do programa, promover o debate sobre as implementa\u00e7\u00f5es, capacitar os representantes e come\u00e7ar a definir os grupos de trabalho que formar\u00e3o o Comit\u00ea Gestor do munic\u00edpio.<\/span><\/p><div class=\"newsi-conteudo_19\" id=\"newsi-3716235857\"><a href=\"https:\/\/www.instagram.com\/prefeituraalagoinhas?igsh=YzgzdDJ1bWR3aWI4\" aria-label=\"SAVE_20251006_221555\"><img loading=\"lazy\" decoding=\"async\" src=\"https:\/\/newsinfoco.com.br\/inicio\/wp-content\/uploads\/2025\/10\/SAVE_20251006_221555-rotated.jpg\" alt=\"\"  srcset=\"https:\/\/newsinfoco.com.br\/inicio\/wp-content\/uploads\/2025\/10\/SAVE_20251006_221555-rotated.jpg 1140w, https:\/\/newsinfoco.com.br\/inicio\/wp-content\/uploads\/2025\/10\/SAVE_20251006_221555-300x52.jpg 300w, https:\/\/newsinfoco.com.br\/inicio\/wp-content\/uploads\/2025\/10\/SAVE_20251006_221555-1024x177.jpg 1024w, https:\/\/newsinfoco.com.br\/inicio\/wp-content\/uploads\/2025\/10\/SAVE_20251006_221555-768x133.jpg 768w, https:\/\/newsinfoco.com.br\/inicio\/wp-content\/uploads\/2025\/10\/SAVE_20251006_221555-600x104.jpg 600w, https:\/\/newsinfoco.com.br\/inicio\/wp-content\/uploads\/2025\/10\/SAVE_20251006_221555-696x120.jpg 696w, https:\/\/newsinfoco.com.br\/inicio\/wp-content\/uploads\/2025\/10\/SAVE_20251006_221555-1068x185.jpg 1068w\" sizes=\"(max-width: 1140px) 100vw, 1140px\" width=\"1140\" height=\"197\"   \/><\/a><\/div>\n<p style=\"text-align: justify;\"><span style=\"color: #000000;\">Quem liderou o bate-papo\u00a0na manh\u00e3 desta sexta-feira foi o analista Jo\u00e3o Paulo Lima, do SEBRAE de Salvador, que enfatizou\u00a0a necessidade de se pensar coletivamente durante o desenvolvimento do programa. \u201cO melhor da sua cidade tem que ser viver na sua cidade. O que precisamos discutir aqui com os eixos e as proposi\u00e7\u00f5es \u00e9 como fazer o melhor para si e tamb\u00e9m para o grupo, como motivar, gerar emprego e renda e transformar investimento em qualidade de vida\u201d, ressaltou.<\/span><\/p>\n<p style=\"text-align: justify;\"><span style=\"color: #000000;\">As lideran\u00e7as locais\u00a0que participam da iniciativa\u00a0dever\u00e3o atuar em 5 pontos fundamentais: educa\u00e7\u00e3o empreendedora, gest\u00e3o municipal, desburocratiza\u00e7\u00e3o, compras p\u00fablicas e energia.<\/span><\/p>\n<p style=\"text-align: justify;\"><span style=\"color: #000000;\">A inten\u00e7\u00e3o \u00e9 que o \u201cCidade Empreendedora\u201d possibilite encaminhamentos de ordem pr\u00e1tica, facilitando as opera\u00e7\u00f5es por parte de quem tem interesse em come\u00e7ar o pr\u00f3prio neg\u00f3cio ou expandir a produtividade.<\/span><\/p>\n<p style=\"text-align: justify;\"><span style=\"color: #000000;\">De acordo com o secret\u00e1rio de Desenvolvimento e Meio Ambiente, Jos\u00e9 Ed\u00e9sio Cardoso, \u00e9 mais uma a\u00e7\u00e3o que reflete o cuidado da gest\u00e3o em contribuir com ferramentas eficientes e profissionais capacitados para o desenvolvimento da cidade. \u201cTemos nos preocupado com o fomento \u00e0s iniciativas. Alagoinhas foi escolhida como um dos 40, entre os 417 munic\u00edpios do estado, para receber o programa. Isso j\u00e1 demonstra a import\u00e2ncia e o potencial econ\u00f4mico da nossa regi\u00e3o. Vamos trabalhar para conseguir ainda mais resultados positivos\u201d, afirmou.<\/span><\/p>\n<p style=\"text-align: justify;\"><span style=\"color: #000000;\">Ainda como parte do programa, a SEDEA deve reunir, no dia 24 de julho, os secret\u00e1rios municipais para uma a\u00e7\u00e3o de diagn\u00f3stico e, em seguida, no dia 25, promove mais um workshop interno sobre a sala do empreendedor, que deve ser criada para concentrar as demandas e desburocratizar o processo, impulsionando a\u00e7\u00f5es de desenvolvimento na cidade.<\/span><\/p>\n<p><a href=\"http:\/\/newsinfoco.com.br\/wp-content\/uploads\/2018\/07\/29658332368_67ed6535a3_k.jpg\"><img loading=\"lazy\" decoding=\"async\" class=\"alignnone size-medium wp-image-6924\" src=\"http:\/\/newsinfoco.com.br\/wp-content\/uploads\/2018\/07\/29658332368_67ed6535a3_k-300x199.jpg\" alt=\"\" width=\"300\" height=\"199\" srcset=\"https:\/\/newsinfoco.com.br\/inicio\/wp-content\/uploads\/2018\/07\/29658332368_67ed6535a3_k-300x199.jpg 300w, https:\/\/newsinfoco.com.br\/inicio\/wp-content\/uploads\/2018\/07\/29658332368_67ed6535a3_k-768x509.jpg 768w, https:\/\/newsinfoco.com.br\/inicio\/wp-content\/uploads\/2018\/07\/29658332368_67ed6535a3_k-1024x678.jpg 1024w, https:\/\/newsinfoco.com.br\/inicio\/wp-content\/uploads\/2018\/07\/29658332368_67ed6535a3_k-600x397.jpg 600w, https:\/\/newsinfoco.com.br\/inicio\/wp-content\/uploads\/2018\/07\/29658332368_67ed6535a3_k-696x461.jpg 696w, https:\/\/newsinfoco.com.br\/inicio\/wp-content\/uploads\/2018\/07\/29658332368_67ed6535a3_k-1068x707.jpg 1068w, https:\/\/newsinfoco.com.br\/inicio\/wp-content\/uploads\/2018\/07\/29658332368_67ed6535a3_k-634x420.jpg 634w, https:\/\/newsinfoco.com.br\/inicio\/wp-content\/uploads\/2018\/07\/29658332368_67ed6535a3_k-1320x874.jpg 1320w, https:\/\/newsinfoco.com.br\/inicio\/wp-content\/uploads\/2018\/07\/29658332368_67ed6535a3_k.jpg 2048w\" sizes=\"auto, (max-width: 300px) 100vw, 300px\" \/><\/a> <a href=\"http:\/\/newsinfoco.com.br\/wp-content\/uploads\/2018\/07\/42625055385_e8c330f0db_k.jpg\"><img loading=\"lazy\" decoding=\"async\" class=\"alignnone size-medium wp-image-6925\" src=\"http:\/\/newsinfoco.com.br\/wp-content\/uploads\/2018\/07\/42625055385_e8c330f0db_k-300x199.jpg\" alt=\"\" width=\"300\" height=\"199\" srcset=\"https:\/\/newsinfoco.com.br\/inicio\/wp-content\/uploads\/2018\/07\/42625055385_e8c330f0db_k-300x199.jpg 300w, https:\/\/newsinfoco.com.br\/inicio\/wp-content\/uploads\/2018\/07\/42625055385_e8c330f0db_k-768x509.jpg 768w, https:\/\/newsinfoco.com.br\/inicio\/wp-content\/uploads\/2018\/07\/42625055385_e8c330f0db_k-1024x678.jpg 1024w, https:\/\/newsinfoco.com.br\/inicio\/wp-content\/uploads\/2018\/07\/42625055385_e8c330f0db_k-600x397.jpg 600w, https:\/\/newsinfoco.com.br\/inicio\/wp-content\/uploads\/2018\/07\/42625055385_e8c330f0db_k-696x461.jpg 696w, https:\/\/newsinfoco.com.br\/inicio\/wp-content\/uploads\/2018\/07\/42625055385_e8c330f0db_k-1068x707.jpg 1068w, https:\/\/newsinfoco.com.br\/inicio\/wp-content\/uploads\/2018\/07\/42625055385_e8c330f0db_k-634x420.jpg 634w, https:\/\/newsinfoco.com.br\/inicio\/wp-content\/uploads\/2018\/07\/42625055385_e8c330f0db_k-1320x874.jpg 1320w, https:\/\/newsinfoco.com.br\/inicio\/wp-content\/uploads\/2018\/07\/42625055385_e8c330f0db_k.jpg 2048w\" sizes=\"auto, (max-width: 300px) 100vw, 300px\" \/><\/a> <a href=\"http:\/\/newsinfoco.com.br\/wp-content\/uploads\/2018\/07\/43529980091_e6296b81eb_k.jpg\"><img loading=\"lazy\" decoding=\"async\" class=\"alignnone size-medium wp-image-6926\" src=\"http:\/\/newsinfoco.com.br\/wp-content\/uploads\/2018\/07\/43529980091_e6296b81eb_k-300x199.jpg\" alt=\"\" width=\"300\" height=\"199\" srcset=\"https:\/\/newsinfoco.com.br\/inicio\/wp-content\/uploads\/2018\/07\/43529980091_e6296b81eb_k-300x199.jpg 300w, https:\/\/newsinfoco.com.br\/inicio\/wp-content\/uploads\/2018\/07\/43529980091_e6296b81eb_k-768x509.jpg 768w, https:\/\/newsinfoco.com.br\/inicio\/wp-content\/uploads\/2018\/07\/43529980091_e6296b81eb_k-1024x678.jpg 1024w, https:\/\/newsinfoco.com.br\/inicio\/wp-content\/uploads\/2018\/07\/43529980091_e6296b81eb_k-600x397.jpg 600w, https:\/\/newsinfoco.com.br\/inicio\/wp-content\/uploads\/2018\/07\/43529980091_e6296b81eb_k-696x461.jpg 696w, https:\/\/newsinfoco.com.br\/inicio\/wp-content\/uploads\/2018\/07\/43529980091_e6296b81eb_k-1068x707.jpg 1068w, https:\/\/newsinfoco.com.br\/inicio\/wp-content\/uploads\/2018\/07\/43529980091_e6296b81eb_k-634x420.jpg 634w, https:\/\/newsinfoco.com.br\/inicio\/wp-content\/uploads\/2018\/07\/43529980091_e6296b81eb_k-1320x874.jpg 1320w, https:\/\/newsinfoco.com.br\/inicio\/wp-content\/uploads\/2018\/07\/43529980091_e6296b81eb_k.jpg 2048w\" sizes=\"auto, (max-width: 300px) 100vw, 300px\" \/><\/a> <a href=\"http:\/\/newsinfoco.com.br\/wp-content\/uploads\/2018\/07\/43530001281_d839599358_k.jpg\"><img loading=\"lazy\" decoding=\"async\" class=\"alignnone size-medium wp-image-6927\" src=\"http:\/\/newsinfoco.com.br\/wp-content\/uploads\/2018\/07\/43530001281_d839599358_k-300x199.jpg\" alt=\"\" width=\"300\" height=\"199\" srcset=\"https:\/\/newsinfoco.com.br\/inicio\/wp-content\/uploads\/2018\/07\/43530001281_d839599358_k-300x199.jpg 300w, https:\/\/newsinfoco.com.br\/inicio\/wp-content\/uploads\/2018\/07\/43530001281_d839599358_k-768x509.jpg 768w, https:\/\/newsinfoco.com.br\/inicio\/wp-content\/uploads\/2018\/07\/43530001281_d839599358_k-1024x678.jpg 1024w, https:\/\/newsinfoco.com.br\/inicio\/wp-content\/uploads\/2018\/07\/43530001281_d839599358_k-600x397.jpg 600w, https:\/\/newsinfoco.com.br\/inicio\/wp-content\/uploads\/2018\/07\/43530001281_d839599358_k-696x461.jpg 696w, https:\/\/newsinfoco.com.br\/inicio\/wp-content\/uploads\/2018\/07\/43530001281_d839599358_k-1068x707.jpg 1068w, https:\/\/newsinfoco.com.br\/inicio\/wp-content\/uploads\/2018\/07\/43530001281_d839599358_k-634x420.jpg 634w, https:\/\/newsinfoco.com.br\/inicio\/wp-content\/uploads\/2018\/07\/43530001281_d839599358_k-1320x874.jpg 1320w, https:\/\/newsinfoco.com.br\/inicio\/wp-content\/uploads\/2018\/07\/43530001281_d839599358_k.jpg 2048w\" sizes=\"auto, (max-width: 300px) 100vw, 300px\" \/><\/a><\/p>\n<h6 style=\"text-align: right;\"><span style=\"color: #999999;\">Fonte: SECOM SEDEA<\/span><\/h6>\n<div class='share-to-whatsapp-wrapper'><div class='share-on-whsp'>Share on: <\/div><a data-text='Promo\u00e7\u00e3o de comportamentos empreendedores na gest\u00e3o p\u00fablica municipal: Workshop interno do programa Cidade Empreendedora re\u00fane representantes das pastas municipais na SEDEA' data-link='https:\/\/newsinfoco.com.br\/inicio\/promocao-de-comportamentos-empreendedores-na-gestao-publica-municipal-workshop-interno-do-programa-cidade-empreendedora-reune-representantes-das-pastas-municipais-na-sedea\/' class='whatsapp-button whatsapp-share'>WhatsApp<\/a><div class='clear '><\/div><\/div>","protected":false},"excerpt":{"rendered":"<p>Com a assinatura do termo de ades\u00e3o ao programa \u201cCidade Empreendedora\u201d, do SEBRAE, pelo prefeito Joaquim Neto, no \u00faltimo dia 12, a Secretaria Municipal de Desenvolvimento e Meio Ambiente (SEDEA) promoveu, nesta sexta-feira (20), mais uma iniciativa para criar, no munic\u00edpio, um ambiente favor\u00e1vel ao desenvolvimento de neg\u00f3cios na regi\u00e3o. \u00c9 que a pasta reuniu [&hellip;]<\/p>\n","protected":false},"author":1,"featured_media":6926,"comment_status":"open","ping_status":"open","sticky":false,"template":"","format":"standard","meta":{"om_disable_all_campaigns":false,"_exactmetrics_skip_tracking":false,"_exactmetrics_sitenote_active":false,"_exactmetrics_sitenote_note":"","_exactmetrics_sitenote_category":0,"footnotes":""},"categories":[38,30],"tags":[53,54,138],"class_list":["post-6923","post","type-post","status-publish","format-standard","has-post-thumbnail","hentry","category-alagoinhas-e-regiao","category-destaque","tag-alagoinhas","tag-prefeitura","tag-seco-sedea"],"aioseo_notices":[],"_links":{"self":[{"href":"https:\/\/newsinfoco.com.br\/inicio\/wp-json\/wp\/v2\/posts\/6923","targetHints":{"allow":["GET"]}}],"collection":[{"href":"https:\/\/newsinfoco.com.br\/inicio\/wp-json\/wp\/v2\/posts"}],"about":[{"href":"https:\/\/newsinfoco.com.br\/inicio\/wp-json\/wp\/v2\/types\/post"}],"author":[{"embeddable":true,"href":"https:\/\/newsinfoco.com.br\/inicio\/wp-json\/wp\/v2\/users\/1"}],"replies":[{"embeddable":true,"href":"https:\/\/newsinfoco.com.br\/inicio\/wp-json\/wp\/v2\/comments?post=6923"}],"version-history":[{"count":0,"href":"https:\/\/newsinfoco.com.br\/inicio\/wp-json\/wp\/v2\/posts\/6923\/revisions"}],"wp:featuredmedia":[{"embeddable":true,"href":"https:\/\/newsinfoco.com.br\/inicio\/wp-json\/wp\/v2\/media\/6926"}],"wp:attachment":[{"href":"https:\/\/newsinfoco.com.br\/inicio\/wp-json\/wp\/v2\/media?parent=6923"}],"wp:term":[{"taxonomy":"category","embeddable":true,"href":"https:\/\/newsinfoco.com.br\/inicio\/wp-json\/wp\/v2\/categories?post=6923"},{"taxonomy":"post_tag","embeddable":true,"href":"https:\/\/newsinfoco.com.br\/inicio\/wp-json\/wp\/v2\/tags?post=6923"}],"curies":[{"name":"wp","href":"https:\/\/api.w.org\/{rel}","templated":true}]}}