{"id":6929,"date":"2018-07-20T15:44:25","date_gmt":"2018-07-20T18:44:25","guid":{"rendered":"http:\/\/newsinfoco.com.br\/?p=6929"},"modified":"2018-07-20T15:44:25","modified_gmt":"2018-07-20T18:44:25","slug":"secretaria-de-desenvolvimento-e-meio-ambiente-promove-atividades-de-qualificacao-profissional-e-fomenta-o-empreendedorismo","status":"publish","type":"post","link":"https:\/\/newsinfoco.com.br\/inicio\/secretaria-de-desenvolvimento-e-meio-ambiente-promove-atividades-de-qualificacao-profissional-e-fomenta-o-empreendedorismo\/","title":{"rendered":"Secretaria de Desenvolvimento e Meio Ambiente promove atividades de qualifica\u00e7\u00e3o profissional e fomenta o empreendedorismo"},"content":{"rendered":"<p style=\"text-align: justify;\"><span style=\"color: #000000;\">Com atividades ministradas semanalmente durante todo o m\u00eas, a Prefeitura de Alagoinhas, atrav\u00e9s da Secretaria Municipal de Desenvolvimento e Meio Ambiente (SEDEA), tem apostado nas capacita\u00e7\u00f5es do programa PREPARE-SE para qualificar profissionais e incentivar o surgimento de novos neg\u00f3cios.<\/span><\/p>\n<p style=\"text-align: justify;\"><span style=\"color: #000000;\">O objetivo da a\u00e7\u00e3o, segundo a SEDEA, \u00e9 promover o interc\u00e2mbio de experi\u00eancias e compartilhar o aprendizado com foco no empreendedorismo.<\/span><\/p><div class=\"newsi-conteudo_19\" id=\"newsi-2430348098\"><a href=\"https:\/\/www.instagram.com\/prefeituraalagoinhas?igsh=YzgzdDJ1bWR3aWI4\" aria-label=\"SAVE_20251006_221555\"><img loading=\"lazy\" decoding=\"async\" src=\"https:\/\/newsinfoco.com.br\/inicio\/wp-content\/uploads\/2025\/10\/SAVE_20251006_221555-rotated.jpg\" alt=\"\"  srcset=\"https:\/\/newsinfoco.com.br\/inicio\/wp-content\/uploads\/2025\/10\/SAVE_20251006_221555-rotated.jpg 1140w, https:\/\/newsinfoco.com.br\/inicio\/wp-content\/uploads\/2025\/10\/SAVE_20251006_221555-300x52.jpg 300w, https:\/\/newsinfoco.com.br\/inicio\/wp-content\/uploads\/2025\/10\/SAVE_20251006_221555-1024x177.jpg 1024w, https:\/\/newsinfoco.com.br\/inicio\/wp-content\/uploads\/2025\/10\/SAVE_20251006_221555-768x133.jpg 768w, https:\/\/newsinfoco.com.br\/inicio\/wp-content\/uploads\/2025\/10\/SAVE_20251006_221555-600x104.jpg 600w, https:\/\/newsinfoco.com.br\/inicio\/wp-content\/uploads\/2025\/10\/SAVE_20251006_221555-696x120.jpg 696w, https:\/\/newsinfoco.com.br\/inicio\/wp-content\/uploads\/2025\/10\/SAVE_20251006_221555-1068x185.jpg 1068w\" sizes=\"(max-width: 1140px) 100vw, 1140px\" width=\"1140\" height=\"197\"   \/><\/a><\/div>\n<p style=\"text-align: justify;\"><span style=\"color: #000000;\">Em julho, a secretaria j\u00e1 ofereceu oficinas gratuitas de reda\u00e7\u00e3o, design de sobrancelhas e automaquiagem. Na pr\u00f3xima semana, a facilitadora Ma\u00edra Silva, esteticista, volta \u00e0 sede da SEDEA para falar sobre t\u00e9cnicas de epila\u00e7\u00e3o e para explicar os procedimentos com pin\u00e7a e linha em mais uma oficina de design de sobrancelhas.<\/span><br \/>\n<span style=\"color: #000000;\">Ela \u00e9 uma das facilitadoras que se voluntariam a compartilhar as experi\u00eancias e contribuir para a amplia\u00e7\u00e3o do conhecimento, assim como a maquiadora Susana D\u00f3ria, que reuniu 34 pessoas em uma grande aula que contou inclusive com a presen\u00e7a da vice-prefeita e secret\u00e1ria de cultura Iraci Gama.<\/span><\/p>\n<p style=\"text-align: justify;\"><span style=\"color: #000000;\">Mas as atividades n\u00e3o se restringem a uma \u00e1rea espec\u00edfica. Nos dias 10, 11, 17 e 18 deste m\u00eas, F\u00e1bio Fernandes, graduado em Letras pela Universidade do Estado da Bahia (UNEB) e p\u00f3s-graduado em Leitura, Literatura e Pr\u00e1ticas Pedag\u00f3gicas pela Faculdade Sant\u00edssimo Sacramento, esteve na sede da secretaria de desenvolvimento para ministrar um mini curso de reda\u00e7\u00e3o a 18 participantes e, no dia 24 de julho, encerrando as atividades do m\u00eas, a SEDEA promove um curso gratuito de atendimento ao p\u00fablico.<\/span><\/p>\n<p style=\"text-align: justify;\"><span style=\"color: #000000;\">Para o secret\u00e1rio da pasta, Jos\u00e9 Ed\u00e9sio Cardoso, as atividades de qualifica\u00e7\u00e3o proporcionam, al\u00e9m do aprendizado, novas possibilidades. \u201c\u00c9 importante para o munic\u00edpio criar possibilidades que n\u00e3o dependam exclusivamente da carteira de trabalho, dado o cen\u00e1rio econ\u00f4mico do pa\u00eds\u201d, pontuou.<\/span><\/p>\n<p style=\"text-align: justify;\"><span style=\"color: #000000;\">Qualquer pessoa acima de 16 anos pode participar das atividades. Para fazer a inscri\u00e7\u00e3o, \u00e9 necess\u00e1rio apresentar documento de identidade e comprovante de resid\u00eancia na pr\u00f3pria secretaria, que fica na Rua Soror Joana Ang\u00e9lica, acima do pr\u00e9dio da L\u00e2mpada, centro de Alagoinhas.<\/span><\/p>\n<p><img decoding=\"async\" src=\"https:\/\/www.alagoinhas.ba.gov.br\/wp-content\/uploads\/2018\/07\/SEDEA1.png\" \/><\/p>\n<p><img decoding=\"async\" src=\"https:\/\/www.alagoinhas.ba.gov.br\/wp-content\/uploads\/2018\/07\/SEDEA2.png\" \/><\/p>\n<p><img decoding=\"async\" src=\"https:\/\/www.alagoinhas.ba.gov.br\/wp-content\/uploads\/2018\/07\/SEDEA3.png\" \/><\/p>\n<p><img decoding=\"async\" src=\"https:\/\/www.alagoinhas.ba.gov.br\/wp-content\/uploads\/2018\/07\/SEDEA4.png\" \/><\/p>\n<h6 style=\"text-align: right;\"><span style=\"color: #999999;\">Fonte: SECOM SEDEA<\/span><\/h6>\n<div class='share-to-whatsapp-wrapper'><div class='share-on-whsp'>Share on: <\/div><a data-text='Secretaria de Desenvolvimento e Meio Ambiente promove atividades de qualifica\u00e7\u00e3o profissional e fomenta o empreendedorismo' data-link='https:\/\/newsinfoco.com.br\/inicio\/secretaria-de-desenvolvimento-e-meio-ambiente-promove-atividades-de-qualificacao-profissional-e-fomenta-o-empreendedorismo\/' class='whatsapp-button whatsapp-share'>WhatsApp<\/a><div class='clear '><\/div><\/div>","protected":false},"excerpt":{"rendered":"<p>Com atividades ministradas semanalmente durante todo o m\u00eas, a Prefeitura de Alagoinhas, atrav\u00e9s da Secretaria Municipal de Desenvolvimento e Meio Ambiente (SEDEA), tem apostado nas capacita\u00e7\u00f5es do programa PREPARE-SE para qualificar profissionais e incentivar o surgimento de novos neg\u00f3cios. O objetivo da a\u00e7\u00e3o, segundo a SEDEA, \u00e9 promover o interc\u00e2mbio de experi\u00eancias e compartilhar o [&hellip;]<\/p>\n","protected":false},"author":1,"featured_media":6930,"comment_status":"open","ping_status":"open","sticky":false,"template":"","format":"standard","meta":{"om_disable_all_campaigns":false,"_exactmetrics_skip_tracking":false,"_exactmetrics_sitenote_active":false,"_exactmetrics_sitenote_note":"","_exactmetrics_sitenote_category":0,"footnotes":""},"categories":[38,30],"tags":[53,54,130],"class_list":["post-6929","post","type-post","status-publish","format-standard","has-post-thumbnail","hentry","category-alagoinhas-e-regiao","category-destaque","tag-alagoinhas","tag-prefeitura","tag-secom-sedea"],"aioseo_notices":[],"_links":{"self":[{"href":"https:\/\/newsinfoco.com.br\/inicio\/wp-json\/wp\/v2\/posts\/6929","targetHints":{"allow":["GET"]}}],"collection":[{"href":"https:\/\/newsinfoco.com.br\/inicio\/wp-json\/wp\/v2\/posts"}],"about":[{"href":"https:\/\/newsinfoco.com.br\/inicio\/wp-json\/wp\/v2\/types\/post"}],"author":[{"embeddable":true,"href":"https:\/\/newsinfoco.com.br\/inicio\/wp-json\/wp\/v2\/users\/1"}],"replies":[{"embeddable":true,"href":"https:\/\/newsinfoco.com.br\/inicio\/wp-json\/wp\/v2\/comments?post=6929"}],"version-history":[{"count":0,"href":"https:\/\/newsinfoco.com.br\/inicio\/wp-json\/wp\/v2\/posts\/6929\/revisions"}],"wp:featuredmedia":[{"embeddable":true,"href":"https:\/\/newsinfoco.com.br\/inicio\/wp-json\/wp\/v2\/media\/6930"}],"wp:attachment":[{"href":"https:\/\/newsinfoco.com.br\/inicio\/wp-json\/wp\/v2\/media?parent=6929"}],"wp:term":[{"taxonomy":"category","embeddable":true,"href":"https:\/\/newsinfoco.com.br\/inicio\/wp-json\/wp\/v2\/categories?post=6929"},{"taxonomy":"post_tag","embeddable":true,"href":"https:\/\/newsinfoco.com.br\/inicio\/wp-json\/wp\/v2\/tags?post=6929"}],"curies":[{"name":"wp","href":"https:\/\/api.w.org\/{rel}","templated":true}]}}