{"id":6933,"date":"2018-07-20T16:28:32","date_gmt":"2018-07-20T19:28:32","guid":{"rendered":"http:\/\/newsinfoco.com.br\/?p=6933"},"modified":"2018-07-20T16:30:18","modified_gmt":"2018-07-20T19:30:18","slug":"apos-transferencia-de-presos-governador-ira-fazer-a-reforma-da-delegacia-de-alagoinhas-garante-vereador-joao-henrique-na-957-fm","status":"publish","type":"post","link":"https:\/\/newsinfoco.com.br\/inicio\/apos-transferencia-de-presos-governador-ira-fazer-a-reforma-da-delegacia-de-alagoinhas-garante-vereador-joao-henrique-na-957-fm\/","title":{"rendered":"\u201cAp\u00f3s transfer\u00eancia de presos, governador ir\u00e1 fazer a reforma da delegacia de Alagoinhas\u201d garante vereador Jo\u00e3o Henrique na 95,7 FM"},"content":{"rendered":"<p style=\"text-align: justify;\">Hoje(20) pela manh\u00e3 o vereador de Alagoinhas, Jo\u00e3o Henrique Paolilo, concedeu entrevista por telefone, direto de Salvador, ao Programa Primeira M\u00e3o, da r\u00e1dio 95,7 FM. Ele falou sobre a audi\u00eancia ocorrida ontem entre lideran\u00e7as pol\u00edticas da regi\u00e3o e o governador Rui Costa para tratar do problema da fuga de presos da delegacia de Alagoinhas.<\/p>\n<p style=\"text-align: justify;\">Articulador de uma comiss\u00e3o de 7 vereadores que visitou a unidade policial e confeccionou um relat\u00f3rio que foi entregue ao governado solicitando medidas para solucionar o problema, o vereador Jo\u00e3o Henrique explicou qual o resultado da reuni\u00e3o.<\/p><div class=\"newsi-conteudo_19\" id=\"newsi-1060834581\"><a href=\"https:\/\/www.instagram.com\/prefeituraalagoinhas?igsh=YzgzdDJ1bWR3aWI4\" aria-label=\"SAVE_20251006_221555\"><img loading=\"lazy\" decoding=\"async\" src=\"https:\/\/newsinfoco.com.br\/inicio\/wp-content\/uploads\/2025\/10\/SAVE_20251006_221555-rotated.jpg\" alt=\"\"  srcset=\"https:\/\/newsinfoco.com.br\/inicio\/wp-content\/uploads\/2025\/10\/SAVE_20251006_221555-rotated.jpg 1140w, https:\/\/newsinfoco.com.br\/inicio\/wp-content\/uploads\/2025\/10\/SAVE_20251006_221555-300x52.jpg 300w, https:\/\/newsinfoco.com.br\/inicio\/wp-content\/uploads\/2025\/10\/SAVE_20251006_221555-1024x177.jpg 1024w, https:\/\/newsinfoco.com.br\/inicio\/wp-content\/uploads\/2025\/10\/SAVE_20251006_221555-768x133.jpg 768w, https:\/\/newsinfoco.com.br\/inicio\/wp-content\/uploads\/2025\/10\/SAVE_20251006_221555-600x104.jpg 600w, https:\/\/newsinfoco.com.br\/inicio\/wp-content\/uploads\/2025\/10\/SAVE_20251006_221555-696x120.jpg 696w, https:\/\/newsinfoco.com.br\/inicio\/wp-content\/uploads\/2025\/10\/SAVE_20251006_221555-1068x185.jpg 1068w\" sizes=\"(max-width: 1140px) 100vw, 1140px\" width=\"1140\" height=\"197\"   \/><\/a><\/div>\n<p style=\"text-align: justify;\">De acordo com o parlamentar, o governador se comprometeu a acabar com a superlota\u00e7\u00e3o da delegacia, transferindo, assim que poss\u00edvel, para o presidio de Feira de Santana, os presos que ainda permanecem na unidade. Uma data para transfer\u00eancia n\u00e3o foi definida, o que gerou cr\u00edticas da bancada do programa na oportunidade formada por Andr\u00e9 Luiz, Dr. Paulo Ott e Caio Pimenta. O \u00e2ncora titular do programa, Haroldo Azi, estava de folga.<\/p>\n<p style=\"text-align: justify;\">Indagado pelo jornalista Caio Pimenta se o governador se comprometeu a reformar a delegacia, ou se somente faria a transfer\u00eancia de presos, o que n\u00e3o contemplaria o desejo da comunidade alagoinhense, Jo\u00e3o Henrique explicou que sem transferir os presos que continuam na unidade, n\u00e3o h\u00e1 como acontecer qualquer tipo de reforma. \u201cAp\u00f3s a transfer\u00eancia dos presos, tenho certeza que o governador ir\u00e1 reformar o pr\u00e9dio que abriga a delegacia da cidade\u201d, afirmou o vereador.<\/p>\n<p style=\"text-align: justify;\">Nos \u00faltimos 7 meses j\u00e1 ocorreram 7 fugas de presos no complexo policial de Alagoinhas. Com tantas fugas, o fato virou motivo de chacota na regi\u00e3o. A popula\u00e7\u00e3o alagoinhense, indignada, exige que o governo do estado tome uma providencia imediata. As fugas de presos tem levado a inseguran\u00e7a para os moradores do munic\u00edpio.<\/p>\n<h6 style=\"text-align: right;\"><span style=\"color: #999999;\">Por Alex Almeida para o News Infoco<\/span><\/h6>\n<p style=\"text-align: justify;\">\n<div class='share-to-whatsapp-wrapper'><div class='share-on-whsp'>Share on: <\/div><a data-text='\u201cAp\u00f3s transfer\u00eancia de presos, governador ir\u00e1 fazer a reforma da delegacia de Alagoinhas\u201d garante vereador Jo\u00e3o Henrique na 95,7 FM' data-link='https:\/\/newsinfoco.com.br\/inicio\/apos-transferencia-de-presos-governador-ira-fazer-a-reforma-da-delegacia-de-alagoinhas-garante-vereador-joao-henrique-na-957-fm\/' class='whatsapp-button whatsapp-share'>WhatsApp<\/a><div class='clear '><\/div><\/div>","protected":false},"excerpt":{"rendered":"<p>Hoje(20) pela manh\u00e3 o vereador de Alagoinhas, Jo\u00e3o Henrique Paolilo, concedeu entrevista por telefone, direto de Salvador, ao Programa Primeira M\u00e3o, da r\u00e1dio 95,7 FM. Ele falou sobre a audi\u00eancia ocorrida ontem entre lideran\u00e7as pol\u00edticas da regi\u00e3o e o governador Rui Costa para tratar do problema da fuga de presos da delegacia de Alagoinhas. Articulador [&hellip;]<\/p>\n","protected":false},"author":1,"featured_media":917,"comment_status":"open","ping_status":"open","sticky":false,"template":"","format":"standard","meta":{"om_disable_all_campaigns":false,"_exactmetrics_skip_tracking":false,"_exactmetrics_sitenote_active":false,"_exactmetrics_sitenote_note":"","_exactmetrics_sitenote_category":0,"footnotes":""},"categories":[38,30],"tags":[],"class_list":["post-6933","post","type-post","status-publish","format-standard","has-post-thumbnail","hentry","category-alagoinhas-e-regiao","category-destaque"],"aioseo_notices":[],"_links":{"self":[{"href":"https:\/\/newsinfoco.com.br\/inicio\/wp-json\/wp\/v2\/posts\/6933","targetHints":{"allow":["GET"]}}],"collection":[{"href":"https:\/\/newsinfoco.com.br\/inicio\/wp-json\/wp\/v2\/posts"}],"about":[{"href":"https:\/\/newsinfoco.com.br\/inicio\/wp-json\/wp\/v2\/types\/post"}],"author":[{"embeddable":true,"href":"https:\/\/newsinfoco.com.br\/inicio\/wp-json\/wp\/v2\/users\/1"}],"replies":[{"embeddable":true,"href":"https:\/\/newsinfoco.com.br\/inicio\/wp-json\/wp\/v2\/comments?post=6933"}],"version-history":[{"count":0,"href":"https:\/\/newsinfoco.com.br\/inicio\/wp-json\/wp\/v2\/posts\/6933\/revisions"}],"wp:featuredmedia":[{"embeddable":true,"href":"https:\/\/newsinfoco.com.br\/inicio\/wp-json\/wp\/v2\/media\/917"}],"wp:attachment":[{"href":"https:\/\/newsinfoco.com.br\/inicio\/wp-json\/wp\/v2\/media?parent=6933"}],"wp:term":[{"taxonomy":"category","embeddable":true,"href":"https:\/\/newsinfoco.com.br\/inicio\/wp-json\/wp\/v2\/categories?post=6933"},{"taxonomy":"post_tag","embeddable":true,"href":"https:\/\/newsinfoco.com.br\/inicio\/wp-json\/wp\/v2\/tags?post=6933"}],"curies":[{"name":"wp","href":"https:\/\/api.w.org\/{rel}","templated":true}]}}