{"id":7198,"date":"2018-07-25T16:23:22","date_gmt":"2018-07-25T19:23:22","guid":{"rendered":"http:\/\/newsinfoco.com.br\/?p=7198"},"modified":"2018-07-25T16:24:52","modified_gmt":"2018-07-25T19:24:52","slug":"alagoinhas-jovem-e-morto-a-tiros-dentro-de-estabelecimento-comercial-no-teresopolis","status":"publish","type":"post","link":"https:\/\/newsinfoco.com.br\/inicio\/alagoinhas-jovem-e-morto-a-tiros-dentro-de-estabelecimento-comercial-no-teresopolis\/","title":{"rendered":"Alagoinhas: Jovem \u00e9 morto a tiros dentro de estabelecimento comercial no Teres\u00f3polis"},"content":{"rendered":"<p style=\"text-align: justify;\">Um jovem identificado como Douglas Vieira, 21 anos, foi morto a tiros dentro de um estabelecimento comercial na manh\u00e3 desta quarta-feira (25), na 1\u00aa travessa Tiradentes, no bairro Teres\u00f3polis, em Alagoinhas.<\/p>\n<p style=\"text-align: justify;\">Segundo informa\u00e7\u00f5es colhidas pela pol\u00edcia, dois homens a bordo de uma moto de cor vermelha chegaram no local, o carona no estabelecimento e efetuou v\u00e1rios disparos contra a v\u00edtima, que faleceu no local.<\/p><div class=\"newsi-conteudo_19\" id=\"newsi-2914906178\"><a href=\"https:\/\/www.instagram.com\/prefeituraalagoinhas?igsh=YzgzdDJ1bWR3aWI4\" aria-label=\"SAVE_20251006_221555\"><img loading=\"lazy\" decoding=\"async\" src=\"https:\/\/newsinfoco.com.br\/inicio\/wp-content\/uploads\/2025\/10\/SAVE_20251006_221555-rotated.jpg\" alt=\"\"  srcset=\"https:\/\/newsinfoco.com.br\/inicio\/wp-content\/uploads\/2025\/10\/SAVE_20251006_221555-rotated.jpg 1140w, https:\/\/newsinfoco.com.br\/inicio\/wp-content\/uploads\/2025\/10\/SAVE_20251006_221555-300x52.jpg 300w, https:\/\/newsinfoco.com.br\/inicio\/wp-content\/uploads\/2025\/10\/SAVE_20251006_221555-1024x177.jpg 1024w, https:\/\/newsinfoco.com.br\/inicio\/wp-content\/uploads\/2025\/10\/SAVE_20251006_221555-768x133.jpg 768w, https:\/\/newsinfoco.com.br\/inicio\/wp-content\/uploads\/2025\/10\/SAVE_20251006_221555-600x104.jpg 600w, https:\/\/newsinfoco.com.br\/inicio\/wp-content\/uploads\/2025\/10\/SAVE_20251006_221555-696x120.jpg 696w, https:\/\/newsinfoco.com.br\/inicio\/wp-content\/uploads\/2025\/10\/SAVE_20251006_221555-1068x185.jpg 1068w\" sizes=\"(max-width: 1140px) 100vw, 1140px\" width=\"1140\" height=\"197\"   \/><\/a><\/div>\n<p style=\"text-align: justify;\">A motiva\u00e7\u00e3o e a autoria est\u00e3o sendo investigados pela Policia Civil.<\/p>\n<p style=\"text-align: justify;\">Douglas era vendedor de amendoim e j\u00e1 tinha passagens pela policia.<\/p>\n<h6 style=\"text-align: right;\"><span style=\"color: #999999;\">Por Alex Almeida com informa\u00e7\u00f5es do Altapressaoonline<\/span><\/h6>\n<p style=\"text-align: justify;\">\n<div class='share-to-whatsapp-wrapper'><div class='share-on-whsp'>Share on: <\/div><a data-text='Alagoinhas: Jovem \u00e9 morto a tiros dentro de estabelecimento comercial no Teres\u00f3polis' data-link='https:\/\/newsinfoco.com.br\/inicio\/alagoinhas-jovem-e-morto-a-tiros-dentro-de-estabelecimento-comercial-no-teresopolis\/' class='whatsapp-button whatsapp-share'>WhatsApp<\/a><div class='clear '><\/div><\/div>","protected":false},"excerpt":{"rendered":"<p>Um jovem identificado como Douglas Vieira, 21 anos, foi morto a tiros dentro de um estabelecimento comercial na manh\u00e3 desta quarta-feira (25), na 1\u00aa travessa Tiradentes, no bairro Teres\u00f3polis, em Alagoinhas. Segundo informa\u00e7\u00f5es colhidas pela pol\u00edcia, dois homens a bordo de uma moto de cor vermelha chegaram no local, o carona no estabelecimento e efetuou [&hellip;]<\/p>\n","protected":false},"author":1,"featured_media":7200,"comment_status":"open","ping_status":"open","sticky":false,"template":"","format":"standard","meta":{"om_disable_all_campaigns":false,"_exactmetrics_skip_tracking":false,"_exactmetrics_sitenote_active":false,"_exactmetrics_sitenote_note":"","_exactmetrics_sitenote_category":0,"footnotes":""},"categories":[38,30],"tags":[],"class_list":["post-7198","post","type-post","status-publish","format-standard","has-post-thumbnail","hentry","category-alagoinhas-e-regiao","category-destaque"],"aioseo_notices":[],"_links":{"self":[{"href":"https:\/\/newsinfoco.com.br\/inicio\/wp-json\/wp\/v2\/posts\/7198","targetHints":{"allow":["GET"]}}],"collection":[{"href":"https:\/\/newsinfoco.com.br\/inicio\/wp-json\/wp\/v2\/posts"}],"about":[{"href":"https:\/\/newsinfoco.com.br\/inicio\/wp-json\/wp\/v2\/types\/post"}],"author":[{"embeddable":true,"href":"https:\/\/newsinfoco.com.br\/inicio\/wp-json\/wp\/v2\/users\/1"}],"replies":[{"embeddable":true,"href":"https:\/\/newsinfoco.com.br\/inicio\/wp-json\/wp\/v2\/comments?post=7198"}],"version-history":[{"count":0,"href":"https:\/\/newsinfoco.com.br\/inicio\/wp-json\/wp\/v2\/posts\/7198\/revisions"}],"wp:featuredmedia":[{"embeddable":true,"href":"https:\/\/newsinfoco.com.br\/inicio\/wp-json\/wp\/v2\/media\/7200"}],"wp:attachment":[{"href":"https:\/\/newsinfoco.com.br\/inicio\/wp-json\/wp\/v2\/media?parent=7198"}],"wp:term":[{"taxonomy":"category","embeddable":true,"href":"https:\/\/newsinfoco.com.br\/inicio\/wp-json\/wp\/v2\/categories?post=7198"},{"taxonomy":"post_tag","embeddable":true,"href":"https:\/\/newsinfoco.com.br\/inicio\/wp-json\/wp\/v2\/tags?post=7198"}],"curies":[{"name":"wp","href":"https:\/\/api.w.org\/{rel}","templated":true}]}}