{"id":7202,"date":"2018-07-25T17:51:46","date_gmt":"2018-07-25T20:51:46","guid":{"rendered":"http:\/\/newsinfoco.com.br\/?p=7202"},"modified":"2018-07-25T17:51:46","modified_gmt":"2018-07-25T20:51:46","slug":"retrospectiva-mais-de-200-obras-por-todo-o-municipio","status":"publish","type":"post","link":"https:\/\/newsinfoco.com.br\/inicio\/retrospectiva-mais-de-200-obras-por-todo-o-municipio\/","title":{"rendered":"Retrospectiva: Mais de 200 obras por todo o munic\u00edpio"},"content":{"rendered":"<p style=\"text-align: justify;\"><span style=\"color: #000000;\">Em um ano e meio de gest\u00e3o do prefeito Joaquim Neto, por meio da Secretaria de Infraestrutura (SECIN), obras foram retomadas, muitas conclu\u00eddas e outras novas e importantes para o desenvolvimento da cidade foram iniciadas. Alagoinhas voltou a ter manuten\u00e7\u00e3o do piso e um novo asfalto come\u00e7ou a ser colocado nas ruas. S\u00e3o mais de 200 obras em andamento ou j\u00e1 realizadas, que incluem pavimenta\u00e7\u00e3o em asfalto, recapeamento e requalifica\u00e7\u00e3o de vias urbanas, reforma de pr\u00e9dios p\u00fablicos, macrodrenagens, microdrenagens, requalifica\u00e7\u00e3o total de pra\u00e7as, p\u00f3rticos de entrada da cidade, e em parceria com a Secretaria de Agricultura SEMAG, a requalifica\u00e7\u00e3o de estradas vicinais. S\u00e3o a\u00e7\u00f5es que representam o investimento de R$ 35 milh\u00f5es.<\/span><\/p>\n<p style=\"text-align: justify;\"><span style=\"color: #000000;\">A prefeitura vem trabalhando em todos os bairros e at\u00e9 o momento, j\u00e1 foram conclu\u00eddos os p\u00f3rticos de entrada da cidade em Santa Terezinha, Mangal\u00f4, Airton Senna e Boa Uni\u00e3o, interven\u00e7\u00f5es em diversos trechos no bairro Silva Jardim e Parque Hava\u00ed, \u00a0pavimenta\u00e7\u00e3o em \u00a0asfalto nas ruas Henrique Dias, Travessa Henrique Dias, 5 de Novembro, Travessa Severino Vieira,\u00a0 Marechal Floriano e Visconde do Rio Branco, na Santa Terezinha, Leovigildo\u00a0 Reis, na Pra\u00e7a Kennedy, In\u00e1cio Santos, Marcela Bueron, 14 de Janeiro,\u00a0 Proc\u00f3pio da Silva, Alamedas, Rio Branco e 8 de Dezembro, na Alagoinhas IV , Avenida Airton Sena, Travessa Severino Vieira, Silva Jardim, \u00a0Beira Rio, no Riacho da Guia, Jardim Imperial, Joaquim \u00a0Nabuco, Rua das Ac\u00e1cias e da Dires, mais de 20 trechos que foram beneficiados com drenagem e pavimenta\u00e7\u00e3o na Alagoinhas Velha , interven\u00e7\u00f5es no terminal coletivo, desobstru\u00e7\u00e3o e alargamento em trechos do Rio do Catu, no centro da cidade, entre outras.<\/span><\/p><div class=\"newsi-conteudo_19\" id=\"newsi-1046201777\"><a href=\"https:\/\/www.instagram.com\/prefeituraalagoinhas?igsh=YzgzdDJ1bWR3aWI4\" aria-label=\"SAVE_20251006_221555\"><img loading=\"lazy\" decoding=\"async\" src=\"https:\/\/newsinfoco.com.br\/inicio\/wp-content\/uploads\/2025\/10\/SAVE_20251006_221555-rotated.jpg\" alt=\"\"  srcset=\"https:\/\/newsinfoco.com.br\/inicio\/wp-content\/uploads\/2025\/10\/SAVE_20251006_221555-rotated.jpg 1140w, https:\/\/newsinfoco.com.br\/inicio\/wp-content\/uploads\/2025\/10\/SAVE_20251006_221555-300x52.jpg 300w, https:\/\/newsinfoco.com.br\/inicio\/wp-content\/uploads\/2025\/10\/SAVE_20251006_221555-1024x177.jpg 1024w, https:\/\/newsinfoco.com.br\/inicio\/wp-content\/uploads\/2025\/10\/SAVE_20251006_221555-768x133.jpg 768w, https:\/\/newsinfoco.com.br\/inicio\/wp-content\/uploads\/2025\/10\/SAVE_20251006_221555-600x104.jpg 600w, https:\/\/newsinfoco.com.br\/inicio\/wp-content\/uploads\/2025\/10\/SAVE_20251006_221555-696x120.jpg 696w, https:\/\/newsinfoco.com.br\/inicio\/wp-content\/uploads\/2025\/10\/SAVE_20251006_221555-1068x185.jpg 1068w\" sizes=\"(max-width: 1140px) 100vw, 1140px\" width=\"1140\" height=\"197\"   \/><\/a><\/div>\n<p><img decoding=\"async\" src=\"https:\/\/www.alagoinhas.ba.gov.br\/wp-content\/uploads\/2018\/07\/25113876107_8994c9a100_z-1.jpg\" \/><\/p>\n<p style=\"text-align: justify;\"><span style=\"color: #000000;\">De acordo com o cronograma da SECIN, at\u00e9 dezembro deste ano ser\u00e3o entregues \u00e1 popula\u00e7\u00e3o as obras de pavimenta\u00e7\u00e3o asf\u00e1ltica na Rua Catarina Santos, Bairro Miguel Velho, Vias das Amendoeiras, S\u00e3o Crispim, Padre Araguaia, Avenida Santos Dumont, Avenida Rio Branco e de pavimenta\u00e7\u00e3o e drenagem no Parque Diesel, travessas Airton Senna, Alagoinhas IV e Alagoinhas Velha, o que representa mais de 50 novas ruas revitalizadas.<\/span><\/p>\n<p style=\"text-align: justify;\"><span style=\"color: #000000;\">O secret\u00e1rio da Infraestrutura, Andr\u00e9 Carvalho, informou que mais oito grandes obras j\u00e1 est\u00e3o em fase de projeto, capta\u00e7\u00e3o de recursos ou j\u00e1 est\u00e3o com ordens de servi\u00e7o emitidas.\u201cDesde que entramos, come\u00e7amos fazer trabalho de limpeza e drenagem, substitui\u00e7\u00e3o de manilhas e o resultado disso j\u00e1 pode ser visto, o n\u00edvel de alagamento diminuiu bastante em trechos do centro da cidade e Silva Jardim, por exemplo. Outras medidas importantes da gest\u00e3o foram a amplia\u00e7\u00e3o da nossa equipe t\u00e9cnica, a constru\u00e7\u00e3o da nova sede da secretaria e a recupera\u00e7\u00e3o de recursos de conv\u00eanios antigos de obras de grande import\u00e2nciaque j\u00e1 estavam para serem perdidos,como \u00e9 o caso da macrodrenagem das Poligonais\u201c, explicou o secret\u00e1rio. \u201c\u00c9 um desafio di\u00e1rio que exige muita dedica\u00e7\u00e3o, mas tamb\u00e9m traz uma grande recompensa que \u00e9 ver tantas reinvindica\u00e7\u00f5es antigas serem atendidas e poder contribuir para a melhoria sens\u00edvel da qualidade de vida das pessoas\u201c, ressaltou Andr\u00e9 Carvalho.<\/span><\/p>\n<p style=\"text-align: justify;\"><span style=\"color: #000000;\"><strong>Mais qualidade de vida<\/strong><\/span><\/p>\n<p style=\"text-align: justify;\"><span style=\"color: #000000;\">Dentre as a\u00e7\u00f5es realizadas pelo governo municipal, est\u00e3o obras que t\u00eam forte impacto na qualidade de vida da popula\u00e7\u00e3o. No ano passado, os moradores de Alagoinhas Velha receberam a nova Pra\u00e7a Frei Le\u00e3o totalmente recuperada com novos passeios, piso podot\u00e1til, parque infantil, aparelhos de gin\u00e1stica, nova ilumina\u00e7\u00e3o e paisagismo. No entorno da Frei Le\u00e3o tamb\u00e9m foram realizadas obras de drenagem pluvial e pavimenta\u00e7\u00e3o que resolveram os graves problemas de alagamento que afetavam a regi\u00e3o. A Pra\u00e7a Ruy Barbosa \u00e9 outro espa\u00e7o de conviv\u00eancia e lazer que est\u00e1 sendo totalmente requalificado. At\u00e9 o final do ano, o cora\u00e7\u00e3o da cidade vai receber uma nova pra\u00e7a com pavimenta\u00e7\u00e3o, \u00e1rea de alimenta\u00e7\u00e3o reestruturada, fonte luminosa, paisagismo, ilumina\u00e7\u00e3o especial, dentre outras benfeitorias.<\/span><\/p>\n<p style=\"text-align: justify;\"><span style=\"color: #000000;\">Em maio deste ano, Alagoinhas tamb\u00e9m deu mais um passo para a amplia\u00e7\u00e3o da oferta de equipamento esportivo de qualidade, com a o in\u00edcio da constru\u00e7\u00e3o do Centro de Inicia\u00e7\u00e3o ao Esporte (CIE), no conjunto Urbis III, da Rua do Catu. O equipamento multiuso oferecer\u00e1 22 modalidades, divididas em ol\u00edmpicas, paraol\u00edmpicas e n\u00e3o ol\u00edmpicas, e servir\u00e1 para a pr\u00e1tica de esportes voltados \u00e0 inicia\u00e7\u00e3o esportiva e ao esporte de alto rendimento, estimulando a forma\u00e7\u00e3o de atletas, entre crian\u00e7as e adolescentes, principalmente os que vivem em situa\u00e7\u00e3o vulnerabilidade social.<\/span><\/p>\n<p><img decoding=\"async\" src=\"https:\/\/www.alagoinhas.ba.gov.br\/wp-content\/uploads\/2018\/07\/40089945051_272175b65b_z.jpg\" \/><\/p>\n<h6 style=\"text-align: right;\">Fonte: SECOM SECIN<\/h6>\n<div class='share-to-whatsapp-wrapper'><div class='share-on-whsp'>Share on: <\/div><a data-text='Retrospectiva: Mais de 200 obras por todo o munic\u00edpio' data-link='https:\/\/newsinfoco.com.br\/inicio\/retrospectiva-mais-de-200-obras-por-todo-o-municipio\/' class='whatsapp-button whatsapp-share'>WhatsApp<\/a><div class='clear '><\/div><\/div>","protected":false},"excerpt":{"rendered":"<p>Em um ano e meio de gest\u00e3o do prefeito Joaquim Neto, por meio da Secretaria de Infraestrutura (SECIN), obras foram retomadas, muitas conclu\u00eddas e outras novas e importantes para o desenvolvimento da cidade foram iniciadas. Alagoinhas voltou a ter manuten\u00e7\u00e3o do piso e um novo asfalto come\u00e7ou a ser colocado nas ruas. S\u00e3o mais de [&hellip;]<\/p>\n","protected":false},"author":1,"featured_media":7203,"comment_status":"open","ping_status":"open","sticky":false,"template":"","format":"standard","meta":{"om_disable_all_campaigns":false,"_exactmetrics_skip_tracking":false,"_exactmetrics_sitenote_active":false,"_exactmetrics_sitenote_note":"","_exactmetrics_sitenote_category":0,"footnotes":""},"categories":[38,30],"tags":[53,54,137],"class_list":["post-7202","post","type-post","status-publish","format-standard","has-post-thumbnail","hentry","category-alagoinhas-e-regiao","category-destaque","tag-alagoinhas","tag-prefeitura","tag-secom-secin"],"aioseo_notices":[],"_links":{"self":[{"href":"https:\/\/newsinfoco.com.br\/inicio\/wp-json\/wp\/v2\/posts\/7202","targetHints":{"allow":["GET"]}}],"collection":[{"href":"https:\/\/newsinfoco.com.br\/inicio\/wp-json\/wp\/v2\/posts"}],"about":[{"href":"https:\/\/newsinfoco.com.br\/inicio\/wp-json\/wp\/v2\/types\/post"}],"author":[{"embeddable":true,"href":"https:\/\/newsinfoco.com.br\/inicio\/wp-json\/wp\/v2\/users\/1"}],"replies":[{"embeddable":true,"href":"https:\/\/newsinfoco.com.br\/inicio\/wp-json\/wp\/v2\/comments?post=7202"}],"version-history":[{"count":0,"href":"https:\/\/newsinfoco.com.br\/inicio\/wp-json\/wp\/v2\/posts\/7202\/revisions"}],"wp:featuredmedia":[{"embeddable":true,"href":"https:\/\/newsinfoco.com.br\/inicio\/wp-json\/wp\/v2\/media\/7203"}],"wp:attachment":[{"href":"https:\/\/newsinfoco.com.br\/inicio\/wp-json\/wp\/v2\/media?parent=7202"}],"wp:term":[{"taxonomy":"category","embeddable":true,"href":"https:\/\/newsinfoco.com.br\/inicio\/wp-json\/wp\/v2\/categories?post=7202"},{"taxonomy":"post_tag","embeddable":true,"href":"https:\/\/newsinfoco.com.br\/inicio\/wp-json\/wp\/v2\/tags?post=7202"}],"curies":[{"name":"wp","href":"https:\/\/api.w.org\/{rel}","templated":true}]}}