{"id":7212,"date":"2018-07-25T18:06:36","date_gmt":"2018-07-25T21:06:36","guid":{"rendered":"http:\/\/newsinfoco.com.br\/?p=7212"},"modified":"2018-07-25T18:06:36","modified_gmt":"2018-07-25T21:06:36","slug":"seduc-promove-cafe-da-manha-com-condutores-dos-onibus-escolares-em-homenagem-ao-dia-do-motorista","status":"publish","type":"post","link":"https:\/\/newsinfoco.com.br\/inicio\/seduc-promove-cafe-da-manha-com-condutores-dos-onibus-escolares-em-homenagem-ao-dia-do-motorista\/","title":{"rendered":"SEDUC promove caf\u00e9 da manh\u00e3 com condutores dos \u00f4nibus escolares em homenagem ao dia do motorista"},"content":{"rendered":"<p><img decoding=\"async\" src=\"https:\/\/www.alagoinhas.ba.gov.br\/wp-content\/uploads\/2018\/07\/29762883138_142042cb46_z.jpg\" \/><\/p>\n<p style=\"text-align: justify;\"><span style=\"color: #000000;\">\u201cEssa atitude da secretaria \u00e9 muito importante para que a gente perceba o reconhecimento do nosso trabalho\u201d, pontua Priscila Marinho, condutora de \u00f4nibus escolar h\u00e1 um ano na Secretaria Municipal de Educa\u00e7\u00e3o (SEDUC) e \u00fanica mulher na equipe. Nesse per\u00edodo de trabalho ela enfrenta bastante resist\u00eancia dos motoristas no tr\u00e2nsito, mas no ambiente de trabalho o clima \u00e9 extremamente acolhedor. \u201cOs meus colegas me apoiam muito e me d\u00e3o dicas de mec\u00e2nica para eu ir me virando sozinha\u201d, revela.<\/span><\/p>\n<p style=\"text-align: justify;\"><span style=\"color: #000000;\">Para celebrar o dia 25 de julho, Dia do Motorista, a SEDUC preparou um caf\u00e9 especial com os profissionais do transporte escolar da rede municipal, no Hotel Absolar. \u201cO nosso servi\u00e7o \u00e9 muito importante e exige de n\u00f3s um preparo, uma responsabilidade muito grande porque carregamos vidas todos os dias, esse \u00e9 nosso compromisso. Ver a sensibilidade do secret\u00e1rio em preparar este momento para n\u00f3s \u00e9 muito gratificante\u201d, diz Baltazar Figueiredo, funcion\u00e1rio h\u00e1 6 anos.<\/span><\/p><div class=\"newsi-conteudo_19\" id=\"newsi-3832763167\"><a href=\"https:\/\/www.instagram.com\/prefeituraalagoinhas?igsh=YzgzdDJ1bWR3aWI4\" aria-label=\"SAVE_20251006_221555\"><img loading=\"lazy\" decoding=\"async\" src=\"https:\/\/newsinfoco.com.br\/inicio\/wp-content\/uploads\/2025\/10\/SAVE_20251006_221555-rotated.jpg\" alt=\"\"  srcset=\"https:\/\/newsinfoco.com.br\/inicio\/wp-content\/uploads\/2025\/10\/SAVE_20251006_221555-rotated.jpg 1140w, https:\/\/newsinfoco.com.br\/inicio\/wp-content\/uploads\/2025\/10\/SAVE_20251006_221555-300x52.jpg 300w, https:\/\/newsinfoco.com.br\/inicio\/wp-content\/uploads\/2025\/10\/SAVE_20251006_221555-1024x177.jpg 1024w, https:\/\/newsinfoco.com.br\/inicio\/wp-content\/uploads\/2025\/10\/SAVE_20251006_221555-768x133.jpg 768w, https:\/\/newsinfoco.com.br\/inicio\/wp-content\/uploads\/2025\/10\/SAVE_20251006_221555-600x104.jpg 600w, https:\/\/newsinfoco.com.br\/inicio\/wp-content\/uploads\/2025\/10\/SAVE_20251006_221555-696x120.jpg 696w, https:\/\/newsinfoco.com.br\/inicio\/wp-content\/uploads\/2025\/10\/SAVE_20251006_221555-1068x185.jpg 1068w\" sizes=\"(max-width: 1140px) 100vw, 1140px\" width=\"1140\" height=\"197\"   \/><\/a><\/div>\n<p style=\"text-align: justify;\"><span style=\"color: #000000;\">Com inten\u00e7\u00e3o de valorizar, fortalecer as rela\u00e7\u00f5es interpessoais e manuten\u00e7\u00e3o do v\u00ednculo social \u00e9 que a manh\u00e3 desta quarta-feira (25) foi preparada para os profissionais. \u201cN\u00f3s entendemos a import\u00e2ncia do trabalho destes profissionais que carregam vidas todos os dias e cuidam da integridade f\u00edsica dos nossos alunos enquanto se deslocam de um ponto a outro, ent\u00e3o nada mais justo do que celebrar com eles esse dia especial. Inclusive estendemos nossa homenagem ao motorista da SECOM e todos os outros que colaboram na administra\u00e7\u00e3o p\u00fablica\u201d, afirma Fabr\u00edcio Faro.<\/span><\/p>\n<p style=\"text-align: justify;\"><span style=\"color: #000000;\"><strong>CONFIRA GALERIA DE FOTOS:<\/strong><\/span><\/p>\n<p><img decoding=\"async\" src=\"https:\/\/www.alagoinhas.ba.gov.br\/wp-content\/uploads\/2018\/07\/29762886348_1cacc9dceb_z.jpg\" \/><a href=\"http:\/\/newsinfoco.com.br\/wp-content\/uploads\/2018\/07\/42915878364_97e0fa9f36_k.jpg\"><img loading=\"lazy\" decoding=\"async\" class=\"aligncenter size-full wp-image-7213\" src=\"http:\/\/newsinfoco.com.br\/wp-content\/uploads\/2018\/07\/42915878364_97e0fa9f36_k.jpg\" alt=\"\" width=\"2048\" height=\"1356\" srcset=\"https:\/\/newsinfoco.com.br\/inicio\/wp-content\/uploads\/2018\/07\/42915878364_97e0fa9f36_k.jpg 2048w, https:\/\/newsinfoco.com.br\/inicio\/wp-content\/uploads\/2018\/07\/42915878364_97e0fa9f36_k-300x199.jpg 300w, https:\/\/newsinfoco.com.br\/inicio\/wp-content\/uploads\/2018\/07\/42915878364_97e0fa9f36_k-768x509.jpg 768w, https:\/\/newsinfoco.com.br\/inicio\/wp-content\/uploads\/2018\/07\/42915878364_97e0fa9f36_k-1024x678.jpg 1024w, https:\/\/newsinfoco.com.br\/inicio\/wp-content\/uploads\/2018\/07\/42915878364_97e0fa9f36_k-600x397.jpg 600w, https:\/\/newsinfoco.com.br\/inicio\/wp-content\/uploads\/2018\/07\/42915878364_97e0fa9f36_k-696x461.jpg 696w, https:\/\/newsinfoco.com.br\/inicio\/wp-content\/uploads\/2018\/07\/42915878364_97e0fa9f36_k-1068x707.jpg 1068w, https:\/\/newsinfoco.com.br\/inicio\/wp-content\/uploads\/2018\/07\/42915878364_97e0fa9f36_k-634x420.jpg 634w, https:\/\/newsinfoco.com.br\/inicio\/wp-content\/uploads\/2018\/07\/42915878364_97e0fa9f36_k-1320x874.jpg 1320w\" sizes=\"auto, (max-width: 2048px) 100vw, 2048px\" \/><\/a> <a href=\"http:\/\/newsinfoco.com.br\/wp-content\/uploads\/2018\/07\/42915906524_635fe42ed8_k.jpg\"><img loading=\"lazy\" decoding=\"async\" class=\"aligncenter size-full wp-image-7214\" src=\"http:\/\/newsinfoco.com.br\/wp-content\/uploads\/2018\/07\/42915906524_635fe42ed8_k.jpg\" alt=\"\" width=\"2048\" height=\"1356\" srcset=\"https:\/\/newsinfoco.com.br\/inicio\/wp-content\/uploads\/2018\/07\/42915906524_635fe42ed8_k.jpg 2048w, https:\/\/newsinfoco.com.br\/inicio\/wp-content\/uploads\/2018\/07\/42915906524_635fe42ed8_k-300x199.jpg 300w, https:\/\/newsinfoco.com.br\/inicio\/wp-content\/uploads\/2018\/07\/42915906524_635fe42ed8_k-768x509.jpg 768w, https:\/\/newsinfoco.com.br\/inicio\/wp-content\/uploads\/2018\/07\/42915906524_635fe42ed8_k-1024x678.jpg 1024w, https:\/\/newsinfoco.com.br\/inicio\/wp-content\/uploads\/2018\/07\/42915906524_635fe42ed8_k-600x397.jpg 600w, https:\/\/newsinfoco.com.br\/inicio\/wp-content\/uploads\/2018\/07\/42915906524_635fe42ed8_k-696x461.jpg 696w, https:\/\/newsinfoco.com.br\/inicio\/wp-content\/uploads\/2018\/07\/42915906524_635fe42ed8_k-1068x707.jpg 1068w, https:\/\/newsinfoco.com.br\/inicio\/wp-content\/uploads\/2018\/07\/42915906524_635fe42ed8_k-634x420.jpg 634w, https:\/\/newsinfoco.com.br\/inicio\/wp-content\/uploads\/2018\/07\/42915906524_635fe42ed8_k-1320x874.jpg 1320w\" sizes=\"auto, (max-width: 2048px) 100vw, 2048px\" \/><\/a> <a href=\"http:\/\/newsinfoco.com.br\/wp-content\/uploads\/2018\/07\/42915929454_5d90956eb5_k.jpg\"><img loading=\"lazy\" decoding=\"async\" class=\"aligncenter size-full wp-image-7215\" src=\"http:\/\/newsinfoco.com.br\/wp-content\/uploads\/2018\/07\/42915929454_5d90956eb5_k.jpg\" alt=\"\" width=\"2048\" height=\"1356\" srcset=\"https:\/\/newsinfoco.com.br\/inicio\/wp-content\/uploads\/2018\/07\/42915929454_5d90956eb5_k.jpg 2048w, https:\/\/newsinfoco.com.br\/inicio\/wp-content\/uploads\/2018\/07\/42915929454_5d90956eb5_k-300x199.jpg 300w, https:\/\/newsinfoco.com.br\/inicio\/wp-content\/uploads\/2018\/07\/42915929454_5d90956eb5_k-768x509.jpg 768w, https:\/\/newsinfoco.com.br\/inicio\/wp-content\/uploads\/2018\/07\/42915929454_5d90956eb5_k-1024x678.jpg 1024w, https:\/\/newsinfoco.com.br\/inicio\/wp-content\/uploads\/2018\/07\/42915929454_5d90956eb5_k-600x397.jpg 600w, https:\/\/newsinfoco.com.br\/inicio\/wp-content\/uploads\/2018\/07\/42915929454_5d90956eb5_k-696x461.jpg 696w, https:\/\/newsinfoco.com.br\/inicio\/wp-content\/uploads\/2018\/07\/42915929454_5d90956eb5_k-1068x707.jpg 1068w, https:\/\/newsinfoco.com.br\/inicio\/wp-content\/uploads\/2018\/07\/42915929454_5d90956eb5_k-634x420.jpg 634w, https:\/\/newsinfoco.com.br\/inicio\/wp-content\/uploads\/2018\/07\/42915929454_5d90956eb5_k-1320x874.jpg 1320w\" sizes=\"auto, (max-width: 2048px) 100vw, 2048px\" \/><\/a> <a href=\"http:\/\/newsinfoco.com.br\/wp-content\/uploads\/2018\/07\/43585435792_36d825ab45_k.jpg\"><img loading=\"lazy\" decoding=\"async\" class=\"aligncenter size-full wp-image-7216\" src=\"http:\/\/newsinfoco.com.br\/wp-content\/uploads\/2018\/07\/43585435792_36d825ab45_k.jpg\" alt=\"\" width=\"2048\" height=\"1356\" srcset=\"https:\/\/newsinfoco.com.br\/inicio\/wp-content\/uploads\/2018\/07\/43585435792_36d825ab45_k.jpg 2048w, https:\/\/newsinfoco.com.br\/inicio\/wp-content\/uploads\/2018\/07\/43585435792_36d825ab45_k-300x199.jpg 300w, https:\/\/newsinfoco.com.br\/inicio\/wp-content\/uploads\/2018\/07\/43585435792_36d825ab45_k-768x509.jpg 768w, https:\/\/newsinfoco.com.br\/inicio\/wp-content\/uploads\/2018\/07\/43585435792_36d825ab45_k-1024x678.jpg 1024w, https:\/\/newsinfoco.com.br\/inicio\/wp-content\/uploads\/2018\/07\/43585435792_36d825ab45_k-600x397.jpg 600w, https:\/\/newsinfoco.com.br\/inicio\/wp-content\/uploads\/2018\/07\/43585435792_36d825ab45_k-696x461.jpg 696w, https:\/\/newsinfoco.com.br\/inicio\/wp-content\/uploads\/2018\/07\/43585435792_36d825ab45_k-1068x707.jpg 1068w, https:\/\/newsinfoco.com.br\/inicio\/wp-content\/uploads\/2018\/07\/43585435792_36d825ab45_k-634x420.jpg 634w, https:\/\/newsinfoco.com.br\/inicio\/wp-content\/uploads\/2018\/07\/43585435792_36d825ab45_k-1320x874.jpg 1320w\" sizes=\"auto, (max-width: 2048px) 100vw, 2048px\" \/><\/a><\/p>\n<h6 style=\"text-align: right;\"><span style=\"color: #999999;\">Fonte: SECOM SEDU<\/span>C<\/h6>\n<div class='share-to-whatsapp-wrapper'><div class='share-on-whsp'>Share on: <\/div><a data-text='SEDUC promove caf\u00e9 da manh\u00e3 com condutores dos \u00f4nibus escolares em homenagem ao dia do motorista' data-link='https:\/\/newsinfoco.com.br\/inicio\/seduc-promove-cafe-da-manha-com-condutores-dos-onibus-escolares-em-homenagem-ao-dia-do-motorista\/' class='whatsapp-button whatsapp-share'>WhatsApp<\/a><div class='clear '><\/div><\/div>","protected":false},"excerpt":{"rendered":"<p>\u201cEssa atitude da secretaria \u00e9 muito importante para que a gente perceba o reconhecimento do nosso trabalho\u201d, pontua Priscila Marinho, condutora de \u00f4nibus escolar h\u00e1 um ano na Secretaria Municipal de Educa\u00e7\u00e3o (SEDUC) e \u00fanica mulher na equipe. Nesse per\u00edodo de trabalho ela enfrenta bastante resist\u00eancia dos motoristas no tr\u00e2nsito, mas no ambiente de trabalho [&hellip;]<\/p>\n","protected":false},"author":1,"featured_media":7213,"comment_status":"open","ping_status":"open","sticky":false,"template":"","format":"standard","meta":{"om_disable_all_campaigns":false,"_exactmetrics_skip_tracking":false,"_exactmetrics_sitenote_active":false,"_exactmetrics_sitenote_note":"","_exactmetrics_sitenote_category":0,"footnotes":""},"categories":[38,30],"tags":[53,54,107],"class_list":["post-7212","post","type-post","status-publish","format-standard","has-post-thumbnail","hentry","category-alagoinhas-e-regiao","category-destaque","tag-alagoinhas","tag-prefeitura","tag-secom-seduc"],"aioseo_notices":[],"_links":{"self":[{"href":"https:\/\/newsinfoco.com.br\/inicio\/wp-json\/wp\/v2\/posts\/7212","targetHints":{"allow":["GET"]}}],"collection":[{"href":"https:\/\/newsinfoco.com.br\/inicio\/wp-json\/wp\/v2\/posts"}],"about":[{"href":"https:\/\/newsinfoco.com.br\/inicio\/wp-json\/wp\/v2\/types\/post"}],"author":[{"embeddable":true,"href":"https:\/\/newsinfoco.com.br\/inicio\/wp-json\/wp\/v2\/users\/1"}],"replies":[{"embeddable":true,"href":"https:\/\/newsinfoco.com.br\/inicio\/wp-json\/wp\/v2\/comments?post=7212"}],"version-history":[{"count":0,"href":"https:\/\/newsinfoco.com.br\/inicio\/wp-json\/wp\/v2\/posts\/7212\/revisions"}],"wp:featuredmedia":[{"embeddable":true,"href":"https:\/\/newsinfoco.com.br\/inicio\/wp-json\/wp\/v2\/media\/7213"}],"wp:attachment":[{"href":"https:\/\/newsinfoco.com.br\/inicio\/wp-json\/wp\/v2\/media?parent=7212"}],"wp:term":[{"taxonomy":"category","embeddable":true,"href":"https:\/\/newsinfoco.com.br\/inicio\/wp-json\/wp\/v2\/categories?post=7212"},{"taxonomy":"post_tag","embeddable":true,"href":"https:\/\/newsinfoco.com.br\/inicio\/wp-json\/wp\/v2\/tags?post=7212"}],"curies":[{"name":"wp","href":"https:\/\/api.w.org\/{rel}","templated":true}]}}