{"id":7281,"date":"2018-07-26T14:55:56","date_gmt":"2018-07-26T17:55:56","guid":{"rendered":"http:\/\/newsinfoco.com.br\/?p=7281"},"modified":"2018-07-26T14:55:56","modified_gmt":"2018-07-26T17:55:56","slug":"desburocratizacao-e-fomento-a-negocios-prefeitura-promove-workshop-para-a-implantacao-da-sala-do-empreendedor-no-municipio","status":"publish","type":"post","link":"https:\/\/newsinfoco.com.br\/inicio\/desburocratizacao-e-fomento-a-negocios-prefeitura-promove-workshop-para-a-implantacao-da-sala-do-empreendedor-no-municipio\/","title":{"rendered":"Desburocratiza\u00e7\u00e3o e fomento a neg\u00f3cios: Prefeitura promove workshop para a implanta\u00e7\u00e3o da sala do empreendedor no munic\u00edpio"},"content":{"rendered":"<p style=\"text-align: justify;\"><span style=\"color: #000000;\">Como parte das a\u00e7\u00f5es desenvolvidas para fomentar o empreendedorismo, desde a assinatura do termo de ades\u00e3o ao Cidade Empreendedora, a Prefeitura promoveu, em parceria com o Servi\u00e7o Brasileiro de Apoio \u00e0s Micro e Pequenas Empresas (SEBRAE), o 2\u00ba workshop do programa, com foco na implanta\u00e7\u00e3o da sala do empreendedor.<\/span><\/p>\n<p style=\"text-align: justify;\"><span style=\"color: #000000;\">A sala faz parte de um dos eixos de atua\u00e7\u00e3o do programa que, em termos gerais, tem como objetivo criar, no munic\u00edpio, um ambiente favor\u00e1vel ao desenvolvimento de neg\u00f3cios.<\/span><\/p><div class=\"newsi-conteudo_19\" id=\"newsi-1143016675\"><a href=\"https:\/\/www.instagram.com\/prefeituraalagoinhas?igsh=YzgzdDJ1bWR3aWI4\" aria-label=\"SAVE_20251006_221555\"><img loading=\"lazy\" decoding=\"async\" src=\"https:\/\/newsinfoco.com.br\/inicio\/wp-content\/uploads\/2025\/10\/SAVE_20251006_221555-rotated.jpg\" alt=\"\"  srcset=\"https:\/\/newsinfoco.com.br\/inicio\/wp-content\/uploads\/2025\/10\/SAVE_20251006_221555-rotated.jpg 1140w, https:\/\/newsinfoco.com.br\/inicio\/wp-content\/uploads\/2025\/10\/SAVE_20251006_221555-300x52.jpg 300w, https:\/\/newsinfoco.com.br\/inicio\/wp-content\/uploads\/2025\/10\/SAVE_20251006_221555-1024x177.jpg 1024w, https:\/\/newsinfoco.com.br\/inicio\/wp-content\/uploads\/2025\/10\/SAVE_20251006_221555-768x133.jpg 768w, https:\/\/newsinfoco.com.br\/inicio\/wp-content\/uploads\/2025\/10\/SAVE_20251006_221555-600x104.jpg 600w, https:\/\/newsinfoco.com.br\/inicio\/wp-content\/uploads\/2025\/10\/SAVE_20251006_221555-696x120.jpg 696w, https:\/\/newsinfoco.com.br\/inicio\/wp-content\/uploads\/2025\/10\/SAVE_20251006_221555-1068x185.jpg 1068w\" sizes=\"(max-width: 1140px) 100vw, 1140px\" width=\"1140\" height=\"197\"   \/><\/a><\/div>\n<p style=\"text-align: justify;\"><span style=\"color: #000000;\">O intuito \u00e9 que, com a desburocratiza\u00e7\u00e3o do processo e a concentra\u00e7\u00e3o das solicita\u00e7\u00f5es em um espa\u00e7o capacitado para atend\u00ea-las e gerar o encaminhamento necess\u00e1rio, o interessado em abrir o pr\u00f3prio neg\u00f3cio possa ter um tempo recorde de resolutividade, garantindo a abertura do empreendimento em um prazo que, para pequenos neg\u00f3cios, pode chegar a 48h.<\/span><\/p>\n<p style=\"text-align: justify;\"><span style=\"color: #000000;\">Isso significa dizer que, se voc\u00ea est\u00e1 pensando em investir em um pequeno empreendimento inicial, ao chegar \u00e0 sala do empreendedor com os documentos necess\u00e1rios, poder\u00e1 \u2013 em alguns casos \u2013 sair de l\u00e1 com o processo finalizado, sem delongas para ver o neg\u00f3cio sair do papel. \u201cA gente est\u00e1 dando o segundo passo e vamos dizer que talvez seja o cora\u00e7\u00e3o do programa, que \u00e9 a sala do empreendedor. Beto Maciel, que ministrou a atividade, \u00e9 do Esp\u00edrito Santo e j\u00e1 abriu mais de 70 salas em todo o pa\u00eds. Ele tem toda a prova cabal de que \u00e9 poss\u00edvel e n\u00f3s, do SEBRAE, sabemos disso. A gente trouxe o programa Cidade Empreendedora porque a gente realmente acredita e, quando a gente fala em abrir empresa no mesmo dia, s\u00e3o empresas de baixo risco. As empresas de alto risco t\u00eam um tr\u00e2mite diferenciado que tem uma delonga maior. Mas, as empresas de baixo risco, mais simples, t\u00eam a condi\u00e7\u00e3o plena de abrir no mesmo dia, inclusive. J\u00e1 tem munic\u00edpios que fazem isso\u201d, explicou o analista Jo\u00e3o Paulo Lima, do SEBRAE Salvador.<\/span><\/p>\n<p style=\"text-align: justify;\"><span style=\"color: #000000;\">Para o secret\u00e1rio de desenvolvimento e meio ambiente, Jos\u00e9 Ed\u00e9sio Cardoso, dado o cen\u00e1rio econ\u00f4mico atual e a escassez de empregos de carteira assinada, \u00e9 importante que o munic\u00edpio incentive outras formas de desenvolvimento em que as pessoas n\u00e3o dependam exclusivamente da carteira de trabalho. \u201cVamos contribuir com ferramentas eficientes e profissionais capacitados para criar um ambiente favor\u00e1vel ao desenvolvimento da cidade\u201d, garantiu.<\/span><\/p>\n<p style=\"text-align: justify;\"><span style=\"color: #000000;\">A Secretaria de Desenvolvimento informou ainda que, al\u00e9m da desburocratiza\u00e7\u00e3o, a sala do empreendedor deve facilitar a intermedia\u00e7\u00e3o de m\u00e3o de obra. \u201cO empres\u00e1rio que chegar aqui vai ter todo o apoio para a abertura da empresa dele. Estaremos oferecendo tamb\u00e9m cr\u00e9ditos para fomentar os neg\u00f3cios, cursos em parceria com o SEBRAE e a m\u00e3o de obra. A gente tem um cadastro aqui de 12 mil pessoas e eles v\u00e3o poder usar esse banco de dados que a secretaria tem, atrav\u00e9s do SIMM\u201d, pontuou Jaldice Nunes, da SEDEA.<\/span><\/p>\n<p style=\"text-align: justify;\"><span style=\"color: #000000;\">A previs\u00e3o, de acordo com a secretaria, \u00e9 de que a sala do empreendedor seja implantada oficialmente em um prazo m\u00e1ximo de 60 dias. Al\u00e9m da desburocratiza\u00e7\u00e3o, o Cidade Empreendedora deve atuar tamb\u00e9m com outros 4 pontos fundamentais: educa\u00e7\u00e3o empreendedora, gest\u00e3o municipal, compras p\u00fablicas e energia.<\/span><\/p>\n<p><img decoding=\"async\" src=\"https:\/\/www.alagoinhas.ba.gov.br\/wp-content\/uploads\/2018\/07\/WhatsApp-Image-2018-07-26-at-12.45.20-1024x768.jpeg\" \/><\/p>\n<p><img decoding=\"async\" src=\"https:\/\/www.alagoinhas.ba.gov.br\/wp-content\/uploads\/2018\/07\/WhatsApp-Image-2018-07-26-at-12.45.21-1024x575.jpeg\" \/><\/p>\n<h6 style=\"text-align: right;\"><span style=\"color: #999999;\">Fonte: SECOM SEDEA<\/span><\/h6>\n<div class='share-to-whatsapp-wrapper'><div class='share-on-whsp'>Share on: <\/div><a data-text='Desburocratiza\u00e7\u00e3o e fomento a neg\u00f3cios: Prefeitura promove workshop para a implanta\u00e7\u00e3o da sala do empreendedor no munic\u00edpio' data-link='https:\/\/newsinfoco.com.br\/inicio\/desburocratizacao-e-fomento-a-negocios-prefeitura-promove-workshop-para-a-implantacao-da-sala-do-empreendedor-no-municipio\/' class='whatsapp-button whatsapp-share'>WhatsApp<\/a><div class='clear '><\/div><\/div>","protected":false},"excerpt":{"rendered":"<p>Como parte das a\u00e7\u00f5es desenvolvidas para fomentar o empreendedorismo, desde a assinatura do termo de ades\u00e3o ao Cidade Empreendedora, a Prefeitura promoveu, em parceria com o Servi\u00e7o Brasileiro de Apoio \u00e0s Micro e Pequenas Empresas (SEBRAE), o 2\u00ba workshop do programa, com foco na implanta\u00e7\u00e3o da sala do empreendedor. A sala faz parte de um [&hellip;]<\/p>\n","protected":false},"author":1,"featured_media":7282,"comment_status":"open","ping_status":"open","sticky":false,"template":"","format":"standard","meta":{"om_disable_all_campaigns":false,"_exactmetrics_skip_tracking":false,"_exactmetrics_sitenote_active":false,"_exactmetrics_sitenote_note":"","_exactmetrics_sitenote_category":0,"footnotes":""},"categories":[38,30],"tags":[53,54,130],"class_list":["post-7281","post","type-post","status-publish","format-standard","has-post-thumbnail","hentry","category-alagoinhas-e-regiao","category-destaque","tag-alagoinhas","tag-prefeitura","tag-secom-sedea"],"aioseo_notices":[],"_links":{"self":[{"href":"https:\/\/newsinfoco.com.br\/inicio\/wp-json\/wp\/v2\/posts\/7281","targetHints":{"allow":["GET"]}}],"collection":[{"href":"https:\/\/newsinfoco.com.br\/inicio\/wp-json\/wp\/v2\/posts"}],"about":[{"href":"https:\/\/newsinfoco.com.br\/inicio\/wp-json\/wp\/v2\/types\/post"}],"author":[{"embeddable":true,"href":"https:\/\/newsinfoco.com.br\/inicio\/wp-json\/wp\/v2\/users\/1"}],"replies":[{"embeddable":true,"href":"https:\/\/newsinfoco.com.br\/inicio\/wp-json\/wp\/v2\/comments?post=7281"}],"version-history":[{"count":0,"href":"https:\/\/newsinfoco.com.br\/inicio\/wp-json\/wp\/v2\/posts\/7281\/revisions"}],"wp:featuredmedia":[{"embeddable":true,"href":"https:\/\/newsinfoco.com.br\/inicio\/wp-json\/wp\/v2\/media\/7282"}],"wp:attachment":[{"href":"https:\/\/newsinfoco.com.br\/inicio\/wp-json\/wp\/v2\/media?parent=7281"}],"wp:term":[{"taxonomy":"category","embeddable":true,"href":"https:\/\/newsinfoco.com.br\/inicio\/wp-json\/wp\/v2\/categories?post=7281"},{"taxonomy":"post_tag","embeddable":true,"href":"https:\/\/newsinfoco.com.br\/inicio\/wp-json\/wp\/v2\/tags?post=7281"}],"curies":[{"name":"wp","href":"https:\/\/api.w.org\/{rel}","templated":true}]}}