{"id":7329,"date":"2018-07-27T20:05:46","date_gmt":"2018-07-27T23:05:46","guid":{"rendered":"http:\/\/newsinfoco.com.br\/?p=7329"},"modified":"2018-07-27T20:05:46","modified_gmt":"2018-07-27T23:05:46","slug":"favorecidos-pelo-beneficio-de-prestacao-continuada-bpc-tem-ate-21-de-dezembro-para-se-cadastrar","status":"publish","type":"post","link":"https:\/\/newsinfoco.com.br\/inicio\/favorecidos-pelo-beneficio-de-prestacao-continuada-bpc-tem-ate-21-de-dezembro-para-se-cadastrar\/","title":{"rendered":"Favorecidos pelo Benef\u00edcio de Presta\u00e7\u00e3o Continuada (BPC) t\u00eam at\u00e9 21 de dezembro para se cadastrar"},"content":{"rendered":"<p style=\"text-align: justify;\"><span style=\"color: #000000;\">At\u00e9 21 de dezembro, todos os idosos e pessoas com defici\u00eancia que recebem o Benef\u00edcio de Presta\u00e7\u00e3o Continuada (BPC) tamb\u00e9m conhecido como LOAS, do Governo Federal, devem se cadastrar ou atualizar as informa\u00e7\u00f5es no Cadastro \u00danico. Ap\u00f3s essa data, aqueles que n\u00e3o estiverem cadastrados perder\u00e3o o direito ao benef\u00edcio.<\/span><\/p>\n<p style=\"text-align: justify;\"><span style=\"color: #000000;\">A atualiza\u00e7\u00e3o ou cadastramento devem ser realizados na Secretaria Municipal de Assist\u00eancia Social (SEMAS) ou em um dos Centros de Refer\u00eancia de Assist\u00eancia Social (CRAS). Caso o benefici\u00e1rio n\u00e3o tenha condi\u00e7\u00f5es para comparecer aos locais indicados, o respons\u00e1vel poder\u00e1 realizar o cadastro. Sendo ele maior de 18 anos e morador da mesma resid\u00eancia.<\/span><\/p><div class=\"newsi-conteudo_19\" id=\"newsi-1897733654\"><a href=\"https:\/\/www.instagram.com\/prefeituraalagoinhas?igsh=YzgzdDJ1bWR3aWI4\" aria-label=\"SAVE_20251006_221555\"><img loading=\"lazy\" decoding=\"async\" src=\"https:\/\/newsinfoco.com.br\/inicio\/wp-content\/uploads\/2025\/10\/SAVE_20251006_221555-rotated.jpg\" alt=\"\"  srcset=\"https:\/\/newsinfoco.com.br\/inicio\/wp-content\/uploads\/2025\/10\/SAVE_20251006_221555-rotated.jpg 1140w, https:\/\/newsinfoco.com.br\/inicio\/wp-content\/uploads\/2025\/10\/SAVE_20251006_221555-300x52.jpg 300w, https:\/\/newsinfoco.com.br\/inicio\/wp-content\/uploads\/2025\/10\/SAVE_20251006_221555-1024x177.jpg 1024w, https:\/\/newsinfoco.com.br\/inicio\/wp-content\/uploads\/2025\/10\/SAVE_20251006_221555-768x133.jpg 768w, https:\/\/newsinfoco.com.br\/inicio\/wp-content\/uploads\/2025\/10\/SAVE_20251006_221555-600x104.jpg 600w, https:\/\/newsinfoco.com.br\/inicio\/wp-content\/uploads\/2025\/10\/SAVE_20251006_221555-696x120.jpg 696w, https:\/\/newsinfoco.com.br\/inicio\/wp-content\/uploads\/2025\/10\/SAVE_20251006_221555-1068x185.jpg 1068w\" sizes=\"(max-width: 1140px) 100vw, 1140px\" width=\"1140\" height=\"197\"   \/><\/a><\/div>\n<p style=\"text-align: justify;\"><span style=\"color: #000000;\">Por meio da coordena\u00e7\u00e3o do Programa Bolsa Fam\u00edlia, a SEMAS tem realizado busca ativa desde o in\u00edcio do ano, ou seja, indo at\u00e9 a resid\u00eancia dos idosos para realizar o cadastro ou atualiza\u00e7\u00e3o cadastral. No m\u00eas de Junho, a busca foi intensificada para que n\u00e3o haja perda do benef\u00edcio. No entanto, caso n\u00e3o tenha sido localizado pelos servidores, o favorecido deve procurar a secretaria ou um CRAS pr\u00f3ximo da sua resid\u00eancia o mais breve poss\u00edvel.<\/span><\/p>\n<p style=\"text-align: justify;\"><span style=\"color: #000000;\">Devido ao \u00edndice de benefici\u00e1rios ainda n\u00e3o cadastrados, no dia 8 de Agosto, ser\u00e1 realizada uma a\u00e7\u00e3o no bairro de Alagoinhas Velha, na sede da associa\u00e7\u00e3o, localizada na Pra\u00e7a da Rua da Palha, das 8h \u00e0s 15h. O primeiro bairro a receber a a\u00e7\u00e3o foi escolhido estrategicamente devido \u00e0 quantidade numerosa de benefici\u00e1rios n\u00e3o localizados.<\/span><\/p>\n<p style=\"text-align: justify;\"><span style=\"color: #000000;\">O favorecido ou respons\u00e1vel familiar deve apresentar os seguintes documentos de todos que moram na casa: Carteira de identidade, CPF, comprovante de resid\u00eancia, titulo de eleitor, carteira de trabalho, certid\u00e3o de nascimento ou casamento.<\/span><\/p>\n<h6 style=\"text-align: right;\"><span style=\"color: #999999;\">Fonte: SECOM SEMAS<\/span><\/h6>\n<div style=\"text-align: justify;\" align=\"right\"><\/div>\n<div class='share-to-whatsapp-wrapper'><div class='share-on-whsp'>Share on: <\/div><a data-text='Favorecidos pelo Benef\u00edcio de Presta\u00e7\u00e3o Continuada (BPC) t\u00eam at\u00e9 21 de dezembro para se cadastrar' data-link='https:\/\/newsinfoco.com.br\/inicio\/favorecidos-pelo-beneficio-de-prestacao-continuada-bpc-tem-ate-21-de-dezembro-para-se-cadastrar\/' class='whatsapp-button whatsapp-share'>WhatsApp<\/a><div class='clear '><\/div><\/div>","protected":false},"excerpt":{"rendered":"<p>At\u00e9 21 de dezembro, todos os idosos e pessoas com defici\u00eancia que recebem o Benef\u00edcio de Presta\u00e7\u00e3o Continuada (BPC) tamb\u00e9m conhecido como LOAS, do Governo Federal, devem se cadastrar ou atualizar as informa\u00e7\u00f5es no Cadastro \u00danico. Ap\u00f3s essa data, aqueles que n\u00e3o estiverem cadastrados perder\u00e3o o direito ao benef\u00edcio. A atualiza\u00e7\u00e3o ou cadastramento devem ser [&hellip;]<\/p>\n","protected":false},"author":1,"featured_media":629,"comment_status":"open","ping_status":"open","sticky":false,"template":"","format":"standard","meta":{"om_disable_all_campaigns":false,"_exactmetrics_skip_tracking":false,"_exactmetrics_sitenote_active":false,"_exactmetrics_sitenote_note":"","_exactmetrics_sitenote_category":0,"footnotes":""},"categories":[38,30],"tags":[53,54,120],"class_list":["post-7329","post","type-post","status-publish","format-standard","has-post-thumbnail","hentry","category-alagoinhas-e-regiao","category-destaque","tag-alagoinhas","tag-prefeitura","tag-secom-semas"],"aioseo_notices":[],"_links":{"self":[{"href":"https:\/\/newsinfoco.com.br\/inicio\/wp-json\/wp\/v2\/posts\/7329","targetHints":{"allow":["GET"]}}],"collection":[{"href":"https:\/\/newsinfoco.com.br\/inicio\/wp-json\/wp\/v2\/posts"}],"about":[{"href":"https:\/\/newsinfoco.com.br\/inicio\/wp-json\/wp\/v2\/types\/post"}],"author":[{"embeddable":true,"href":"https:\/\/newsinfoco.com.br\/inicio\/wp-json\/wp\/v2\/users\/1"}],"replies":[{"embeddable":true,"href":"https:\/\/newsinfoco.com.br\/inicio\/wp-json\/wp\/v2\/comments?post=7329"}],"version-history":[{"count":0,"href":"https:\/\/newsinfoco.com.br\/inicio\/wp-json\/wp\/v2\/posts\/7329\/revisions"}],"wp:featuredmedia":[{"embeddable":true,"href":"https:\/\/newsinfoco.com.br\/inicio\/wp-json\/wp\/v2\/media\/629"}],"wp:attachment":[{"href":"https:\/\/newsinfoco.com.br\/inicio\/wp-json\/wp\/v2\/media?parent=7329"}],"wp:term":[{"taxonomy":"category","embeddable":true,"href":"https:\/\/newsinfoco.com.br\/inicio\/wp-json\/wp\/v2\/categories?post=7329"},{"taxonomy":"post_tag","embeddable":true,"href":"https:\/\/newsinfoco.com.br\/inicio\/wp-json\/wp\/v2\/tags?post=7329"}],"curies":[{"name":"wp","href":"https:\/\/api.w.org\/{rel}","templated":true}]}}