{"id":7334,"date":"2018-07-27T20:14:20","date_gmt":"2018-07-27T23:14:20","guid":{"rendered":"http:\/\/newsinfoco.com.br\/?p=7334"},"modified":"2018-07-27T20:14:20","modified_gmt":"2018-07-27T23:14:20","slug":"prefeitura-de-alagoinhas-desenvolve-programa-de-aperfeicoamento-tecnico-para-servidores-municipais","status":"publish","type":"post","link":"https:\/\/newsinfoco.com.br\/inicio\/prefeitura-de-alagoinhas-desenvolve-programa-de-aperfeicoamento-tecnico-para-servidores-municipais\/","title":{"rendered":"Prefeitura de Alagoinhas desenvolve programa de aperfei\u00e7oamento t\u00e9cnico para servidores municipais"},"content":{"rendered":"<p style=\"text-align: justify;\"><span style=\"color: #000000;\">Atendendo ao Planejamento Estrat\u00e9gico Municipal 2017\/2020, a Prefeitura Municipal de Alagoinhas, por interm\u00e9dio da Controladoria Geral do Munic\u00edpio (COGER) definiu um cronograma de aperfei\u00e7oamento t\u00e9cnico para o servidor p\u00fablico municipal, ministrado pela pr\u00f3pria equipe da COGER e convidados. Com objetivo de compartilhar o conhecimento e aproveitar a qualifica\u00e7\u00e3o profissional dos servidores formados em diversas \u00e1reas espec\u00edficas do direito administrativo como, forma\u00e7\u00e3o em contabilidade e administra\u00e7\u00e3o, p\u00f3s gradua\u00e7\u00e3o em controladoria interna, dentre outros.<\/span><\/p>\n<p style=\"text-align: justify;\"><span style=\"color: #000000;\">J\u00e1 nesta quarta-feira (1\u00ba) ser\u00e1 ministrada palestra sobre \u201cComo responder notifica\u00e7\u00f5es mensais e anuais do TCM\/BA\u201d, no audit\u00f3rio da Secretaria Municipal de Desenvolvimento Econ\u00f4mico e Meio Ambiente (SEDEA) das 8h \u00e0s 17h. Foram convidados, Daniel Grave (secret\u00e1rio municipal da fazenda), Leila Vila Flor (controladora geral), Andr\u00e9 Lisboa (auditor cont\u00e1bil), Wellington Ara\u00fajo (auditor cont\u00e1bil), Lessyvaldo Dias da Silva (Gradus \u2013 Assessoria e Consultoria) para conduzirem as palestras.<\/span><\/p><div class=\"newsi-conteudo_19\" id=\"newsi-2586102764\"><a href=\"https:\/\/www.instagram.com\/prefeituraalagoinhas?igsh=YzgzdDJ1bWR3aWI4\" aria-label=\"SAVE_20251006_221555\"><img loading=\"lazy\" decoding=\"async\" src=\"https:\/\/newsinfoco.com.br\/inicio\/wp-content\/uploads\/2025\/10\/SAVE_20251006_221555-rotated.jpg\" alt=\"\"  srcset=\"https:\/\/newsinfoco.com.br\/inicio\/wp-content\/uploads\/2025\/10\/SAVE_20251006_221555-rotated.jpg 1140w, https:\/\/newsinfoco.com.br\/inicio\/wp-content\/uploads\/2025\/10\/SAVE_20251006_221555-300x52.jpg 300w, https:\/\/newsinfoco.com.br\/inicio\/wp-content\/uploads\/2025\/10\/SAVE_20251006_221555-1024x177.jpg 1024w, https:\/\/newsinfoco.com.br\/inicio\/wp-content\/uploads\/2025\/10\/SAVE_20251006_221555-768x133.jpg 768w, https:\/\/newsinfoco.com.br\/inicio\/wp-content\/uploads\/2025\/10\/SAVE_20251006_221555-600x104.jpg 600w, https:\/\/newsinfoco.com.br\/inicio\/wp-content\/uploads\/2025\/10\/SAVE_20251006_221555-696x120.jpg 696w, https:\/\/newsinfoco.com.br\/inicio\/wp-content\/uploads\/2025\/10\/SAVE_20251006_221555-1068x185.jpg 1068w\" sizes=\"(max-width: 1140px) 100vw, 1140px\" width=\"1140\" height=\"197\"   \/><\/a><\/div>\n<p style=\"text-align: justify;\"><span style=\"color: #000000;\">Servindo de modelo para outros munic\u00edpios, a gest\u00e3o adota uma postura pioneira de qualifica\u00e7\u00e3o e valoriza\u00e7\u00e3o profissional com custo zero. \u201cEu considero muito importante investir na efici\u00eancia dos processos e, claro, nos profissionais porque s\u00e3o eles que fazem a diferen\u00e7a. Fico muito feliz de ver a equipe adotando solu\u00e7\u00f5es criativas e econ\u00f4micas para melhorar ainda mais os resultados\u201d, pontuou Joaquim Neto. O cronograma de atividades foi compartilhado com o TCM\/BA \u00a0e demais munic\u00edpios da regi\u00e3o com inten\u00e7\u00e3o de formar parcerias e tamb\u00e9m ser refer\u00eancia em pr\u00e1ticas administrativas<\/span><\/p>\n<h6 style=\"text-align: right;\"><span style=\"color: #999999;\">Fonte: SECOM SEDEA COGER<\/span><\/h6>\n<div class='share-to-whatsapp-wrapper'><div class='share-on-whsp'>Share on: <\/div><a data-text='Prefeitura de Alagoinhas desenvolve programa de aperfei\u00e7oamento t\u00e9cnico para servidores municipais' data-link='https:\/\/newsinfoco.com.br\/inicio\/prefeitura-de-alagoinhas-desenvolve-programa-de-aperfeicoamento-tecnico-para-servidores-municipais\/' class='whatsapp-button whatsapp-share'>WhatsApp<\/a><div class='clear '><\/div><\/div>","protected":false},"excerpt":{"rendered":"<p>Atendendo ao Planejamento Estrat\u00e9gico Municipal 2017\/2020, a Prefeitura Municipal de Alagoinhas, por interm\u00e9dio da Controladoria Geral do Munic\u00edpio (COGER) definiu um cronograma de aperfei\u00e7oamento t\u00e9cnico para o servidor p\u00fablico municipal, ministrado pela pr\u00f3pria equipe da COGER e convidados. Com objetivo de compartilhar o conhecimento e aproveitar a qualifica\u00e7\u00e3o profissional dos servidores formados em diversas \u00e1reas [&hellip;]<\/p>\n","protected":false},"author":1,"featured_media":7335,"comment_status":"open","ping_status":"open","sticky":false,"template":"","format":"standard","meta":{"om_disable_all_campaigns":false,"_exactmetrics_skip_tracking":false,"_exactmetrics_sitenote_active":false,"_exactmetrics_sitenote_note":"","_exactmetrics_sitenote_category":0,"footnotes":""},"categories":[38,30],"tags":[53,71,54,130],"class_list":["post-7334","post","type-post","status-publish","format-standard","has-post-thumbnail","hentry","category-alagoinhas-e-regiao","category-destaque","tag-alagoinhas","tag-coger","tag-prefeitura","tag-secom-sedea"],"aioseo_notices":[],"_links":{"self":[{"href":"https:\/\/newsinfoco.com.br\/inicio\/wp-json\/wp\/v2\/posts\/7334","targetHints":{"allow":["GET"]}}],"collection":[{"href":"https:\/\/newsinfoco.com.br\/inicio\/wp-json\/wp\/v2\/posts"}],"about":[{"href":"https:\/\/newsinfoco.com.br\/inicio\/wp-json\/wp\/v2\/types\/post"}],"author":[{"embeddable":true,"href":"https:\/\/newsinfoco.com.br\/inicio\/wp-json\/wp\/v2\/users\/1"}],"replies":[{"embeddable":true,"href":"https:\/\/newsinfoco.com.br\/inicio\/wp-json\/wp\/v2\/comments?post=7334"}],"version-history":[{"count":0,"href":"https:\/\/newsinfoco.com.br\/inicio\/wp-json\/wp\/v2\/posts\/7334\/revisions"}],"wp:featuredmedia":[{"embeddable":true,"href":"https:\/\/newsinfoco.com.br\/inicio\/wp-json\/wp\/v2\/media\/7335"}],"wp:attachment":[{"href":"https:\/\/newsinfoco.com.br\/inicio\/wp-json\/wp\/v2\/media?parent=7334"}],"wp:term":[{"taxonomy":"category","embeddable":true,"href":"https:\/\/newsinfoco.com.br\/inicio\/wp-json\/wp\/v2\/categories?post=7334"},{"taxonomy":"post_tag","embeddable":true,"href":"https:\/\/newsinfoco.com.br\/inicio\/wp-json\/wp\/v2\/tags?post=7334"}],"curies":[{"name":"wp","href":"https:\/\/api.w.org\/{rel}","templated":true}]}}