{"id":7337,"date":"2018-07-27T20:19:38","date_gmt":"2018-07-27T23:19:38","guid":{"rendered":"http:\/\/newsinfoco.com.br\/?p=7337"},"modified":"2018-07-27T20:19:38","modified_gmt":"2018-07-27T23:19:38","slug":"dia-municipal-de-mobilizacao-para-a-vacinacao-movimentou-ubss-em-alagoinhas","status":"publish","type":"post","link":"https:\/\/newsinfoco.com.br\/inicio\/dia-municipal-de-mobilizacao-para-a-vacinacao-movimentou-ubss-em-alagoinhas\/","title":{"rendered":"Dia Municipal de Mobiliza\u00e7\u00e3o para a Vacina\u00e7\u00e3o movimentou UBSs em Alagoinhas"},"content":{"rendered":"<p style=\"text-align: justify;\"><span style=\"color: #000000;\">As Unidades B\u00e1sicas de Sa\u00fade (UBSs) de Alagoinhas tiveram um dia movimentado nesta sexta-feira (27) por conta do Dia Municipal de Mobiliza\u00e7\u00e3o para a Vacina\u00e7\u00e3o.Todas as 34 unidades foram abertas exclusivamente \u00a0para que crian\u00e7as de 1 a menos de 5 anos tivessem a caderneta colocada em dia.<\/span><\/p>\n<p style=\"text-align: justify;\"><span style=\"color: #000000;\">Segundo o secret\u00e1rio de Sa\u00fade, Moacir Lira, a for\u00e7a-tarefa foi organizada para \u00a0tentar diminuir os atrasos das vacinas recomendadas para esta faixa et\u00e1ria.\u201dAproveitamos esse chamamento para sensibilizar os pais a atualizarem a carteirinha dos filhos com as vacinas que est\u00e3o faltando. Em um mesmo dia, as crian\u00e7as podem receber v\u00e1rias doses\u201d, afirmou.<\/span><\/p><div class=\"newsi-conteudo_19\" id=\"newsi-3755719729\"><a href=\"https:\/\/www.instagram.com\/prefeituraalagoinhas?igsh=YzgzdDJ1bWR3aWI4\" aria-label=\"SAVE_20251006_221555\"><img loading=\"lazy\" decoding=\"async\" src=\"https:\/\/newsinfoco.com.br\/inicio\/wp-content\/uploads\/2025\/10\/SAVE_20251006_221555-rotated.jpg\" alt=\"\"  srcset=\"https:\/\/newsinfoco.com.br\/inicio\/wp-content\/uploads\/2025\/10\/SAVE_20251006_221555-rotated.jpg 1140w, https:\/\/newsinfoco.com.br\/inicio\/wp-content\/uploads\/2025\/10\/SAVE_20251006_221555-300x52.jpg 300w, https:\/\/newsinfoco.com.br\/inicio\/wp-content\/uploads\/2025\/10\/SAVE_20251006_221555-1024x177.jpg 1024w, https:\/\/newsinfoco.com.br\/inicio\/wp-content\/uploads\/2025\/10\/SAVE_20251006_221555-768x133.jpg 768w, https:\/\/newsinfoco.com.br\/inicio\/wp-content\/uploads\/2025\/10\/SAVE_20251006_221555-600x104.jpg 600w, https:\/\/newsinfoco.com.br\/inicio\/wp-content\/uploads\/2025\/10\/SAVE_20251006_221555-696x120.jpg 696w, https:\/\/newsinfoco.com.br\/inicio\/wp-content\/uploads\/2025\/10\/SAVE_20251006_221555-1068x185.jpg 1068w\" sizes=\"(max-width: 1140px) 100vw, 1140px\" width=\"1140\" height=\"197\"   \/><\/a><\/div>\n<p style=\"text-align: justify;\"><span style=\"color: #000000;\">Al\u00e9m da mobiliza\u00e7\u00e3o para a vacina\u00e7\u00e3o das crian\u00e7as, c\u00e3es e gatos tamb\u00e9m foram vacinados, como parte da campanha de Vacina\u00e7\u00e3o Antirr\u00e1bica, que segue at\u00e9 4 de agosto, em pontos definidos pelas Unidades de Sa\u00fade de cada \u00e1rea, e at\u00e9 dia 31 de julho, na zona rural.<\/span><\/p>\n<h6 style=\"text-align: right;\"><span style=\"color: #999999;\">Fonte: SECOM SESAU\u00a0<\/span><\/h6>\n<p style=\"text-align: justify;\">\n<div class='share-to-whatsapp-wrapper'><div class='share-on-whsp'>Share on: <\/div><a data-text='Dia Municipal de Mobiliza\u00e7\u00e3o para a Vacina\u00e7\u00e3o movimentou UBSs em Alagoinhas' data-link='https:\/\/newsinfoco.com.br\/inicio\/dia-municipal-de-mobilizacao-para-a-vacinacao-movimentou-ubss-em-alagoinhas\/' class='whatsapp-button whatsapp-share'>WhatsApp<\/a><div class='clear '><\/div><\/div>","protected":false},"excerpt":{"rendered":"<p>As Unidades B\u00e1sicas de Sa\u00fade (UBSs) de Alagoinhas tiveram um dia movimentado nesta sexta-feira (27) por conta do Dia Municipal de Mobiliza\u00e7\u00e3o para a Vacina\u00e7\u00e3o.Todas as 34 unidades foram abertas exclusivamente \u00a0para que crian\u00e7as de 1 a menos de 5 anos tivessem a caderneta colocada em dia. Segundo o secret\u00e1rio de Sa\u00fade, Moacir Lira, a [&hellip;]<\/p>\n","protected":false},"author":1,"featured_media":7338,"comment_status":"open","ping_status":"open","sticky":false,"template":"","format":"standard","meta":{"om_disable_all_campaigns":false,"_exactmetrics_skip_tracking":false,"_exactmetrics_sitenote_active":false,"_exactmetrics_sitenote_note":"","_exactmetrics_sitenote_category":0,"footnotes":""},"categories":[38,30],"tags":[53,54,101],"class_list":["post-7337","post","type-post","status-publish","format-standard","has-post-thumbnail","hentry","category-alagoinhas-e-regiao","category-destaque","tag-alagoinhas","tag-prefeitura","tag-secom-sesau"],"aioseo_notices":[],"_links":{"self":[{"href":"https:\/\/newsinfoco.com.br\/inicio\/wp-json\/wp\/v2\/posts\/7337","targetHints":{"allow":["GET"]}}],"collection":[{"href":"https:\/\/newsinfoco.com.br\/inicio\/wp-json\/wp\/v2\/posts"}],"about":[{"href":"https:\/\/newsinfoco.com.br\/inicio\/wp-json\/wp\/v2\/types\/post"}],"author":[{"embeddable":true,"href":"https:\/\/newsinfoco.com.br\/inicio\/wp-json\/wp\/v2\/users\/1"}],"replies":[{"embeddable":true,"href":"https:\/\/newsinfoco.com.br\/inicio\/wp-json\/wp\/v2\/comments?post=7337"}],"version-history":[{"count":0,"href":"https:\/\/newsinfoco.com.br\/inicio\/wp-json\/wp\/v2\/posts\/7337\/revisions"}],"wp:featuredmedia":[{"embeddable":true,"href":"https:\/\/newsinfoco.com.br\/inicio\/wp-json\/wp\/v2\/media\/7338"}],"wp:attachment":[{"href":"https:\/\/newsinfoco.com.br\/inicio\/wp-json\/wp\/v2\/media?parent=7337"}],"wp:term":[{"taxonomy":"category","embeddable":true,"href":"https:\/\/newsinfoco.com.br\/inicio\/wp-json\/wp\/v2\/categories?post=7337"},{"taxonomy":"post_tag","embeddable":true,"href":"https:\/\/newsinfoco.com.br\/inicio\/wp-json\/wp\/v2\/tags?post=7337"}],"curies":[{"name":"wp","href":"https:\/\/api.w.org\/{rel}","templated":true}]}}