{"id":7340,"date":"2018-07-27T20:22:43","date_gmt":"2018-07-27T23:22:43","guid":{"rendered":"http:\/\/newsinfoco.com.br\/?p=7340"},"modified":"2018-07-27T20:22:43","modified_gmt":"2018-07-27T23:22:43","slug":"operacao-tapa-buraco-tem-reforco-de-seis-novas-equipes","status":"publish","type":"post","link":"https:\/\/newsinfoco.com.br\/inicio\/operacao-tapa-buraco-tem-reforco-de-seis-novas-equipes\/","title":{"rendered":"Opera\u00e7\u00e3o Tapa-Buraco tem refor\u00e7o de seis novas equipes"},"content":{"rendered":"<p style=\"text-align: justify;\"><span style=\"color: #000000;\">O trabalho de recupera\u00e7\u00e3o das vias de Alagoinhas segue o planejamento elaborado pela prefeitura municipal, e est\u00e1 sendo intensificado na cidade.Para acelerar os servi\u00e7os, mais seis equipes foram incorporadas \u00e0s outras quatro que trabalham exclusivamente com tapa-buracos. De acordo com o secret\u00e1rio de Servi\u00e7os P\u00fablicos (SESEP), Harnoldo Azi, a prioridade ser\u00e1 melhorar as ruas e avenidas que possuem maior fluxo de carros e pedestres.<\/span><\/p>\n<p style=\"text-align: justify;\"><span style=\"color: #000000;\">Nesta sexta-feira(27), completam 15 dias que o trabalho de manuten\u00e7\u00e3o do piso da cidade passou ser realizado por meio de uma integra\u00e7\u00e3o entre a Secretaria de Infraestrutura(SECIN), Secretaria de Servi\u00e7os P\u00fablicos \u2013 SESEP, Servi\u00e7o Aut\u00f4nomo de \u00c1gua e Esgoto (SAAE) e Secretaria de Agricultura (SEMAG). De l\u00e1 para c\u00e1, j\u00e1 foram realizadas obras de tapa-buracos e repara\u00e7\u00e3o de manilhas no Miguel Velho, Santa Terezinha, Silva Jardim e margem da Linha do Barreiro. Nesta semana, foram iniciados os trabalhos na Baixa da Candeia e Teres\u00f3polis.<\/span><\/p><div class=\"newsi-conteudo_19\" id=\"newsi-954534308\"><a href=\"https:\/\/www.instagram.com\/prefeituraalagoinhas?igsh=YzgzdDJ1bWR3aWI4\" aria-label=\"SAVE_20251006_221555\"><img loading=\"lazy\" decoding=\"async\" src=\"https:\/\/newsinfoco.com.br\/inicio\/wp-content\/uploads\/2025\/10\/SAVE_20251006_221555-rotated.jpg\" alt=\"\"  srcset=\"https:\/\/newsinfoco.com.br\/inicio\/wp-content\/uploads\/2025\/10\/SAVE_20251006_221555-rotated.jpg 1140w, https:\/\/newsinfoco.com.br\/inicio\/wp-content\/uploads\/2025\/10\/SAVE_20251006_221555-300x52.jpg 300w, https:\/\/newsinfoco.com.br\/inicio\/wp-content\/uploads\/2025\/10\/SAVE_20251006_221555-1024x177.jpg 1024w, https:\/\/newsinfoco.com.br\/inicio\/wp-content\/uploads\/2025\/10\/SAVE_20251006_221555-768x133.jpg 768w, https:\/\/newsinfoco.com.br\/inicio\/wp-content\/uploads\/2025\/10\/SAVE_20251006_221555-600x104.jpg 600w, https:\/\/newsinfoco.com.br\/inicio\/wp-content\/uploads\/2025\/10\/SAVE_20251006_221555-696x120.jpg 696w, https:\/\/newsinfoco.com.br\/inicio\/wp-content\/uploads\/2025\/10\/SAVE_20251006_221555-1068x185.jpg 1068w\" sizes=\"(max-width: 1140px) 100vw, 1140px\" width=\"1140\" height=\"197\"   \/><\/a><\/div>\n<p style=\"text-align: justify;\">\n<p style=\"text-align: right;\">Fonte: SECOM<\/p>\n<div class='share-to-whatsapp-wrapper'><div class='share-on-whsp'>Share on: <\/div><a data-text='Opera\u00e7\u00e3o Tapa-Buraco tem refor\u00e7o de seis novas equipes' data-link='https:\/\/newsinfoco.com.br\/inicio\/operacao-tapa-buraco-tem-reforco-de-seis-novas-equipes\/' class='whatsapp-button whatsapp-share'>WhatsApp<\/a><div class='clear '><\/div><\/div>","protected":false},"excerpt":{"rendered":"<p>O trabalho de recupera\u00e7\u00e3o das vias de Alagoinhas segue o planejamento elaborado pela prefeitura municipal, e est\u00e1 sendo intensificado na cidade.Para acelerar os servi\u00e7os, mais seis equipes foram incorporadas \u00e0s outras quatro que trabalham exclusivamente com tapa-buracos. De acordo com o secret\u00e1rio de Servi\u00e7os P\u00fablicos (SESEP), Harnoldo Azi, a prioridade ser\u00e1 melhorar as ruas e [&hellip;]<\/p>\n","protected":false},"author":1,"featured_media":5013,"comment_status":"open","ping_status":"open","sticky":false,"template":"","format":"standard","meta":{"om_disable_all_campaigns":false,"_exactmetrics_skip_tracking":false,"_exactmetrics_sitenote_active":false,"_exactmetrics_sitenote_note":"","_exactmetrics_sitenote_category":0,"footnotes":""},"categories":[38,30],"tags":[53,54,139],"class_list":["post-7340","post","type-post","status-publish","format-standard","has-post-thumbnail","hentry","category-alagoinhas-e-regiao","category-destaque","tag-alagoinhas","tag-prefeitura","tag-secom-sesep"],"aioseo_notices":[],"_links":{"self":[{"href":"https:\/\/newsinfoco.com.br\/inicio\/wp-json\/wp\/v2\/posts\/7340","targetHints":{"allow":["GET"]}}],"collection":[{"href":"https:\/\/newsinfoco.com.br\/inicio\/wp-json\/wp\/v2\/posts"}],"about":[{"href":"https:\/\/newsinfoco.com.br\/inicio\/wp-json\/wp\/v2\/types\/post"}],"author":[{"embeddable":true,"href":"https:\/\/newsinfoco.com.br\/inicio\/wp-json\/wp\/v2\/users\/1"}],"replies":[{"embeddable":true,"href":"https:\/\/newsinfoco.com.br\/inicio\/wp-json\/wp\/v2\/comments?post=7340"}],"version-history":[{"count":0,"href":"https:\/\/newsinfoco.com.br\/inicio\/wp-json\/wp\/v2\/posts\/7340\/revisions"}],"wp:featuredmedia":[{"embeddable":true,"href":"https:\/\/newsinfoco.com.br\/inicio\/wp-json\/wp\/v2\/media\/5013"}],"wp:attachment":[{"href":"https:\/\/newsinfoco.com.br\/inicio\/wp-json\/wp\/v2\/media?parent=7340"}],"wp:term":[{"taxonomy":"category","embeddable":true,"href":"https:\/\/newsinfoco.com.br\/inicio\/wp-json\/wp\/v2\/categories?post=7340"},{"taxonomy":"post_tag","embeddable":true,"href":"https:\/\/newsinfoco.com.br\/inicio\/wp-json\/wp\/v2\/tags?post=7340"}],"curies":[{"name":"wp","href":"https:\/\/api.w.org\/{rel}","templated":true}]}}